{"id":1067,"date":"2012-07-05T09:29:18","date_gmt":"2012-07-05T14:29:18","guid":{"rendered":"http:\/\/mtn-togo.org\/?p=1067"},"modified":"2012-07-05T12:44:55","modified_gmt":"2012-07-05T17:44:55","slug":"jean-pierre-fabre-recu-ce-mercredi-04-juillet-2012-a-lelysee","status":"publish","type":"post","link":"http:\/\/mtn-togo.org\/?p=1067","title":{"rendered":"Jean-Pierre FABRE re\u00e7u ce mercredi 04 juillet 2012 \u00e0 l\u2019Elys\u00e9e.Une cons\u00e9cration ?"},"content":{"rendered":"<p><a href=\"http:\/\/mtn-togo.org\/wp-content\/uploads\/2012\/07\/Francois-Hollande.jpg\"><img loading=\"lazy\" class=\"alignleft size-medium wp-image-1072\" title=\"Francois-Hollande\" src=\"http:\/\/mtn-togo.org\/wp-content\/uploads\/2012\/07\/Francois-Hollande-300x200.jpg\" alt=\"\" width=\"300\" height=\"200\" srcset=\"http:\/\/mtn-togo.org\/wp-content\/uploads\/2012\/07\/Francois-Hollande-300x200.jpg 300w, http:\/\/mtn-togo.org\/wp-content\/uploads\/2012\/07\/Francois-Hollande.jpg 630w\" sizes=\"(max-width: 300px) 100vw, 300px\" \/><\/a>Le Pr\u00e9sident de l\u2019Alliance Nationale pour le Changement (ANC), Jean-Pierre FABRE, a \u00e9t\u00e9 re\u00e7u ce mercredi 04 juillet 2012 \u00e0 l\u2019\u00c9lys\u00e9e par Monsieur Thomas MELONIO, Conseiller Afrique du Pr\u00e9sident de la R\u00e9publique Fran\u00e7aise.<\/p>\n<p><!--more-->Lors de l\u2019entretien, Jean-Pierre FABRE a inform\u00e9 le Conseiller du Pr\u00e9sident de la R\u00e9publique Fran\u00e7aise de\u00a0 la r\u00e9alit\u00e9 de la crise togolaise. Il a insist\u00e9 sur la situation actuelle de tension, qui r\u00e9sulte des violations r\u00e9p\u00e9t\u00e9es de la Constitution, des Lois de la R\u00e9publique et des droits de l\u2019Homme par le r\u00e9gime RPT ainsi que de l\u2019ent\u00eatement de celui-ci \u00e0 vouloir\u00a0 organiser des \u00e9lections frauduleuses malgr\u00e9 les mises en gardes des partis politiques et de la Soci\u00e9t\u00e9 civile, et l\u2019hostilit\u00e9 des populations togolaises<\/p>\n","protected":false},"excerpt":{"rendered":"<p>Le Pr\u00e9sident de l\u2019Alliance Nationale pour le Changement (ANC), Jean-Pierre FABRE, a \u00e9t\u00e9 re\u00e7u ce mercredi 04 juillet 2012 \u00e0 l\u2019\u00c9lys\u00e9e par Monsieur Thomas MELONIO, Conseiller Afrique du Pr\u00e9sident de la R\u00e9publique Fran\u00e7aise.<\/p>\n","protected":false},"author":7,"featured_media":0,"comment_status":"closed","ping_status":"open","sticky":false,"template":"","format":"standard","meta":[],"categories":[1],"tags":[27],"_links":{"self":[{"href":"http:\/\/mtn-togo.org\/index.php?rest_route=\/wp\/v2\/posts\/1067"}],"collection":[{"href":"http:\/\/mtn-togo.org\/index.php?rest_route=\/wp\/v2\/posts"}],"about":[{"href":"http:\/\/mtn-togo.org\/index.php?rest_route=\/wp\/v2\/types\/post"}],"author":[{"embeddable":true,"href":"http:\/\/mtn-togo.org\/index.php?rest_route=\/wp\/v2\/users\/7"}],"replies":[{"embeddable":true,"href":"http:\/\/mtn-togo.org\/index.php?rest_route=%2Fwp%2Fv2%2Fcomments&post=1067"}],"version-history":[{"count":8,"href":"http:\/\/mtn-togo.org\/index.php?rest_route=\/wp\/v2\/posts\/1067\/revisions"}],"predecessor-version":[{"id":1077,"href":"http:\/\/mtn-togo.org\/index.php?rest_route=\/wp\/v2\/posts\/1067\/revisions\/1077"}],"wp:attachment":[{"href":"http:\/\/mtn-togo.org\/index.php?rest_route=%2Fwp%2Fv2%2Fmedia&parent=1067"}],"wp:term":[{"taxonomy":"category","embeddable":true,"href":"http:\/\/mtn-togo.org\/index.php?rest_route=%2Fwp%2Fv2%2Fcategories&post=1067"},{"taxonomy":"post_tag","embeddable":true,"href":"http:\/\/mtn-togo.org\/index.php?rest_route=%2Fwp%2Fv2%2Ftags&post=1067"}],"curies":[{"name":"wp","href":"https:\/\/api.w.org\/{rel}","templated":true}]}}