{"id":1078,"date":"2012-07-06T09:53:27","date_gmt":"2012-07-06T14:53:27","guid":{"rendered":"http:\/\/mtn-togo.org\/?p=1078"},"modified":"2012-07-06T16:14:37","modified_gmt":"2012-07-06T21:14:37","slug":"yark-et-monpion-repriment-violemment-un-sit-in-devant-lambassade-de-france","status":"publish","type":"post","link":"http:\/\/mtn-togo.org\/?p=1078","title":{"rendered":"Yark et Monpion r\u00e9priment violemment un sit-in du CST devant l&#8217;ambassade de France"},"content":{"rendered":"<p><a href=\"http:\/\/mtn-togo.org\/wp-content\/uploads\/2012\/07\/manif-cst-repression-policiere.jpg\"><img loading=\"lazy\" class=\"alignleft size-medium wp-image-1086\" title=\"Repression polici\u00e8re de la manif du CST\" src=\"http:\/\/mtn-togo.org\/wp-content\/uploads\/2012\/07\/manif-cst-repression-policiere-300x199.jpg\" alt=\"\" width=\"300\" height=\"199\" srcset=\"http:\/\/mtn-togo.org\/wp-content\/uploads\/2012\/07\/manif-cst-repression-policiere-300x199.jpg 300w, http:\/\/mtn-togo.org\/wp-content\/uploads\/2012\/07\/manif-cst-repression-policiere.jpg 590w\" sizes=\"(max-width: 300px) 100vw, 300px\" \/><\/a>Au lendemain de la rencontre \u00e0 l&#8217;\u00c9lys\u00e9e entre Jean-Pierre Fabre, pr\u00e9sident national de l&#8217;ANC,\u00a0 et le conseiller Afrique de Fran\u00e7ois Hollande, Monsieur Thomas MELONIO, les sinistres\u00a0 hommes\u00a0 de main de Faure Gnassingb\u00e9, Yark , Monpoin et Sama n&#8217;ont pas h\u00e9sit\u00e9 \u00e0 r\u00e9primer violemment les manifestants du CST\u00a0 qui se sont repli\u00e9s devant l\u2019Ambassade de France. <!--more-->Ils \u00e9taient camp\u00e9s devant l\u2019Ambassade pour un sit-in improvis\u00e9 et tout se d\u00e9roulait sans animosit\u00e9 particuli\u00e8re. L\u2019ambiance \u00e9tait entretenue par la fanfare et par les femmes qui entonnaient des chants du terroir et du gospel. Les manifestants se sont repli\u00e9s devant l&#8217;ambassade de France lorsque\u00a0 les\u00a0\u00a0acc\u00e8s au terrain du stade de B\u00e9niglato, o\u00f9 \u00e9tait pr\u00e9vu un meeting, leur \u00e9taient refus\u00e9s pour une deuxi\u00e8me fois cons\u00e9cutive.<\/p>\n<p>\u00ab\u00a0Faure d\u00e9mission\u00a0\u00bb, \u00ab\u00a0Faure d\u00e9mission\u00a0\u00bb, \u00ab\u00a0Faure d\u00e9mission\u00a0\u00bb, et \u00ab\u00a0Fran\u00e7ois Hollande au secours\u00a0\u00bb, \u00ab\u00a0Fran\u00e7ois Hollande au secours\u00a0\u00bb, \u00ab\u00a0Fran\u00e7ois Hollande au secours\u00a0\u00bb scandaient la foule\u00a0.<br \/>\nSur ordre de Yark, Monpion et Sama, les \u00e9l\u00e9ments de forces de la gendarmerie et de la police ont charg\u00e9 brulatement les manifestants faisant plusieurs bless\u00e9s.<\/p>\n<p>Des bless\u00e9s graves , des disparutions et arrestations sont \u00e0 signaler\u00a0 apr\u00e8s la r\u00e9pression sanglante.<\/p>\n<p>La mobilisation du peuple togolais ne faiblit pas. Les signes avant coureur d&#8217;un pouvoir en d\u00e9cadence sont visibles. Le pouvoir de Faure Gnassingb\u00e9 ne tient plus qu&#8217;\u00e0 un fil.Le printemps togolais est \u00e0 l&#8217;oeuvre !<\/p>\n<p>&nbsp;<\/p>\n","protected":false},"excerpt":{"rendered":"<p>Au lendemain de la rencontre \u00e0 l&#8217;\u00c9lys\u00e9e entre Jean-Pierre Fabre, pr\u00e9sident national de l&#8217;ANC,\u00a0 et le conseiller Afrique de Fran\u00e7ois Hollande, Monsieur Thomas MELONIO, les sinistres\u00a0 hommes\u00a0 de main de Faure Gnassingb\u00e9, Yark , Monpoin et Sama n&#8217;ont pas h\u00e9sit\u00e9 \u00e0 r\u00e9primer violemment les manifestants du CST\u00a0 qui se sont repli\u00e9s devant l\u2019Ambassade de France.<\/p>\n","protected":false},"author":7,"featured_media":0,"comment_status":"closed","ping_status":"open","sticky":false,"template":"","format":"standard","meta":[],"categories":[1],"tags":[],"_links":{"self":[{"href":"http:\/\/mtn-togo.org\/index.php?rest_route=\/wp\/v2\/posts\/1078"}],"collection":[{"href":"http:\/\/mtn-togo.org\/index.php?rest_route=\/wp\/v2\/posts"}],"about":[{"href":"http:\/\/mtn-togo.org\/index.php?rest_route=\/wp\/v2\/types\/post"}],"author":[{"embeddable":true,"href":"http:\/\/mtn-togo.org\/index.php?rest_route=\/wp\/v2\/users\/7"}],"replies":[{"embeddable":true,"href":"http:\/\/mtn-togo.org\/index.php?rest_route=%2Fwp%2Fv2%2Fcomments&post=1078"}],"version-history":[{"count":12,"href":"http:\/\/mtn-togo.org\/index.php?rest_route=\/wp\/v2\/posts\/1078\/revisions"}],"predecessor-version":[{"id":1080,"href":"http:\/\/mtn-togo.org\/index.php?rest_route=\/wp\/v2\/posts\/1078\/revisions\/1080"}],"wp:attachment":[{"href":"http:\/\/mtn-togo.org\/index.php?rest_route=%2Fwp%2Fv2%2Fmedia&parent=1078"}],"wp:term":[{"taxonomy":"category","embeddable":true,"href":"http:\/\/mtn-togo.org\/index.php?rest_route=%2Fwp%2Fv2%2Fcategories&post=1078"},{"taxonomy":"post_tag","embeddable":true,"href":"http:\/\/mtn-togo.org\/index.php?rest_route=%2Fwp%2Fv2%2Ftags&post=1078"}],"curies":[{"name":"wp","href":"https:\/\/api.w.org\/{rel}","templated":true}]}}