{"id":1108,"date":"2012-07-11T09:14:16","date_gmt":"2012-07-11T14:14:16","guid":{"rendered":"http:\/\/mtn-togo.org\/?p=1108"},"modified":"2012-07-11T09:26:23","modified_gmt":"2012-07-11T14:26:23","slug":"le-cst-annonce-une-nouvelle-manifestion-le-dimanche-15-juillet-au-stade-oscar-anthony-de-beniglato","status":"publish","type":"post","link":"http:\/\/mtn-togo.org\/?p=1108","title":{"rendered":"Le CST annonce une nouvelle manifestion  le dimanche 15 juillet au stade Oscar Anthony de B\u00e9niglato"},"content":{"rendered":"<div>\u00a0<a href=\"http:\/\/mtn-togo.org\/wp-content\/uploads\/2012\/07\/CST.png\"><img loading=\"lazy\" class=\"alignleft  wp-image-1064\" title=\"CST\" src=\"http:\/\/mtn-togo.org\/wp-content\/uploads\/2012\/07\/CST-300x234.png\" alt=\"\" width=\"200\" height=\"134\" \/><\/a>les responsables du Collectif\u00a0 Sauvons le\u00a0 Togo ont annonc\u00e9 au cous d\u2019une conf\u00e9rence de presse organis\u00e9e lundi dernier au si\u00e8ge de la Ligue togolaise des droits de l\u2019Homme (LTDH), qu\u2019ils organisent\u00a0 ce dimanche 15 juillet\u00a0au\u00a0\u00a0stade Oscar Anthony\u00a0 un grand meeting\u00a0 de mobilisation malgr\u00e9 la repression judici\u00e8re et polici\u00e8re.<\/div>\n<div><!--more-->Me Ajavon Ata Zeus, le Coordinatuer du Collectif a d\u00e9clar\u00e9 :\u00ab\u00a0Nous demandons aux populations togolaises de se d\u00e9partir de la peur pour affronter courageusement la politique de terreur voulu et entretenue par le pouvoir en place\u00a0\u00bb. Il a de nouveau invit\u00e9 les populations togolaises\u00a0 \u00e0 se\u00ab\u00a0mobiliser pour se rendre massivement au meeting de sensibilisation et d&#8217;information sur sa plate-forme citoyenne pour un Togo d\u00e9mocratique le dimanche 15 juillet 2012 au stade Oscar Anthony de B\u00e9niglato \u00e0 partir de 14 heures\u00a0\u00bb.<\/div>\n<div>Le R\u00e9gime de Faure Gnassingb\u00e9 n&#8217;a de choix que faire des r\u00e9formes attendues autrement le printemps togolais l&#8217;emportera.<\/div>\n<div>\u00a0<\/div>\n","protected":false},"excerpt":{"rendered":"<p>\u00a0les responsables du Collectif\u00a0 Sauvons le\u00a0 Togo ont annonc\u00e9 au cous d\u2019une conf\u00e9rence de presse organis\u00e9e lundi dernier au si\u00e8ge de la Ligue togolaise des droits de l\u2019Homme (LTDH), qu\u2019ils organisent\u00a0 ce dimanche 15 juillet\u00a0au\u00a0\u00a0stade Oscar Anthony\u00a0 un grand meeting\u00a0 de mobilisation malgr\u00e9 la repression judici\u00e8re et polici\u00e8re.<\/p>\n","protected":false},"author":7,"featured_media":0,"comment_status":"closed","ping_status":"open","sticky":false,"template":"","format":"standard","meta":[],"categories":[8],"tags":[28],"_links":{"self":[{"href":"http:\/\/mtn-togo.org\/index.php?rest_route=\/wp\/v2\/posts\/1108"}],"collection":[{"href":"http:\/\/mtn-togo.org\/index.php?rest_route=\/wp\/v2\/posts"}],"about":[{"href":"http:\/\/mtn-togo.org\/index.php?rest_route=\/wp\/v2\/types\/post"}],"author":[{"embeddable":true,"href":"http:\/\/mtn-togo.org\/index.php?rest_route=\/wp\/v2\/users\/7"}],"replies":[{"embeddable":true,"href":"http:\/\/mtn-togo.org\/index.php?rest_route=%2Fwp%2Fv2%2Fcomments&post=1108"}],"version-history":[{"count":6,"href":"http:\/\/mtn-togo.org\/index.php?rest_route=\/wp\/v2\/posts\/1108\/revisions"}],"predecessor-version":[{"id":1110,"href":"http:\/\/mtn-togo.org\/index.php?rest_route=\/wp\/v2\/posts\/1108\/revisions\/1110"}],"wp:attachment":[{"href":"http:\/\/mtn-togo.org\/index.php?rest_route=%2Fwp%2Fv2%2Fmedia&parent=1108"}],"wp:term":[{"taxonomy":"category","embeddable":true,"href":"http:\/\/mtn-togo.org\/index.php?rest_route=%2Fwp%2Fv2%2Fcategories&post=1108"},{"taxonomy":"post_tag","embeddable":true,"href":"http:\/\/mtn-togo.org\/index.php?rest_route=%2Fwp%2Fv2%2Ftags&post=1108"}],"curies":[{"name":"wp","href":"https:\/\/api.w.org\/{rel}","templated":true}]}}