{"id":1135,"date":"2012-07-13T10:09:52","date_gmt":"2012-07-13T15:09:52","guid":{"rendered":"http:\/\/mtn-togo.org\/?p=1135"},"modified":"2012-07-13T19:50:40","modified_gmt":"2012-07-14T00:50:40","slug":"tractation-pour-la-nomination-dun-nouveau-premier-ministre-un-piege-a-con-pour-lopposition","status":"publish","type":"post","link":"http:\/\/mtn-togo.org\/?p=1135","title":{"rendered":"Tractation pour la nomination d&#8217;un nouveau Premier ministre: un pi\u00e8ge \u00e0 la con de Faure Gnassingb\u00e9 tendu \u00e0 l&#8217;opposition ?"},"content":{"rendered":"<p>Le Secr\u00e9taire G\u00e9n\u00e9ral de la Pr\u00e9sidence de la R\u00e9publique a adress\u00e9 aux formations politiques et aux organisations de la soci\u00e9t\u00e9 civile notamment l&#8217;ANC , le FRAC et le CST,une correspondance\u00a0 les invitant \u00e0 prendre part, le 13 juillet 2012 \u00e0 10 heures, \u00e0 une \u2018<em>\u2019rencontre d\u2019\u00e9changes<\/em>\u2019\u2019, dans le cadre des consultations auxquelles proc\u00e8de le Chef de l\u2019Etat, en vue de la formation d\u2019une nouvelle \u00e9quipe gouvernementale, suite \u00e0 la d\u00e9mission du Premier ministre et de son gouvernement.<\/p>\n<p><!--more-->En r\u00e9alit\u00e9, c&#8217;est un pi\u00e8ge \u00e0 con que\u00a0 Faure Gnassingb\u00e9 tend \u00e0 l&#8217;opposition et aux organisations de la soci\u00e9t\u00e9 civile pour court-circuiter la dynamique populaire enclench\u00e9e par le CST et le FRAC en vue d&#8217;exiger des r\u00e9formes profondes ou\u00a0 obtenir\u00a0la d\u00e9mission du pr\u00e9sident .<\/p>\n<p>Le CST l&#8217; a bien compris . C&#8217;est pourquoi dans sa d\u00e9claration rendue publique il \u00e9crit :&#8221;concernant l\u2019invitation faite, suite \u00e0 cette\u00a0 d\u00e9mission, par le Pr\u00e9sident de la R\u00e9publique que \u00ab\u00a0tous les courants repr\u00e9sentatifs de la soci\u00e9t\u00e9 togolaise soient associ\u00e9s \u00e0 la gestion des affaires publiques\u00a0\u00bb, le Collectif \u00ab\u00a0SAUVONS LE TOGO\u00a0\u00bb d\u00e9clare qu\u2019il n\u2019est en rien concern\u00e9 et qu\u2019aucune des entit\u00e9s qui en sont membres ne participera au nouveau gouvernement envisag\u00e9.<\/p>\n<p>Le Collectif \u00ab\u00a0SAUVONS LE TOGO\u00a0\u00bb invite les populations \u00e0 rester mobilis\u00e9es et \u00e0 participer massivement \u00e0 ses prochaines manifestations notamment au Grand meeting d\u2019information et de sensibilisation sur sa \u00ab\u00a0Plateforme citoyenne pour un Togo d\u00e9mocratique\u00a0\u00bb qu\u2019il organise le dimanche 15 juillet 2012, \u00e0 14 heures, au Stade Oscar Anthony de B\u00e8niglato, \u00e0 Lom\u00e9.&#8221;<\/p>\n<p>l&#8217;ANC va plus loin en posant des pr\u00e9alables \u00e0 la rencontre avec le Chef de l&#8217;\u00c9tat notamment de retour des d\u00e9put\u00e9s ANC \u00e0\u00a0 l&#8217;Assembl\u00e9e nationale , la libert\u00e9 de manifester et la cessation des brimades contre le Pr\u00e9sident Jean -Pierre Fabre.<\/p>\n<p>Les autres formations politiques\u00a0 et non des moindres gardent un mutisme douteux.Des noms circulent d\u00e9ja\u00a0o\u00f9 ils se\u00a0 bousculent pour prendre le job.Nous d\u00e9voileront leurs noms dans un prochain article.<\/p>\n<p>Les enjeux et les d\u00e9fis en perspective sont trop importants et vitaux\u00a0 pour ne laisser aucune place aux ambitions personnelles, \u00e0 la division, aux calculs politiciens, et\u00a0 l\u2019amateurisme : Nous soulignons entre autres\u00a0: Les profondes r\u00e9formes institutionnelles, constitutionnelles et \u00e9lectorales, l&#8217;organisation de fa\u00e7on cr\u00e9dible et transparente des \u00e9lections locales, l\u00e9gislatives et pr\u00e9sidentielles, l\u2019encasernement des oligarques militaires politiciens, l\u2019alternance politique , la relance \u00e9conomique, la lutte contre la paup\u00e9risation de la population \u00a0et l\u2019entr\u00e9e du Togo dans la modernit\u00e9 et la normalit\u00e9.<\/p>\n<p>Seules \u00a0la rue et la mobilisation populaire imposeront au r\u00e9gime d\u00e9cadent et fossilis\u00e9 de Faure Gnassingb\u00e9 et la caste de l\u2019oligarchie militaire, une transition n\u00e9goci\u00e9e pour l\u2019alternance et le changement au Togo<\/p>\n<p>Vincentey Ben Polar<\/p>\n","protected":false},"excerpt":{"rendered":"<p>Le Secr\u00e9taire G\u00e9n\u00e9ral de la Pr\u00e9sidence de la R\u00e9publique a adress\u00e9 aux formations politiques et aux organisations de la soci\u00e9t\u00e9 civile notamment l&#8217;ANC , le FRAC et le CST,une correspondance\u00a0 les invitant \u00e0 prendre part, le 13 juillet 2012 \u00e0 10 heures, \u00e0 une \u2018\u2019rencontre d\u2019\u00e9changes\u2019\u2019, dans le cadre des consultations auxquelles proc\u00e8de le Chef [&hellip;]<\/p>\n","protected":false},"author":7,"featured_media":0,"comment_status":"closed","ping_status":"open","sticky":false,"template":"","format":"standard","meta":[],"categories":[8,9],"tags":[],"_links":{"self":[{"href":"http:\/\/mtn-togo.org\/index.php?rest_route=\/wp\/v2\/posts\/1135"}],"collection":[{"href":"http:\/\/mtn-togo.org\/index.php?rest_route=\/wp\/v2\/posts"}],"about":[{"href":"http:\/\/mtn-togo.org\/index.php?rest_route=\/wp\/v2\/types\/post"}],"author":[{"embeddable":true,"href":"http:\/\/mtn-togo.org\/index.php?rest_route=\/wp\/v2\/users\/7"}],"replies":[{"embeddable":true,"href":"http:\/\/mtn-togo.org\/index.php?rest_route=%2Fwp%2Fv2%2Fcomments&post=1135"}],"version-history":[{"count":15,"href":"http:\/\/mtn-togo.org\/index.php?rest_route=\/wp\/v2\/posts\/1135\/revisions"}],"predecessor-version":[{"id":1137,"href":"http:\/\/mtn-togo.org\/index.php?rest_route=\/wp\/v2\/posts\/1135\/revisions\/1137"}],"wp:attachment":[{"href":"http:\/\/mtn-togo.org\/index.php?rest_route=%2Fwp%2Fv2%2Fmedia&parent=1135"}],"wp:term":[{"taxonomy":"category","embeddable":true,"href":"http:\/\/mtn-togo.org\/index.php?rest_route=%2Fwp%2Fv2%2Fcategories&post=1135"},{"taxonomy":"post_tag","embeddable":true,"href":"http:\/\/mtn-togo.org\/index.php?rest_route=%2Fwp%2Fv2%2Ftags&post=1135"}],"curies":[{"name":"wp","href":"https:\/\/api.w.org\/{rel}","templated":true}]}}