{"id":1175,"date":"2012-07-14T13:43:19","date_gmt":"2012-07-14T18:43:19","guid":{"rendered":"http:\/\/mtn-togo.org\/?p=1175"},"modified":"2012-07-16T15:04:06","modified_gmt":"2012-07-16T20:04:06","slug":"violence-des-forces-de-lordre-au-domicile-de-jean-pierre-fabre-plusieurs-blesses-graves","status":"publish","type":"post","link":"http:\/\/mtn-togo.org\/?p=1175","title":{"rendered":"Violence  des forces de l&#8217;ordre au domicile de Jean-Pierre Fabre: plusieurs bless\u00e9s graves"},"content":{"rendered":"<p><a href=\"http:\/\/mtn-togo.org\/wp-content\/uploads\/2012\/07\/anc-14-juillet-2012-grenades-domicile-fabre-02.jpg\"><img loading=\"lazy\" class=\"alignleft size-medium wp-image-1207\" title=\"SONY DSC\" src=\"http:\/\/mtn-togo.org\/wp-content\/uploads\/2012\/07\/anc-14-juillet-2012-grenades-domicile-fabre-02-300x199.jpg\" alt=\"\" width=\"300\" height=\"199\" srcset=\"http:\/\/mtn-togo.org\/wp-content\/uploads\/2012\/07\/anc-14-juillet-2012-grenades-domicile-fabre-02-300x199.jpg 300w, http:\/\/mtn-togo.org\/wp-content\/uploads\/2012\/07\/anc-14-juillet-2012-grenades-domicile-fabre-02.jpg 590w\" sizes=\"(max-width: 300px) 100vw, 300px\" \/><\/a>D\u00e8s\u00a0 bless\u00e9s graves sont d\u00e9nombr\u00e9s, suite \u00e0 la r\u00e9pression violente de la marche du FRAC de ce samedi 14 juillet\u00a0, orchestr\u00e9e par les forces dites \u00ab\u00a0de l\u2019ordre\u00a0\u00bb qui \u00a0ont violemment dispers\u00e9 les manifestants et lanc\u00e9 une chasse \u00e0 l\u2019homme dans les rues de Lom\u00e9 jusqu\u2019au domicile de Jean-Pierre Fabre.<!--more-->\u00a0Le v\u00e9hicule de Jean-Pierre Fabre\u00a0 a \u00e9t\u00e9 pris en\u00a0chasse et vis\u00e9 par les tirs.Sa maison est en \u00e9tat de si\u00e8ge sous\u00a0une pluie de grenades lacrymog\u00e8nes. Les forces du d\u00e9sordre ont d\u00e9fonc\u00e9 la porte et battu \u00e0 sang les habitants\u00a0 avec une violence inouie.Nous ne savons pas encore l&#8217;\u00e9tat dans lequel se trouve le leader de l&#8217;ANC et du FRAC. Nous y reviendrons.<\/p>\n<p>Vicentey Ben Polar<\/p>\n","protected":false},"excerpt":{"rendered":"<p>D\u00e8s\u00a0 bless\u00e9s graves sont d\u00e9nombr\u00e9s, suite \u00e0 la r\u00e9pression violente de la marche du FRAC de ce samedi 14 juillet\u00a0, orchestr\u00e9e par les forces dites \u00ab\u00a0de l\u2019ordre\u00a0\u00bb qui \u00a0ont violemment dispers\u00e9 les manifestants et lanc\u00e9 une chasse \u00e0 l\u2019homme dans les rues de Lom\u00e9 jusqu\u2019au domicile de Jean-Pierre Fabre.<\/p>\n","protected":false},"author":7,"featured_media":0,"comment_status":"closed","ping_status":"open","sticky":false,"template":"","format":"standard","meta":[],"categories":[1],"tags":[30],"_links":{"self":[{"href":"http:\/\/mtn-togo.org\/index.php?rest_route=\/wp\/v2\/posts\/1175"}],"collection":[{"href":"http:\/\/mtn-togo.org\/index.php?rest_route=\/wp\/v2\/posts"}],"about":[{"href":"http:\/\/mtn-togo.org\/index.php?rest_route=\/wp\/v2\/types\/post"}],"author":[{"embeddable":true,"href":"http:\/\/mtn-togo.org\/index.php?rest_route=\/wp\/v2\/users\/7"}],"replies":[{"embeddable":true,"href":"http:\/\/mtn-togo.org\/index.php?rest_route=%2Fwp%2Fv2%2Fcomments&post=1175"}],"version-history":[{"count":6,"href":"http:\/\/mtn-togo.org\/index.php?rest_route=\/wp\/v2\/posts\/1175\/revisions"}],"predecessor-version":[{"id":1178,"href":"http:\/\/mtn-togo.org\/index.php?rest_route=\/wp\/v2\/posts\/1175\/revisions\/1178"}],"wp:attachment":[{"href":"http:\/\/mtn-togo.org\/index.php?rest_route=%2Fwp%2Fv2%2Fmedia&parent=1175"}],"wp:term":[{"taxonomy":"category","embeddable":true,"href":"http:\/\/mtn-togo.org\/index.php?rest_route=%2Fwp%2Fv2%2Fcategories&post=1175"},{"taxonomy":"post_tag","embeddable":true,"href":"http:\/\/mtn-togo.org\/index.php?rest_route=%2Fwp%2Fv2%2Ftags&post=1175"}],"curies":[{"name":"wp","href":"https:\/\/api.w.org\/{rel}","templated":true}]}}