{"id":1203,"date":"2012-07-16T14:56:41","date_gmt":"2012-07-16T19:56:41","guid":{"rendered":"http:\/\/mtn-togo.org\/?p=1203"},"modified":"2012-07-16T18:01:32","modified_gmt":"2012-07-16T23:01:32","slug":"la-cpp-dedem-kodjo-dit-oui-a-lentree-au-gouvernement-de-faure-gnassingbe","status":"publish","type":"post","link":"http:\/\/mtn-togo.org\/?p=1203","title":{"rendered":"La CPP d&#8217;Edem Kodjo dit oui \u00e0 l&#8217;entr\u00e9e au nouveau gouvernement en gestation de Faure Gnassingb\u00e9"},"content":{"rendered":"<p><a href=\"http:\/\/mtn-togo.org\/wp-content\/uploads\/2012\/07\/Francis-Ekon-pr\u00e9sident-de-la-CPP.jpg\"><img loading=\"lazy\" class=\"alignleft size-thumbnail wp-image-1204\" title=\"Francis Ekon  pr\u00e9sident de la CPP\" src=\"http:\/\/mtn-togo.org\/wp-content\/uploads\/2012\/07\/Francis-Ekon-pr\u00e9sident-de-la-CPP-150x150.jpg\" alt=\"\" width=\"150\" height=\"150\" \/><\/a>\u00abLa Convergence Patriotique Panafricaine (CPP, opposition), est contre la politique de la chaise de vide. Nous ne trouvons aucun inconv\u00e9nient \u00e0 participer \u00e0 un gouvernement de mission pour conduire le pays \u00e0 des \u00e9lections accept\u00e9es par tous\u00bb, a d\u00e9clar\u00e9 lundi Francis Ekon (photo), le pr\u00e9sident de cette formation.<\/p>\n<p><!--more--><!--more-->Si la mission est clairement d\u00e9finie et qu\u2019on nous demande de faire quelque chose pour arriver \u00e0 des \u00e9lections d\u00e9mocratiques transparentes, que ce soit la CPP\u00a0ou un autre parti politique, on souhaite que la personne qui est sollicit\u00e9e accepte jouer le r\u00f4le en toute transparence et honn\u00eatet\u00e9 en ayant \u00e0 l\u2019id\u00e9e de faire en sorte que les choses r\u00e9ussissent au pays\u00bb, a ajout\u00e9 M. Ekon<\/p>\n<p>Notons que le fondateur de cette formation politique, M Edem\u00a0Kodjo\u00a0a \u00e9t\u00e9 l&#8217;un des concepteurs du syst\u00e8me militaro fasciste du parti unique RPT\u00a0 et a servi fid\u00e8lement son pr\u00e9sident,le dictateur d\u00e9funt Gnassingb\u00e9 \u00c9yadema pendant de longues ann\u00e9es. Il a r\u00e9cidiv\u00e9 en soutenant \u00e0 fond le fils d&#8217;Eyadema, Faure\u00a0Gnassingb\u00e9 lors de\u00a0 son triple coup d&#8217;\u00c9tat constitutionnel, l\u00e9gislatif et militaire qui a occasionn\u00e9 le massacre des milliers de Togolais\u00a0en 2005. Il en est devenu son premier Premier\u00a0ministre apr\u00e8s l&#8217;avoir \u00e9t\u00e9 pour\u00a0 son p\u00e8re. Depuis son \u00e9viction du Palais de la Marina, il est devenu le conseiler\u00a0sp\u00e9cial de Faure\u00a0 Gnassingb\u00e9.<\/p>\n<p>Rien donc d&#8217;\u00e9tonnant pour la position exprim\u00e9e par sa formation politique.C&#8217;est le contraire qui nous aurait surpris.<\/p>\n<p>Vicentey Ben Polar<\/p>\n","protected":false},"excerpt":{"rendered":"<p>\u00abLa Convergence Patriotique Panafricaine (CPP, opposition), est contre la politique de la chaise de vide. Nous ne trouvons aucun inconv\u00e9nient \u00e0 participer \u00e0 un gouvernement de mission pour conduire le pays \u00e0 des \u00e9lections accept\u00e9es par tous\u00bb, a d\u00e9clar\u00e9 lundi Francis Ekon (photo), le pr\u00e9sident de cette formation.<\/p>\n","protected":false},"author":7,"featured_media":0,"comment_status":"closed","ping_status":"open","sticky":false,"template":"","format":"standard","meta":[],"categories":[9],"tags":[33],"_links":{"self":[{"href":"http:\/\/mtn-togo.org\/index.php?rest_route=\/wp\/v2\/posts\/1203"}],"collection":[{"href":"http:\/\/mtn-togo.org\/index.php?rest_route=\/wp\/v2\/posts"}],"about":[{"href":"http:\/\/mtn-togo.org\/index.php?rest_route=\/wp\/v2\/types\/post"}],"author":[{"embeddable":true,"href":"http:\/\/mtn-togo.org\/index.php?rest_route=\/wp\/v2\/users\/7"}],"replies":[{"embeddable":true,"href":"http:\/\/mtn-togo.org\/index.php?rest_route=%2Fwp%2Fv2%2Fcomments&post=1203"}],"version-history":[{"count":4,"href":"http:\/\/mtn-togo.org\/index.php?rest_route=\/wp\/v2\/posts\/1203\/revisions"}],"predecessor-version":[{"id":1206,"href":"http:\/\/mtn-togo.org\/index.php?rest_route=\/wp\/v2\/posts\/1203\/revisions\/1206"}],"wp:attachment":[{"href":"http:\/\/mtn-togo.org\/index.php?rest_route=%2Fwp%2Fv2%2Fmedia&parent=1203"}],"wp:term":[{"taxonomy":"category","embeddable":true,"href":"http:\/\/mtn-togo.org\/index.php?rest_route=%2Fwp%2Fv2%2Fcategories&post=1203"},{"taxonomy":"post_tag","embeddable":true,"href":"http:\/\/mtn-togo.org\/index.php?rest_route=%2Fwp%2Fv2%2Ftags&post=1203"}],"curies":[{"name":"wp","href":"https:\/\/api.w.org\/{rel}","templated":true}]}}