{"id":1245,"date":"2012-07-19T11:51:31","date_gmt":"2012-07-19T16:51:31","guid":{"rendered":"http:\/\/mtn-togo.org\/?p=1245"},"modified":"2012-07-20T16:46:56","modified_gmt":"2012-07-20T21:46:56","slug":"assaut-de-la-gendarmerie-contre-le-domicile-de-jean-pierre-fabre-les-resultats-de-lenquete-de-48h-exigee-par-faure-gnassingbe","status":"publish","type":"post","link":"http:\/\/mtn-togo.org\/?p=1245","title":{"rendered":"Assaut de la gendarmerie contre le domicile de Jean-Pierre Fabre: les r\u00e9sultats de l&#8217;enqu\u00eate de 48h exig\u00e9e par Faure Gnassingb\u00e9"},"content":{"rendered":"<p><a href=\"http:\/\/mtn-togo.org\/wp-content\/uploads\/2012\/07\/ministre-gnama-latta.jpg\"><img loading=\"lazy\" class=\"alignleft size-medium wp-image-1246\" title=\"ministre-gnama-latta\" src=\"http:\/\/mtn-togo.org\/wp-content\/uploads\/2012\/07\/ministre-gnama-latta-300x212.jpg\" alt=\"\" width=\"300\" height=\"212\" srcset=\"http:\/\/mtn-togo.org\/wp-content\/uploads\/2012\/07\/ministre-gnama-latta-300x212.jpg 300w, http:\/\/mtn-togo.org\/wp-content\/uploads\/2012\/07\/ministre-gnama-latta.jpg 509w\" sizes=\"(max-width: 300px) 100vw, 300px\" \/><\/a>Suite\u00a0\u00e0 l&#8217;assaut de la Gendarmerie et de la Police<span style=\"color: #455a87;\">\u00a0<\/span><span style=\"color: #455a87;\"> <span style=\"color: #c0c0c0;\"><span style=\"color: #000000;\">contre le \u00a0domicile du pr\u00e9sident de l\u2019Alliance nationale pour le changement (Anc), Jean Pierre\u00a0Fabre, le samedi 14 juillet 2012,\u00a0 qui fait plusieurs bless\u00e9s graves, le pr\u00e9sident Faure Gnassingb\u00e9 a somm\u00e9 le ministre de la s\u00e9curit\u00e9 d\u2019\u00e9tablir un rapport dans les 48 heures a compt\u00e9 du lundi 16 dimanche 2012. <\/span><\/span><\/span><\/p>\n<p><span style=\"color: #455a87;\"><span style=\"color: #c0c0c0;\"><span style=\"color: #000000;\"><!--more-->Le rapport a \u00e9t\u00e9 men\u00e9 et rendu public l\u2019apr\u00e8s midi du mercredi 18 juillet 2012 par ledit minist\u00e8re au cours d\u2019une conf\u00e9rence de presse. Selon le rapport, la responsabilit\u00e9 des agents des forces de s\u00e9curit\u00e9 a \u00e9t\u00e9 clairement \u00e9tablie<\/span>.<\/span> <\/span>Il n\u2019y a aucune \u00e9quivoque. Le domicile du pr\u00e9sident de l&#8217;Alliance nationale pour le changement (ANC, opposition) a subi le 14 juillet dernier des voies de fait imputables\u00a0\u00e0 des \u00e9l\u00e9ments des forces de l&#8217;ordre. C\u2019est ce qu\u2019a d\u00e9clar\u00e9, en substance, le ministre Gnama\u00a0Latta (photo), au terme de l&#8217;\u00a0enqu\u00eate de 48h\u00a0<\/p>\n<p>\u00a0\u00ab\u00a0Je\u00a0condamne fermement ces d\u00e9rapages intol\u00e9rables qui sont en violation totale des textes et ne correspondent nullement \u00e0 la noble mission assign\u00e9e aux forces de l&#8217;ordre\u00a0\u00bb, a-t-il d\u00e9clar\u00e9 mercredi. Sanctions imm\u00e9diates\u00a0: les 4 policiers fautifs ont \u00e9t\u00e9 mis aux arr\u00eats de rigueur pour 60 jours et passeront en conseil de discipline. En outre, les bless\u00e9s seront pris en charge par l\u2019Etat qui assumera tous les frais pour les soins.<\/p>\n<p>\u00a0Toutefois, le ministre Latta a reconnu que des provocations ont \u00e9t\u00e9 \u00e0 l\u2019origine des bavures polici\u00e8res. Ce qu\u2019il faut \u00e9viter prochainement<\/p>\n<p>\u00abJe suis loin d\u2019\u00eatre satisfait; il ne faudrait pas qu&#8217;on tente de sanctionner des lampistes\u00bb. R\u00e9action de Jean-Pierre Fabre, le leader de l\u2019ANC (opposition), jeudi au micro de RFI, apr\u00e8s l\u2019annonce par les autorit\u00e9s de sanctions contre les policiers responsables des incidents survenus le 14 juillet dernier \u00e0 son domicile.<\/p>\n<p>La condamnation du ministre de la S\u00e9curit\u00e9 est sans \u00e9quivoque\u00a0; il a parl\u00e9 de \u00ab\u00a0d\u00e9rapages intol\u00e9rables\u00a0\u00bb.<\/p>\n<p>M. Fabre, malgr\u00e9 tout, envisage de porter plainte contre les forces de l\u2019ordre.<\/p>\n<p>C&#8217;est la premi\u00e8re fois que le gouvernement reconna\u00eet formellement les bavures des agents des forces de l&#8217;ordre et promet des sanctions. Seulement la cha\u00eene de commandement n&#8217;a nullement \u00e9t\u00e9 inqui\u00e9t\u00e9e.\u00a04 Boucs \u00e9missaires ont \u00e9t\u00e9 trouv\u00e9s pour tromper l&#8217;opinion publique.\u00a0\u00a0<\/p>\n<p>Vincentey Ben Polar<\/p>\n<p>&nbsp;<\/p>\n","protected":false},"excerpt":{"rendered":"<p>Suite\u00a0\u00e0 l&#8217;assaut de la Gendarmerie et de la Police\u00a0 contre le \u00a0domicile du pr\u00e9sident de l\u2019Alliance nationale pour le changement (Anc), Jean Pierre\u00a0Fabre, le samedi 14 juillet 2012,\u00a0 qui fait plusieurs bless\u00e9s graves, le pr\u00e9sident Faure Gnassingb\u00e9 a somm\u00e9 le ministre de la s\u00e9curit\u00e9 d\u2019\u00e9tablir un rapport dans les 48 heures a compt\u00e9 du lundi [&hellip;]<\/p>\n","protected":false},"author":7,"featured_media":0,"comment_status":"closed","ping_status":"open","sticky":false,"template":"","format":"standard","meta":[],"categories":[1],"tags":[],"_links":{"self":[{"href":"http:\/\/mtn-togo.org\/index.php?rest_route=\/wp\/v2\/posts\/1245"}],"collection":[{"href":"http:\/\/mtn-togo.org\/index.php?rest_route=\/wp\/v2\/posts"}],"about":[{"href":"http:\/\/mtn-togo.org\/index.php?rest_route=\/wp\/v2\/types\/post"}],"author":[{"embeddable":true,"href":"http:\/\/mtn-togo.org\/index.php?rest_route=\/wp\/v2\/users\/7"}],"replies":[{"embeddable":true,"href":"http:\/\/mtn-togo.org\/index.php?rest_route=%2Fwp%2Fv2%2Fcomments&post=1245"}],"version-history":[{"count":7,"href":"http:\/\/mtn-togo.org\/index.php?rest_route=\/wp\/v2\/posts\/1245\/revisions"}],"predecessor-version":[{"id":1248,"href":"http:\/\/mtn-togo.org\/index.php?rest_route=\/wp\/v2\/posts\/1245\/revisions\/1248"}],"wp:attachment":[{"href":"http:\/\/mtn-togo.org\/index.php?rest_route=%2Fwp%2Fv2%2Fmedia&parent=1245"}],"wp:term":[{"taxonomy":"category","embeddable":true,"href":"http:\/\/mtn-togo.org\/index.php?rest_route=%2Fwp%2Fv2%2Fcategories&post=1245"},{"taxonomy":"post_tag","embeddable":true,"href":"http:\/\/mtn-togo.org\/index.php?rest_route=%2Fwp%2Fv2%2Ftags&post=1245"}],"curies":[{"name":"wp","href":"https:\/\/api.w.org\/{rel}","templated":true}]}}