{"id":1271,"date":"2012-07-21T07:31:27","date_gmt":"2012-07-21T12:31:27","guid":{"rendered":"http:\/\/mtn-togo.org\/?p=1271"},"modified":"2012-07-23T09:08:03","modified_gmt":"2012-07-23T14:08:03","slug":"les-artistes-engages-du-togo-ont-cree-collectif-y-en-a-marre-etiame","status":"publish","type":"post","link":"http:\/\/mtn-togo.org\/?p=1271","title":{"rendered":"Les artistes engag\u00e9s du Togo ont cr\u00e9e le \u00abCollectif Y-en-a Marre, Etiam\u00e9\u00bb et ont adress\u00e9 une lettre de revendication \u00e0 Faure Gnassingb\u00e9 <iframe width=\"200\" height=\"160\" src=\"http:\/\/www.youtube.com\/embed\/u53Lp6ohIcY\" frameborder=\"0\" allowfullscreen><\/iframe>"},"content":{"rendered":"<p><a href=\"http:\/\/mtn-togo.org\/wp-content\/uploads\/2012\/07\/logo-yenamarre-Etiame.png\"><img loading=\"lazy\" class=\"alignleft size-full wp-image-1272\" title=\"logo-yenamarre-Etiame\" src=\"http:\/\/mtn-togo.org\/wp-content\/uploads\/2012\/07\/logo-yenamarre-Etiame.png\" alt=\"\" width=\"236\" height=\"186\" \/><\/a><\/p>\n<p><strong>\u00abCollectif Y-en-a Marre, Etiam\u00e9\u00bb<\/strong><br \/>\n<strong>SIEGE\u00a0SOCIAL, CENTRE CULTUREL DENYIGBA<\/strong><br \/>\n<strong>146, Rue Anima \u2013 Villa 195, Quartier Saint Joseph<\/strong><br \/>\n<strong>BP. 12160 Lom\u00e9 ; T\u00e9l : 90 82 77 90 \/ 99 46 00 31<\/strong><\/p>\n<p><strong>A Monsieur Faure\u00a0Essozimna\u00a0GNASSINGBE<\/strong><br \/>\n<strong>Pr\u00e9sident de la R\u00e9publique Togolaise<\/strong><br \/>\n<strong>Chef de l\u2019Etat \u2013 Chef du Gouvernement<\/strong><\/p>\n<p><strong>Lom\u00e9, le 17 juillet 2012<\/strong><\/p>\n<p>Objet : Revendications<\/p>\n<p><!--more-->Monsieur le Pr\u00e9sident,<br \/>\nLe \u00abCollectif Y-en-a Marre, Etiam\u00e9\u00bb, cr\u00e9\u00e9 dans une atmosph\u00e8re de crise profonde, tant dans<br \/>\nle secteur culturel que dans tous les secteurs de vie de la soci\u00e9t\u00e9 togolaise, a tenu une<br \/>\nassise extraordinaire r\u00e9unissant tous les artistes producteurs d\u2019oeuvres de valeurs<br \/>\nphilosophiques sensibilisant \u00e0 un monde de justice, d\u2019\u00e9quit\u00e9 et de bien \u00eatre social et a<br \/>\nr\u00e9pertori\u00e9 un nombre important de facteurs d\u00e9favorables \u00e0 l\u2019\u00e9mergence de la Culture au<br \/>\nTogo.<br \/>\nLe \u00abCollectif Y-en-a Marre, Etiam\u00e9\u00bb a ainsi d\u00e9nonc\u00e9 au rang des partenaires financiers tant<br \/>\npublics que priv\u00e9s, une volont\u00e9 d\u2019assujettissement de la pens\u00e9e cr\u00e9atrice, un formatage<br \/>\nsyst\u00e9matique des talents \u00e9mergents, contraints, par la censure \u00e9conomique de l\u2019Etat, \u00e0<br \/>\nabandonner tout discours critique et toute oeuvre portant les aspirations et id\u00e9aux du peuple.<br \/>\nLe \u00abCollectif Y-en-a Marre, Etiam\u00e9\u00bb a, de m\u00eame, d\u00e9nonc\u00e9 la d\u00e9liquescence de la vie sociale<br \/>\nqui entame les moeurs et confine chaque jour les plus d\u00e9favoris\u00e9s \u00e0 une mort lente, tout ceci<br \/>\nayant pour source, la vie ch\u00e8re, pendant que stagne le niveau des salari\u00e9s et restent<br \/>\nex\u00e9crables les conditions de l\u2019entrepreneuriat \u00e9conomique.<br \/>\nLe \u00abCollectif Y-en-a Marre, Etiam\u00e9\u00bb a aussi d\u00e9plor\u00e9 le foss\u00e9 abyssal qui se creuse \u00e0 chaque<br \/>\ncoucher du soleil entre le peuple et ses dirigeants qui, eux, ne cessent d\u2019arborer de fa\u00e7on<br \/>\ninsolente et scandaleuse leur d\u00e9mesure de richesses et de luxes.<br \/>\nLe \u00abCollectif Y-en-a Marre, Etiam\u00e9\u00bb a relev\u00e9 que les contestations \u00e0 r\u00e9p\u00e9tition, \u00e0 chaque<br \/>\nfois \u00e9touff\u00e9es dans une brume aveuglante de gaz lacrymog\u00e8ne et de bruits traumatisants<br \/>\nd\u2019armes de r\u00e9pression et de guerre, ne sont que des signaux graves et inqui\u00e9tants d\u2019une<br \/>\nimplosion sociale couv\u00e9e de mani\u00e8re irresponsable par le gouvernement mais dont les<br \/>\ncons\u00e9quences devant l\u2019Histoire seront \u00e0 l\u2019actif du parti au pouvoir.<br \/>\nLe \u00abCollectif Y-en-a Marre, Etiam\u00e9\u00bb a donc d\u00e9cid\u00e9 d\u2019exiger de l\u2019Etat Togolais et nomm\u00e9ment<br \/>\nde vous, Pr\u00e9sident de la R\u00e9publique, Chef de l\u2019Etat, Chef du Gouvernement, l\u2019application<br \/>\nsans condition ni pr\u00e9alable, de tous les accords politiques et sociaux dans une logique et<br \/>\nvolont\u00e9 manifeste d\u2019\u00e9quit\u00e9 politique et de justice sociale, de m\u00eame, l\u2019application de toutes les<br \/>\nrecommandations des diff\u00e9rents rapports tr\u00e8s pr\u00e9occupants sur la situation des Droits de<br \/>\nl\u2019Homme dans notre pays. Le minimum pour la coh\u00e9sion sociale, se sont convenus les<br \/>\nartistes, c\u2019est le retour \u00e0 la constitution de 1992 dans ses termes et expressions tels que<br \/>\nvot\u00e9s par le peuple souverain et, seul, par temps de crise, pour changer la constitution, un<br \/>\nr\u00e9f\u00e9rendum saurait \u00eatre la voie de la raison.<br \/>\nLe \u00abCollectif Y-en-a Marre, Etiam\u00e9\u00bb, prenant sa responsabilit\u00e9 devant l\u2019Histoire, pour ce qui<br \/>\nconcerne son secteur d\u2019activit\u00e9, a adopt\u00e9 \u00e0 l\u2019unanimit\u00e9 les voix suivantes, constituant une<br \/>\nplate forme de revendications sur les mesures imp\u00e9ratives devant sortir le secteur culturel<br \/>\ndu gouffre :<br \/>\nPLATE FORME DE REVENDICATIONS DES ARTISTES<br \/>\nConform\u00e9ment aux injonctions, \u00e0 nous faites\u00a0par le Proc\u00e8s Verbal constituant le \u00abCollectif Yen-<br \/>\na Marre, Etiam\u00e9\u00bb dont copie est ci-jointe ;<br \/>\nConform\u00e9ment aux objectifs du \u00abCollectif Y-en-a Marre, Etiam\u00e9\u00bb, de restructuration du<br \/>\nsecteur culturel en vue de faire r\u00e9gner un esprit de justice, d\u2019\u00e9quit\u00e9 et de m\u00e9rite au sein de la<br \/>\ncorporation ;<br \/>\nConform\u00e9ment \u00e0 la vision et aux recommandations des Etats G\u00e9n\u00e9raux de la Culture,<br \/>\nauxquels ont particip\u00e9 toutes les forces vives de la Conf\u00e9rence Nationale Souveraine ;<br \/>\nConform\u00e9ment \u00e0 la Constitution Togolaise de 1992, vot\u00e9e \u00e0 99,17% sur une participation<br \/>\nrecord de 74,2% des inscrits, et \u00e0 toutes ses dispositions de protection du droit du citoyen au<br \/>\nbien \u00eatre et \u00e0 la justice sociale ;<br \/>\nConform\u00e9ment aux r\u00e8gles morales et conventionn\u00e9es de bonne gouvernance du bien public<br \/>\nau b\u00e9n\u00e9fice de tout citoyen sans exclusif ;<br \/>\nConform\u00e9ment aux termes de la D\u00e9claration Universelle des Droits de l\u2019Homme et \u00e0 tous les<br \/>\nPactes Internationaux relatifs aux Droits Civils, Politiques, Economiques, Sociaux et<br \/>\nCulturels des peuples, ratifi\u00e9s par l\u2019Etat Togolais ;<br \/>\nNous, \u00abCollectif Y-en-a Marre, Etiam\u00e9\u00bb, agissant au nom et dans l\u2019int\u00e9r\u00eat de tous les acteurs<br \/>\nculturels du Togo, tous secteurs confondus, toutes disciplines confondues, tous genres<br \/>\nconfondus et toutes expressions confondues ;<br \/>\nRevendiquons et exigeons la cr\u00e9ation et l\u2019institutionnalisation du HAUT CONSEIL<br \/>\nNATIONAL DE LA CULTURE \u2013 HCNC dont les assises juridiques seront les suivantes :<br \/>\nI- Cr\u00e9ation :<br \/>\nLe Haut Conseil National de la Culture est cr\u00e9\u00e9 au rang des minutes des<br \/>\nrevendications du \u00abCollectif Y-en-a Marre, Etiam\u00e9\u00bb par d\u00e9cret pr\u00e9sidentiel avec<br \/>\nforce de loi.<br \/>\nII- Statut :<br \/>\nLe Haut Conseil National de la Culture, garant de la Politique Culturelle Nationale,<br \/>\nest, la Premi\u00e8re Institution Culturelle d\u2019Etat de la R\u00e9publique Togolaise, l\u2019organe<br \/>\nde contr\u00f4le et de r\u00e9gulation de toutes les activit\u00e9s, structures et institutions<br \/>\nculturelles du pays.<br \/>\nIII- Composition :<br \/>\nLe Haut Conseil National de la Culture est compos\u00e9 de treize (13) membres<br \/>\nr\u00e9partis comme suit :<br \/>\n1- Un (1) Conseiller Culturel du Pr\u00e9sident de la R\u00e9publique ;<br \/>\n2- Un (1) Conseiller Culturel du Premier Ministre ;<br \/>\n3- Un (1) Conseiller Culturel du Ministre de la Culture ;<br \/>\n4- Un (1) Technicien Culturel du Minist\u00e8re de la Culture d\u00e9l\u00e9gu\u00e9 par le Directeur<br \/>\nNational de la Culture ;<br \/>\n5- Neuf (9) Ing\u00e9nieurs Culturels s\u00e9lectionn\u00e9s et d\u00e9l\u00e9gu\u00e9s par le \u00abCollectif Y-en-a<br \/>\nMarre, Etiam\u00e9\u00bb sous sa d\u00e9nomination actuelle ou sous toute autre<br \/>\nd\u00e9nomination qu\u2019il pourra encore s\u2019attribuer.<br \/>\nIV- Pr\u00e9rogatives :<br \/>\nLe Haut Conseil National de la Culture a imp\u00e9rativement les attributs suivants :<br \/>\n1- Le pouvoir d\u2019\u00e9tablissement du Plan Strat\u00e9gique National de D\u00e9veloppement<br \/>\nCulturel ainsi que des Priorit\u00e9s Sectorielles de la Culture ;<br \/>\n2- Le pouvoir de d\u00e9finition et d\u2019application du Statut de l\u2019Artiste et toute mesure<br \/>\nincitative \u00e0 sa protection, conform\u00e9ment \u00e0 la Politique Culturelle Nationale ;<br \/>\n3- Le pouvoir de contr\u00f4le et de r\u00e9gulation des activit\u00e9s, structures et institutions<br \/>\nculturelles sur toute l\u2019\u00e9tendue du territoire, conform\u00e9ment \u00e0 la Politique<br \/>\nCulturelle Nationale ;<br \/>\n4- Le pouvoir d\u2019appel de fonds aupr\u00e8s de tout bailleur r\u00e9guli\u00e8rement accr\u00e9dit\u00e9 par<br \/>\nl\u2019Etat Togolais ;<br \/>\n5- Le pouvoir d\u2019administration de tout fonds d\u2019aide \u00e0 l\u2019action culturelle \u00e9manant de<br \/>\nl\u2019Etat ou de ses partenaires au d\u00e9veloppement, ainsi que tout autre programme<br \/>\nde soutien \u00e0 la culture ;<br \/>\n6- Le pouvoir de nomination du Comit\u00e9 de Pilotage de tout fonds d\u2019aide \u00e0 l\u2019action<br \/>\nculturelle ainsi que toute structure de sa d\u00e9centralisation ;<br \/>\n7- Le pouvoir de d\u00e9finition des crit\u00e8res d\u2019\u00e9ligibilit\u00e9 \u00e0 tout appel \u00e0 proposition de<br \/>\nprojet culturel devant \u00eatre lanc\u00e9 par tout fonds d\u2019aide \u00e0 l\u2019action culturelle ainsi<br \/>\nque la cl\u00e9 de r\u00e9partition.<br \/>\nV- Pr\u00e9sidence :<br \/>\nLa pr\u00e9sidence du Haut Conseil National de la Culture est r\u00e9serv\u00e9e de facto \u00e0 un<br \/>\ndes membres d\u00e9l\u00e9gu\u00e9s par le \u00abCollectif Y-en-a Marre, Etiam\u00e9\u00bb.<br \/>\nVI- Mandat :<br \/>\n1- Les d\u00e9l\u00e9gu\u00e9s du \u00abCollectif Y-en-a Marre, Etiam\u00e9\u00bb au Haut Conseil National de<br \/>\nla Culture ont un mandat de cinq (5) ans renouvelable par le Collectif ;<br \/>\n2- Le Conseiller Culturel du Pr\u00e9sident de la R\u00e9publique, le Conseiller Culturel du<br \/>\nPremier Ministre, le Conseiller Culturel du Ministre de la Culture, le Technicien<br \/>\nCulturel du Minist\u00e8re de la Culture d\u00e9l\u00e9gu\u00e9 par le Directeur National de la<br \/>\nCulture, sont nomm\u00e9s et r\u00e9vocables \u00e0 tout moment de leur mandat par leurs<br \/>\nmandataires respectifs.<br \/>\nVII- Dotation :<br \/>\nLe Haut Conseil National de la Culture est, d\u00e8s sa cr\u00e9ation, inscrit au budget<br \/>\nannuel de l\u2019Etat et dot\u00e9 chaque ann\u00e9e, pour l\u2019action culturelle, \u00e0 hauteur d\u2019un pour<br \/>\ncent (1%) du budget national.<br \/>\nLe \u00abCollectif Y-en-a Marre, Etiam\u00e9\u00bb r\u00e9clame, Monsieur le Pr\u00e9sident, votre enti\u00e8re adh\u00e9sion<br \/>\n\u00e0 ses revendications ainsi que leur totale satisfaction sans d\u00e9lai ; seule et unique voix de<br \/>\nredressement et d\u2019assainissement de l\u2019\u00e9conomie du secteur culturel.<br \/>\nVeuillez agr\u00e9er, Monsieur le Pr\u00e9sident, l\u2019expression de toutes nos consid\u00e9rations.<\/p>\n<p>Pour le \u00abCollectif Y-en-a Marre, Etiam\u00e9\u00bb<\/p>\n<p>Le Comit\u00e9 Directeur<\/p>\n<p>Fr\u00e9d\u00e9ric GAKPARA, Coordonnateur G\u00e9n\u00e9ral<br \/>\nRAS LY, Coordonnateur Adjoint, Porte-parole<br \/>\nNel\u00a0PAKUR, Charg\u00e9 de Communication<br \/>\nAmen JAH\u00a0CISSE, Charg\u00e9 des Programmes<br \/>\nERIC\u00a0MC, Charg\u00e9 des Ressources<\/p>\n<p>&nbsp;<\/p>\n","protected":false},"excerpt":{"rendered":"<p>\u00abCollectif Y-en-a Marre, Etiam\u00e9\u00bb SIEGE\u00a0SOCIAL, CENTRE CULTUREL DENYIGBA 146, Rue Anima \u2013 Villa 195, Quartier Saint Joseph BP. 12160 Lom\u00e9 ; T\u00e9l : 90 82 77 90 \/ 99 46 00 31 A Monsieur Faure\u00a0Essozimna\u00a0GNASSINGBE Pr\u00e9sident de la R\u00e9publique Togolaise Chef de l\u2019Etat \u2013 Chef du Gouvernement Lom\u00e9, le 17 juillet 2012 Objet : Revendications<\/p>\n","protected":false},"author":7,"featured_media":0,"comment_status":"closed","ping_status":"open","sticky":false,"template":"","format":"standard","meta":[],"categories":[8,9,1],"tags":[],"_links":{"self":[{"href":"http:\/\/mtn-togo.org\/index.php?rest_route=\/wp\/v2\/posts\/1271"}],"collection":[{"href":"http:\/\/mtn-togo.org\/index.php?rest_route=\/wp\/v2\/posts"}],"about":[{"href":"http:\/\/mtn-togo.org\/index.php?rest_route=\/wp\/v2\/types\/post"}],"author":[{"embeddable":true,"href":"http:\/\/mtn-togo.org\/index.php?rest_route=\/wp\/v2\/users\/7"}],"replies":[{"embeddable":true,"href":"http:\/\/mtn-togo.org\/index.php?rest_route=%2Fwp%2Fv2%2Fcomments&post=1271"}],"version-history":[{"count":10,"href":"http:\/\/mtn-togo.org\/index.php?rest_route=\/wp\/v2\/posts\/1271\/revisions"}],"predecessor-version":[{"id":1274,"href":"http:\/\/mtn-togo.org\/index.php?rest_route=\/wp\/v2\/posts\/1271\/revisions\/1274"}],"wp:attachment":[{"href":"http:\/\/mtn-togo.org\/index.php?rest_route=%2Fwp%2Fv2%2Fmedia&parent=1271"}],"wp:term":[{"taxonomy":"category","embeddable":true,"href":"http:\/\/mtn-togo.org\/index.php?rest_route=%2Fwp%2Fv2%2Fcategories&post=1271"},{"taxonomy":"post_tag","embeddable":true,"href":"http:\/\/mtn-togo.org\/index.php?rest_route=%2Fwp%2Fv2%2Ftags&post=1271"}],"curies":[{"name":"wp","href":"https:\/\/api.w.org\/{rel}","templated":true}]}}