{"id":1282,"date":"2012-07-21T10:04:11","date_gmt":"2012-07-21T15:04:11","guid":{"rendered":"http:\/\/mtn-togo.org\/?p=1282"},"modified":"2012-07-21T10:20:59","modified_gmt":"2012-07-21T15:20:59","slug":"manifestation-du-frac-et-du-cst-sans-heurts-a-lome","status":"publish","type":"post","link":"http:\/\/mtn-togo.org\/?p=1282","title":{"rendered":"Manifestation du FRAC et du CST sans heurts \u00e0 Lom\u00e9 ce samedi 21 juillet 2012"},"content":{"rendered":"<p><span style=\"color: #455a87;\"><strong><a href=\"http:\/\/mtn-togo.org\/wp-content\/uploads\/2012\/07\/Manif-CST-FRAC-21-juillet-20122.jpg\"><img loading=\"lazy\" class=\"alignleft  wp-image-1284\" title=\"Manif-CST-FRAC-21-juillet-2012\" src=\"http:\/\/mtn-togo.org\/wp-content\/uploads\/2012\/07\/Manif-CST-FRAC-21-juillet-20122-300x227.jpg\" alt=\"\" width=\"300\" height=\"280\" \/><\/a><span style=\"color: #0000ff;\">Une marche de protestation du \u00ab Collectif Sauvons le Togo \u2013CST-\u00bb vient de d\u00e9marrer au quartier B\u00e8 (r\u00e9put\u00e9 fief de l\u2019opposition) en pr\u00e9sence des principaux leaders de ce collectif, a constat\u00e9 l\u2019Agence Afreepress<\/span><\/strong><\/span><\/p>\n<p><span style=\"color: #0000ff;\"><!--more-->Cette manifestation de rue avait \u00e9t\u00e9 annonc\u00e9e dimanche dernier par le CST\u00a0lors de son tout premier meeting\u00a0d\u2019information et de sensibilisation tenu\u00a0au stade Oscar Anthony\u00a0de B\u00e9niglato \u00e0 Lom\u00e9, en guise, avait dit Me Zeus\u00a0Ajavon, coordonnateur de ce collectif, de soutien au Front r\u00e9publicain pour l\u2019alternance et le changement (FRAC) dont \u00ab la majorit\u00e9 des manifestations sont r\u00e9prim\u00e9es \u00e0 cou de grenades lacrymog\u00e8nes \u00bb.<br \/>\nIls sont actuellement plusieurs milliers de manifestants \u00e0 arpenter les rues de Lom\u00e9 au rythmes des chants et denses du terroire. En t\u00eate de peleton, ont pris position Mes Zeus\u00a0Ajavon, Jil-Beno\u00eet Afangb\u00e9dji, Raphael\u00a0Kpand\u00e9-Adzar\u00e9, Jean-Pierre Fabre, Abg\u00e9yom\u00e9 Messan Kodjo.<\/span><\/p>\n<p><span style=\"color: #0000ff;\">Selon le programme retenu par les organisateurs, la manifestation va chuter \u00e0 la plage de Lom\u00e9 o\u00f9 les leaders du CST\u00a0et les manifestants ont rendez-vous pour \u00e9changer sur la situation sociopolitique du Togo.<\/span><\/p>\n<p><span style=\"color: #0000ff;\">Cette premi\u00e8re manifestation de week-end du CST est encadr\u00e9e par un \u00ab discret \u00bb dispositif s\u00e9curitaire qui r\u00e9gule la circulation aux grands carrefours et veille au bon d\u00e9roulement de la marche.<\/span><\/p>\n<p><span style=\"color: #0000ff;\">Cette manifestation du CST\u00a0fait suite\u00a0\u00e0 l\u2019attaque du domicile du pr\u00e9sident de l\u2019Alliance nationale de changement (ANC), Jean-Pierre Fabre, le 14 juillet dernier en marge d\u2019une autre manifestation, \u00e0 l\u2019appel celle-ci, du FRAC.<\/span><\/p>\n<p><span style=\"color: #0000ff;\">source: AfreePress<\/span><\/p>\n","protected":false},"excerpt":{"rendered":"<p>Une marche de protestation du \u00ab Collectif Sauvons le Togo \u2013CST-\u00bb vient de d\u00e9marrer au quartier B\u00e8 (r\u00e9put\u00e9 fief de l\u2019opposition) en pr\u00e9sence des principaux leaders de ce collectif, a constat\u00e9 l\u2019Agence Afreepress<\/p>\n","protected":false},"author":7,"featured_media":0,"comment_status":"closed","ping_status":"open","sticky":false,"template":"","format":"standard","meta":[],"categories":[8,9,1],"tags":[36,35],"_links":{"self":[{"href":"http:\/\/mtn-togo.org\/index.php?rest_route=\/wp\/v2\/posts\/1282"}],"collection":[{"href":"http:\/\/mtn-togo.org\/index.php?rest_route=\/wp\/v2\/posts"}],"about":[{"href":"http:\/\/mtn-togo.org\/index.php?rest_route=\/wp\/v2\/types\/post"}],"author":[{"embeddable":true,"href":"http:\/\/mtn-togo.org\/index.php?rest_route=\/wp\/v2\/users\/7"}],"replies":[{"embeddable":true,"href":"http:\/\/mtn-togo.org\/index.php?rest_route=%2Fwp%2Fv2%2Fcomments&post=1282"}],"version-history":[{"count":8,"href":"http:\/\/mtn-togo.org\/index.php?rest_route=\/wp\/v2\/posts\/1282\/revisions"}],"predecessor-version":[{"id":1286,"href":"http:\/\/mtn-togo.org\/index.php?rest_route=\/wp\/v2\/posts\/1282\/revisions\/1286"}],"wp:attachment":[{"href":"http:\/\/mtn-togo.org\/index.php?rest_route=%2Fwp%2Fv2%2Fmedia&parent=1282"}],"wp:term":[{"taxonomy":"category","embeddable":true,"href":"http:\/\/mtn-togo.org\/index.php?rest_route=%2Fwp%2Fv2%2Fcategories&post=1282"},{"taxonomy":"post_tag","embeddable":true,"href":"http:\/\/mtn-togo.org\/index.php?rest_route=%2Fwp%2Fv2%2Ftags&post=1282"}],"curies":[{"name":"wp","href":"https:\/\/api.w.org\/{rel}","templated":true}]}}