{"id":1301,"date":"2012-07-23T08:49:55","date_gmt":"2012-07-23T13:49:55","guid":{"rendered":"http:\/\/mtn-togo.org\/?p=1301"},"modified":"2012-07-23T09:02:10","modified_gmt":"2012-07-23T14:02:10","slug":"23-juillet1992-23-juillet-2012-20-ans-deja-une-semaine-de-lutte-contre-limpunite-a-la-memoire-de-tavio-amorin-et-a-toutes-les-victimes-du-regime-gnassingbe","status":"publish","type":"post","link":"http:\/\/mtn-togo.org\/?p=1301","title":{"rendered":"23 Juillet 1992 &#8211; 23 Juillet 2012: 20 ans d\u00e9j\u00e0! Une semaine de lutte contre l&#8217;impunit\u00e9 en hommage \u00e0 la m\u00e9moire de Tavio Amorin et de toutes les victimes du r\u00e9gime barbare des Gnassingb\u00e9"},"content":{"rendered":"<p><a href=\"http:\/\/mtn-togo.org\/wp-content\/uploads\/2012\/07\/tavioobseques.jpg\"><img loading=\"lazy\" class=\"alignleft size-medium wp-image-1302\" title=\"tavioobseques\" src=\"http:\/\/mtn-togo.org\/wp-content\/uploads\/2012\/07\/tavioobseques-300x207.jpg\" alt=\"\" width=\"300\" height=\"207\" srcset=\"http:\/\/mtn-togo.org\/wp-content\/uploads\/2012\/07\/tavioobseques-300x207.jpg 300w, http:\/\/mtn-togo.org\/wp-content\/uploads\/2012\/07\/tavioobseques.jpg 342w\" sizes=\"(max-width: 300px) 100vw, 300px\" \/><\/a>Le Collectif \u00ab Sauvons le Togo \u00bb organise une semaine de lutte contre l\u2019impunit\u00e9 au Togo \u00e0 l\u2019occasion du 20<sup>\u00e8me <\/sup>anniversaire du tragique assassinat de Tavio\u00a0Amorin, Secr\u00e9taire g\u00e9n\u00e9ral du Parti socialiste panafricain (PSP), membre du Haut Conseil de la R\u00e9publique, secr\u00e9taire g\u00e9n\u00e9ral du COD2 et membre fondateur du mouvement patriotique du 05 octobre (MO5).<\/p>\n<p><!--more-->Tavio\u00a0Amorin\u00a0est tomb\u00e9 sous des balles du r\u00e9gime Gnassingb\u00e9 le 23 Juillet 1992. Les assassins identifi\u00e9s ne sont toujours pas inqui\u00e9t\u00e9s et vivent libremement dans l\u2019impunit\u00e9.<\/p>\n<div>Qu&#8217;il nous soit permis au\u00a0 MTN\u00a0\u00a0(Mouvement pour un Togo Nouveau) de reprendre ici comme un t\u00e9moignage, l&#8217;hommage que Monseigneur Dovi\u00a0Ndanu\u00a0t&#8217;a rendu il y a d\u00e9j\u00e0 quelques ann\u00e9es et publi\u00e9 par Eloi\u00a0Koussawo, Coordinateur g\u00e9n\u00e9ral du MO5.<\/div>\n<div>\u00a0<\/div>\n<div><strong>\u00ab\u00a0Pr\u00e9cieuse est la mort qui ach\u00e8te la vie au prix du sang vers\u00e9 !\u00a0\u00bb<\/strong><\/div>\n<div>\u00a0&#8220;Mon cher Tavio, permets \u00e0 ton ancien Directeur et professeur du coll\u00e8ge Saint Joseph d&#8217;apporter son joyau \u00e0 la couronne de gloire qui ceint d\u00e9sormais ta t\u00eate comme un glorieux jeune martyr de la d\u00e9mocratie naissante togolaise.<\/div>\n<div>\u00a0<\/div>\n<div>Dans les ann\u00e9es 1971-1977, tu \u00e9tais d\u00e9j\u00e0 un gar\u00e7on d\u00e9cid\u00e9, tr\u00e8s brillant qui avait de la rigueur dans le travail o\u00f9 transparaissait un sens de responsabilit\u00e9 en \u00e9closion. Il y a des ann\u00e9es et des promotions dans la vie d&#8217;un coll\u00e8ge qui font resplendir son image de marque, dorent les blasons et font grand honneur \u00e0 l&#8217;\u00e9tablissement. Je pense \u00e0 cette illustre promotion de l&#8217;ann\u00e9e 1976-1977 et en particulier cette classe de Terminale C o\u00f9 tu brillais comme une \u00e9toile parmi d&#8217;autres, et o\u00f9 se sont donn\u00e9s comme rendez-vous des g\u00e9nies en herbe pour ainsi dire. Et je me souviens par ailleurs de ces cours de cat\u00e9ch\u00e8se o\u00f9 tu montrais ton culte de la v\u00e9rit\u00e9, ton sens \u00e9lev\u00e9 de la libert\u00e9 et ton respect de l&#8217;autre en tant qu&#8217;autre. Cela ne m&#8217;avait donc pas surpris de te savoir admis dans les Grandes \u00e9coles des ponts et chauss\u00e9es et d&#8217;autres \u00e9tudes de hauts niveaux. Ton esprit imaginatif et inventif t&#8217;a permis d&#8217;avoir beaucoup de cordes \u00e0 ton arc. Tu as d\u00e9montr\u00e9 ta culture socio-politique, juridique et \u00e9conomique \u00e0 la Conf\u00e9rence Nationale Souveraine.<\/div>\n<div>\u00a0<\/div>\n<div>Oui, c&#8217;est \u00e0 la Conf\u00e9rence Nationale Souveraine que tu t&#8217;es fait distinguer et personne ne se trompait sur ton avenir radieux. Tes interventions intelligentes et pertinentes, d&#8217;une vigueur et d&#8217;une rigueur secouaient tout le monde dans la salle Fasao. Tes analyses d&#8217;une acuit\u00e9 extraordinaire et tes diagnostics sans complaisance sid\u00e9raient tout le monde. On a beau te classer dans les rangs des dits &#8220;extr\u00e9mistes&#8221;, mais force \u00e9tait de reconna\u00eetre que tu n&#8217;\u00e9tais pas de ceux qui se sont salis les mains et que tu voulais la v\u00e9rit\u00e9 et rien que la v\u00e9rit\u00e9. On sentait dans tes propos cet amour du peuple Africain, de ton peuple Togolais et tu lui voulais un lendemain meilleur, mais planifi\u00e9, d\u00e9pouill\u00e9 de toute compromission; un lendemain fait de justice, de v\u00e9rit\u00e9, d&#8217;amour et de paix v\u00e9ritable.<\/div>\n<div>\u00a0<\/div>\n<div>Je me souviens! Dans la salle Fasao, \u00e0 la sortie d&#8217;une des premi\u00e8res assises, tu me rencontras dans les couloirs et entre deux pauses; et tu me dis: &#8220;p\u00e8re Directeur, me reconnaissez-vous? C&#8217;est vous qui avez fait de nous ce que nous sommes aujourd&#8217;hui&#8221;. Mon humilit\u00e9 de Directeur et de professeur de coll\u00e8ge en avait pris un coup. Mais j&#8217;\u00e9tais fier! Fier de toi!<\/div>\n<div>\u00a0<\/div>\n<div>Oui je t&#8217;ai reconnu dans ton d\u00e9vouement courageux et g\u00e9n\u00e9reux sans d\u00e9tour . Jeune homme tout d&#8217;une pi\u00e8ce, et qui ne fait rien \u00e0 moiti\u00e9. Jeune homme convaincu de la noblesse de la cause qu&#8217;il d\u00e9fend: tu voulais un Togo nouveau, prosp\u00e8re, vraiment d\u00e9mocratique d&#8217;une d\u00e9mocratie authentique. Tu souffrais de ce que des gens ma\u00eetrisaient mal ce qu&#8217;ils disaient et faisaient. Tu veux que tous les aspects de ce renouveau togolais\u00a0soient bien cern\u00e9s et dans toutes les dimensions. Tu me confias\u00a0un matin, deux semaines avant l&#8217;attentat qui t&#8217;a co\u00fbt\u00e9 la vie, dans la salle du palais des Congr\u00e8s, ton d\u00e9saveu de ce que certaines discussions au HCR accusaient trop du juridisme et ne tenaient pas assez compte des aspects politiques.<\/div>\n<div>\u00a0<\/div>\n<div>Ta d\u00e9termination pour l&#8217;accouchement d&#8217;une vraie d\u00e9mocratie sans bavure au Togo, va co\u00fbter le sacrifice de ta vie. De tout ton \u00eatre, de toute ton \u00e2me, de toutes tes forces tu t&#8217;es plong\u00e9 dans cette fi\u00e8vre de la d\u00e9mocratie qui a fini par te consumer. Ce jeudi 23 juillet 1992, cette nuit l\u00e0-m\u00eame, j&#8217;\u00e9tais en train de donner une causerie sur notre Conf\u00e9rence Nationale Souveraine aux moines B\u00e9n\u00e9dictins dans leur Couvent \u00e0 Encalcat dans le Sud de la France \u00e0 Tarn. A cette heure l\u00e0-m\u00eame, tu tombais sous les balles sc\u00e9l\u00e9rates de ton l\u00e2che et pervers assassin.<\/div>\n<div>\u00a0<\/div>\n<div>Tavio, tu as v\u00e9cu comme quelqu&#8217;un qui ne voulait rien, n&#8217;attendait rien, n&#8217;aspirait \u00e0 rien que la libert\u00e9 pour le Togo, une libert\u00e9 g\u00e9n\u00e9ratrice de paix et de prosp\u00e9rit\u00e9. Tavio, tu rejoins la phalange de ceux qui ont vers\u00e9 leur sang pour que le processus d\u00e9mocratique aboutisse au Togo. Sur ce fond de nobles t\u00e9moins, ta figure se r\u00e9v\u00e8le \u00e9minente de jeunesse et d&#8217;avenir. En toi nous saisissons l&#8217;\u00e2pre secret du grain qui meurt, le sang vers\u00e9, l&#8217;amour vainqueur, et cette croix qui nous rel\u00e8ve.<\/div>\n<div>\u00a0<\/div>\n<div>&#8220;Si l&#8217;esp\u00e9rance t&#8217;a fait marcher<\/div>\n<div>Plus loin que ta peur,<\/div>\n<div>Tu auras les yeux lev\u00e9s.<\/div>\n<div>Alors tu pourras tenir<\/div>\n<div>Jusqu&#8217;au soleil de Dieu&#8221;<\/div>\n<div>\u00a0<\/div>\n<div>&#8220;Heureux qui donne sans compter<\/div>\n<div>Jusqu&#8217;\u00e0 sa propre chair!<\/div>\n<div>Il trouve en Dieu sa libert\u00e9,<\/div>\n<div>Visage d\u00e9couvert.&#8221;<\/div>\n<div>\u00a0<\/div>\n<div>Adieu Tavio, tu pousseras\u00a0comme un grain de s\u00e9nev\u00e9 ! &#8221; (Mgr Dovi\u00a0Ndanu).<\/div>\n<p>source: <a href=\"http:\/\/www.mo5-togo.com\/\">www.mo5-togo.com<\/a><\/p>\n","protected":false},"excerpt":{"rendered":"<p>Le Collectif \u00ab Sauvons le Togo \u00bb organise une semaine de lutte contre l\u2019impunit\u00e9 au Togo \u00e0 l\u2019occasion du 20\u00e8me anniversaire du tragique assassinat de Tavio\u00a0Amorin, Secr\u00e9taire g\u00e9n\u00e9ral du Parti socialiste panafricain (PSP), membre du Haut Conseil de la R\u00e9publique, secr\u00e9taire g\u00e9n\u00e9ral du COD2 et membre fondateur du mouvement patriotique du 05 octobre (MO5).<\/p>\n","protected":false},"author":7,"featured_media":0,"comment_status":"closed","ping_status":"open","sticky":false,"template":"","format":"standard","meta":[],"categories":[1],"tags":[],"_links":{"self":[{"href":"http:\/\/mtn-togo.org\/index.php?rest_route=\/wp\/v2\/posts\/1301"}],"collection":[{"href":"http:\/\/mtn-togo.org\/index.php?rest_route=\/wp\/v2\/posts"}],"about":[{"href":"http:\/\/mtn-togo.org\/index.php?rest_route=\/wp\/v2\/types\/post"}],"author":[{"embeddable":true,"href":"http:\/\/mtn-togo.org\/index.php?rest_route=\/wp\/v2\/users\/7"}],"replies":[{"embeddable":true,"href":"http:\/\/mtn-togo.org\/index.php?rest_route=%2Fwp%2Fv2%2Fcomments&post=1301"}],"version-history":[{"count":6,"href":"http:\/\/mtn-togo.org\/index.php?rest_route=\/wp\/v2\/posts\/1301\/revisions"}],"predecessor-version":[{"id":1304,"href":"http:\/\/mtn-togo.org\/index.php?rest_route=\/wp\/v2\/posts\/1301\/revisions\/1304"}],"wp:attachment":[{"href":"http:\/\/mtn-togo.org\/index.php?rest_route=%2Fwp%2Fv2%2Fmedia&parent=1301"}],"wp:term":[{"taxonomy":"category","embeddable":true,"href":"http:\/\/mtn-togo.org\/index.php?rest_route=%2Fwp%2Fv2%2Fcategories&post=1301"},{"taxonomy":"post_tag","embeddable":true,"href":"http:\/\/mtn-togo.org\/index.php?rest_route=%2Fwp%2Fv2%2Ftags&post=1301"}],"curies":[{"name":"wp","href":"https:\/\/api.w.org\/{rel}","templated":true}]}}