{"id":1311,"date":"2012-07-24T09:44:28","date_gmt":"2012-07-24T14:44:28","guid":{"rendered":"http:\/\/mtn-togo.org\/?p=1311"},"modified":"2012-07-24T15:10:29","modified_gmt":"2012-07-24T20:10:29","slug":"reaction-generale-de-deception-et-dindignation-de-la-presse-et-de-la-classe-politique-a-la-nomination-dartheme-ahoomey-zunu-a-la-primature","status":"publish","type":"post","link":"http:\/\/mtn-togo.org\/?p=1311","title":{"rendered":"R\u00e9action g\u00e9n\u00e9rale de d\u00e9ception et d&#8217;indignation de la presse et de la classe politique togolaise \u00e0 la nomination d&#8217;Arth\u00e8me Ahoomey-Zunu \u00e0 la primature"},"content":{"rendered":"<p><a href=\"http:\/\/mtn-togo.org\/wp-content\/uploads\/2012\/07\/zounou4.jpg\"><img loading=\"lazy\" class=\"alignleft size-full wp-image-1312\" title=\"zounou4\" src=\"http:\/\/mtn-togo.org\/wp-content\/uploads\/2012\/07\/zounou4.jpg\" alt=\"\" width=\"214\" height=\"155\" \/><\/a>Unanimit\u00e9 au niveau de la presse sur la nomination controvers\u00e9e d&#8217;Arth\u00e8me Ahoomey-Zunu \u00e0 la primature<\/p>\n<p>Ahoomey-Zunu est le Premier ministre le plus contest\u00e9 de l\u2019histoire du Togo, estime l\u2019Ind\u00e9pendant Express. Mais il accorde du cr\u00e9dit \u00e0 sa nomination jugeant\u00a0\u00a0le personnage rigoureux et organis\u00e9.\u00a0\u00bb<\/p>\n<p><!--more-->\u00abArth\u00e8me Ahoomey-Zunu \u00e0 la Primature, une nomination loin de convaincre la classe politique\u00a0\u00bb, titre Golfe Info qui estime que \u00ab\u00a0ce n\u2019est pas un homme qui fait l\u2019unanimit\u00e9 et qu\u2019il lui manquera certainement des capacit\u00e9s n\u00e9cessaires \u00e0 pouvoir g\u00e9rer la crise qui secoue actuellement le pays\u00a0\u00bb. \u00a0<\/p>\n<p>Le Courrier de la R\u00e9publique estime que M. Ahoomey-Zunu a cinq mois pour convaincre Faure Gnassingb\u00e9 et l\u2019ensemble de la classe politique que le choix port\u00e9 sur sa personne est le bon\u00bb.<\/p>\n<p>Pour Libert\u00e9, la messe est dite\u00a0: \u00ab\u00a0Le profil du nouveau locataire de la Primature est incompatible avec l\u2019ouverture politique annonc\u00e9e par le pouvoir\u00a0\u00bb. Pire, estime ce quotidien, \u00ab\u00a0vu les qualit\u00e9s de z\u00e9l\u00e9, de condescendant, d\u2019\u00e9go\u00efsme de l\u2019int\u00e9ress\u00e9, il ne pourra pas r\u00e9ussir la mission \u00e0 lui assign\u00e9e\u00a0\u00bb.\u00a0<\/p>\n<p>\u00abArth\u00e8me Ahoomey-Zunu dans le vif du sujet\u00bb, tire mardi Forum de la Semaine qui appr\u00e9cie la main tendue par le nouveau Premier ministre \u00e0 l\u2019opposition. \u00ab\u00a0Une opposition qui a souvent boud\u00e9 les tables rondes pour les motifs propres \u00e0 elles\u00a0\u00bb, rappelle le quotidien.<\/p>\n<p>\u00a0Dans sa Chronique intitul\u00e9e: \u00abA d\u00e9faut du chien, on va \u00e0 la chasse avec son mounton\u00a0! \u00bb, Kodjo\u00a0Epou\u00a0\u00e9crit\u00a0 \u00e0 propos du nouvau\u00a0Premier ministre : \u00abC\u2019est un homme sans \u00e9toffe, tr\u00e8s peu respect\u00e9, sans aucune base politique ni background\u00a0professionnel solide que Faure\u00a0a pu d\u00e9nicher. Politiquement instable, Ahoomey-zunu fait partie\u00a0de ces opposants\u00a0hybrides, capables de contenir deux convictions diff\u00e9rentes et qui, pendant qu\u2019ils rampent dans les cuisines du RPT, se proclament opposants.\u00bb Il consid\u00e8re que\u00a0\u00ab cette \u00e9ni\u00e8me \u00ab\u00a0b\u00eatise pr\u00e9sidentielle\u00a0\u00bb est de nature \u00e0 plonger davantage le pays dans les incertitudes\u00bb.<\/p>\n<p><strong>Au niveau de la classe politique<\/strong>, les critiques sont plus acerbes.<\/p>\n<p>Pour l&#8217;OBUTS\u00a0de Messan\u00a0Agbeyom\u00e9: \u00abLe choix r\u00e9dhibitoire de Kwesi\u00a0S\u00e9l\u00e9agodji AHOOMEY-ZUNU qui a toujours fait montre d\u2019arrogance, de m\u00e9pris, de suffisance, et a contribu\u00e9 \u00e0 saborder le dialogue au sein du CPDC\u00a0r\u00e9nov\u00e9, est la preuve de la constante strat\u00e9gie de passage en force de la dictature militaro-clanique.Cette nomination, aussi suicidaire qu\u2019impertinente est le r\u00e9v\u00e9lateur par excellence de la justesse des pr\u00e9alables du Collectif Sauvons le Togo (CST) qui tr\u00e8s alerte, a exig\u00e9 la preuve de la bonne foi de Faure\u00a0GNASSINGBE\u00a0et de la Nomenklatura, avant l\u2019entame d\u2019un v\u00e9ritable dialogue politique pour une sortie de crise pacifique et heureuse\u00a0! \u00bb<\/p>\n<p>Concernant la nomination d\u2019un nouveau Premier ministre, M. Habia\u00a0 de l&#8217;UFC\u00a0 (Union des Forces du Changement ) souhaite qu\u2019il soit \u00e0 l\u2019\u00e9coute du peuple<\/p>\n<p>Dans le communiqu\u00e9 publi\u00e9 dimanche par son parti,le \u00a0PRR\u00a0, Nicolas Lawson\u00a0\u00e9crit \u00e0 propos du nouveau Premier ministre Ahoomey\u00a0Zunu, qu\u2019il est\u00a0\u00ab\u00a0sinistre, inutilement hargneux, rapiat et sans dessein national parce que carri\u00e9riste, cumulard et bureaucrate . ..Ce n&#8217;est pas cette nomination qui rassurera l\u2019opposition et qui donnera \u00e0 notre peuple la confiance, la vigueur et le sursaut dont il a besoin en ce moment d\u2019incertitude et de p\u00e9ril. Cette nomination accentue plut\u00f4t la d\u00e9fiance, d\u00e9sormais incurable, des togolais\u00a0dans la gouvernance de Mr\u00a0Faure Gnassingb\u00e9.\u00bb<\/p>\n<p>Jean-Pierre Fabre, le pr\u00e9sident de l\u2019Alliance nationale pour le changement (ANC, opposition)\u00a0 n\u2019a pas manqu\u00e9 de r\u00e9agir \u00e0 la d\u00e9mission du gouvernement Houngbo et \u00e0 la nomination d\u2019un nouveau Premier ministre.<br \/>\n\u00abNous accueillons la nomination du Premier ministre avec une indiff\u00e9rence totale. Nous avons affaire \u00e0 un syst\u00e8me que nous combattons et peu importe la personne que nous avons devant nous, nous adopterons la m\u00eame attitude \u00bb, a indiqu\u00e9 le leader du FRAC.<\/p>\n<p>Le nouveau Premier ministre\u00a0en cl\u00f4turant son\u00a0discours de passation de service, a indiqu\u00e9 qu&#8217;il\u00a0 \u00ab voudrait rassurer une fois encore les togolais\u00a0que nous sommes \u00e0 un tournant que ne pouvons que r\u00e9ussir. Si nous ne r\u00e9ussissons pas, nous tombons tous ensemble et puisque, nous n\u2019avons un destin des gens qui peuvent tomber, nous r\u00e9ussirons\u00bb<\/p>\n<p>Le MTN\u00a0(Mouvement pour un Togo Nouveau) restera tr\u00e8s attentif aux faits et geste du nouveau gouvernement et veillera au grain.<\/p>\n<p>Vincetey Ben Polar<\/p>\n<p><a href=\"http:\/\/www.mtn-togo.org\/\">www.mtn-togo.org<\/a><\/p>\n","protected":false},"excerpt":{"rendered":"<p>Unanimit\u00e9 au niveau de la presse sur la nomination controvers\u00e9e d&#8217;Arth\u00e8me Ahoomey-Zunu \u00e0 la primature Ahoomey-Zunu est le Premier ministre le plus contest\u00e9 de l\u2019histoire du Togo, estime l\u2019Ind\u00e9pendant Express. Mais il accorde du cr\u00e9dit \u00e0 sa nomination jugeant\u00a0\u00a0le personnage rigoureux et organis\u00e9.\u00a0\u00bb<\/p>\n","protected":false},"author":7,"featured_media":0,"comment_status":"closed","ping_status":"open","sticky":false,"template":"","format":"standard","meta":[],"categories":[8,9,16,1],"tags":[37],"_links":{"self":[{"href":"http:\/\/mtn-togo.org\/index.php?rest_route=\/wp\/v2\/posts\/1311"}],"collection":[{"href":"http:\/\/mtn-togo.org\/index.php?rest_route=\/wp\/v2\/posts"}],"about":[{"href":"http:\/\/mtn-togo.org\/index.php?rest_route=\/wp\/v2\/types\/post"}],"author":[{"embeddable":true,"href":"http:\/\/mtn-togo.org\/index.php?rest_route=\/wp\/v2\/users\/7"}],"replies":[{"embeddable":true,"href":"http:\/\/mtn-togo.org\/index.php?rest_route=%2Fwp%2Fv2%2Fcomments&post=1311"}],"version-history":[{"count":8,"href":"http:\/\/mtn-togo.org\/index.php?rest_route=\/wp\/v2\/posts\/1311\/revisions"}],"predecessor-version":[{"id":1314,"href":"http:\/\/mtn-togo.org\/index.php?rest_route=\/wp\/v2\/posts\/1311\/revisions\/1314"}],"wp:attachment":[{"href":"http:\/\/mtn-togo.org\/index.php?rest_route=%2Fwp%2Fv2%2Fmedia&parent=1311"}],"wp:term":[{"taxonomy":"category","embeddable":true,"href":"http:\/\/mtn-togo.org\/index.php?rest_route=%2Fwp%2Fv2%2Fcategories&post=1311"},{"taxonomy":"post_tag","embeddable":true,"href":"http:\/\/mtn-togo.org\/index.php?rest_route=%2Fwp%2Fv2%2Ftags&post=1311"}],"curies":[{"name":"wp","href":"https:\/\/api.w.org\/{rel}","templated":true}]}}