{"id":1321,"date":"2012-07-24T15:52:04","date_gmt":"2012-07-24T20:52:04","guid":{"rendered":"http:\/\/mtn-togo.org\/?p=1321"},"modified":"2012-07-24T18:03:42","modified_gmt":"2012-07-24T23:03:42","slug":"le-president-ghaneen-john-atta-mills-decede-brusquement-a-la-suite-dune-maladie","status":"publish","type":"post","link":"http:\/\/mtn-togo.org\/?p=1321","title":{"rendered":"Le pr\u00e9sident ghan\u00e9en:John Atta-Mills, d\u00e9c\u00e8de brusquement \u00e0 la suite d&#8217;une maladie, ce mardi 24 juillet 2012.Paix \u00e0 son \u00e2me."},"content":{"rendered":"<p><a href=\"http:\/\/mtn-togo.org\/wp-content\/uploads\/2012\/07\/GHANA-PRESIDENT_Atta-Mills.jpg\"><img loading=\"lazy\" class=\"alignleft size-medium wp-image-1322\" title=\"GHANA-PRESIDENT_Atta-Mills\" src=\"http:\/\/mtn-togo.org\/wp-content\/uploads\/2012\/07\/GHANA-PRESIDENT_Atta-Mills-300x224.jpg\" alt=\"\" width=\"300\" height=\"224\" srcset=\"http:\/\/mtn-togo.org\/wp-content\/uploads\/2012\/07\/GHANA-PRESIDENT_Atta-Mills-300x224.jpg 300w, http:\/\/mtn-togo.org\/wp-content\/uploads\/2012\/07\/GHANA-PRESIDENT_Atta-Mills.jpg 344w\" sizes=\"(max-width: 300px) 100vw, 300px\" \/><\/a>Le pr\u00e9sident ghan\u00e9en John Atta-Mills est mort brusquement, ce mardi 24 juillet, \u00e0 l&#8217;\u00e2ge de 68 ans. Il \u00e9tait tomb\u00e9 malade quelques heures auparavant, selon le communiqu\u00e9 publi\u00e9 par les services de la pr\u00e9sidence.<\/p>\n<p><!--more-->Il \u00e9tait en poste depuis 2009.<br \/>\n\u00a0John Atta-Mills est tomb\u00e9 brusquement malade ce mardi matin, il a \u00e9t\u00e9 conduit \u00e0 l&#8217;h\u00f4pital militaire o\u00f9 il s&#8217;est \u00e9teint quelques heures plus tard. Le pr\u00e9sident revenait d&#8217;un voyage aux Etats-Unis o\u00f9 il avait subi des examens m\u00e9dicaux qualifi\u00e9s d&#8217;examens de routine. Sa voix \u00e9tait devenue plus f\u00e9brile ces derniers mois selon des journalistes dans la capitale.<\/p>\n<div>\n<div>\n<p>\u00ab<em> C&#8217;est avec le c\u0153ur lourd que nous annon\u00e7ons la mort brusque et pr\u00e9matur\u00e9e du pr\u00e9sident de la R\u00e9publique du Ghana\u00a0<\/em>\u00bb, a d\u00e9clar\u00e9 la pr\u00e9sidence dans un communiqu\u00e9 succinct. Selon la Constitution, c&#8217;est le vice-pr\u00e9sident John\u00a0Dramani\u00a0Mahama\u00a0qui devrait assurer l&#8217;int\u00e9rim de ce pays r\u00e9put\u00e9 stable, jusqu&#8217;\u00e0 \u00e9lection pr\u00e9sidentielle pr\u00e9vue en d\u00e9cembre. John\u00a0Atta-Mills avait \u00e9t\u00e9 d\u00e9sign\u00e9 par son parti, le NDC, pour briguer un deuxi\u00e8me mandat \u00e0 la t\u00eate du pays.<\/p>\n<p>John Atta-Mills avait 68 ans, il venait de c\u00e9l\u00e9brer son anniversaire samedi, le site de la pr\u00e9sidence affiche encore en page d&#8217;accueil une photo du pr\u00e9sident qui sourit \u00e0 pleine dent, et sous le clich\u00e9 cette l\u00e9gende \u00ab\u00a0<em>Happy\u00a0Birthday\u00a0President\u00a0<\/em>\u00bb, joyeux anniversaire pr\u00e9sident<\/p>\n<p>Surnomm\u00e9 \u00ab\u00a0<em>le prof<\/em>\u00a0\u00bb &#8211; il a enseign\u00e9 le droit durant vingt-cinq ann\u00e9es &#8211; Mills\u00a0\u00e9tait aussi un sportif accompli, il avait \u00e9volu\u00e9 au sein de l&#8217;\u00e9quipe nationale de hockey sur gazon. Il rejoint le bureau politique du National Democratic\u00a0Congress\u00a0(NDC) en 1990, et devient vice-pr\u00e9sident de Jerry\u00a0Rawlings sept ann\u00e9es plus tard.<\/p>\n<p>Mills laisse derri\u00e8re lui une formation politique divis\u00e9e \u00e0 cinq mois de la pr\u00e9sidentielle. On retiendra que le Ghana a rejoint le club ferm\u00e9 des pays producteurs de p\u00e9trole sous son mandat. John Atta-Mills aussi avait eu l&#8217;honneur d&#8217;\u00eatre le premier pr\u00e9sident de l&#8217;Afrique subsaharienne, en 2009, \u00e0 recevoir Barack\u00a0Obama\u00a0en visite officiel<\/p>\n<p>Notons le pr\u00e9sident ghan\u00e9en a eu un ton mesur\u00e9 dans la crise ivoirienne et a refus\u00e9 d&#8217; envoyer ses troupes envahir la C\u00f4te d&#8217;ivoire et renverser le pr\u00e9sident ivoirien comme l&#8217;exigeait la C\u00c9DEAO .<\/p>\n<p>Il est restr\u00e9 tr\u00e8s mesur\u00e9 aussi dans la crise togolaise.<\/p>\n<p>Le MTN pr\u00e9sente ses condol\u00e9ances les plus attrist\u00e9es au Peuple ghan\u00e9en et \u00e0 la famille \u00e9plor\u00e9e du pr\u00e9sident .<\/p>\n<p>Vincentey Ben Polar<\/p>\n<\/div>\n<\/div>\n","protected":false},"excerpt":{"rendered":"<p>Le pr\u00e9sident ghan\u00e9en John Atta-Mills est mort brusquement, ce mardi 24 juillet, \u00e0 l&#8217;\u00e2ge de 68 ans. Il \u00e9tait tomb\u00e9 malade quelques heures auparavant, selon le communiqu\u00e9 publi\u00e9 par les services de la pr\u00e9sidence.<\/p>\n","protected":false},"author":7,"featured_media":0,"comment_status":"closed","ping_status":"open","sticky":false,"template":"","format":"standard","meta":[],"categories":[8,1],"tags":[],"_links":{"self":[{"href":"http:\/\/mtn-togo.org\/index.php?rest_route=\/wp\/v2\/posts\/1321"}],"collection":[{"href":"http:\/\/mtn-togo.org\/index.php?rest_route=\/wp\/v2\/posts"}],"about":[{"href":"http:\/\/mtn-togo.org\/index.php?rest_route=\/wp\/v2\/types\/post"}],"author":[{"embeddable":true,"href":"http:\/\/mtn-togo.org\/index.php?rest_route=\/wp\/v2\/users\/7"}],"replies":[{"embeddable":true,"href":"http:\/\/mtn-togo.org\/index.php?rest_route=%2Fwp%2Fv2%2Fcomments&post=1321"}],"version-history":[{"count":8,"href":"http:\/\/mtn-togo.org\/index.php?rest_route=\/wp\/v2\/posts\/1321\/revisions"}],"predecessor-version":[{"id":1324,"href":"http:\/\/mtn-togo.org\/index.php?rest_route=\/wp\/v2\/posts\/1321\/revisions\/1324"}],"wp:attachment":[{"href":"http:\/\/mtn-togo.org\/index.php?rest_route=%2Fwp%2Fv2%2Fmedia&parent=1321"}],"wp:term":[{"taxonomy":"category","embeddable":true,"href":"http:\/\/mtn-togo.org\/index.php?rest_route=%2Fwp%2Fv2%2Fcategories&post=1321"},{"taxonomy":"post_tag","embeddable":true,"href":"http:\/\/mtn-togo.org\/index.php?rest_route=%2Fwp%2Fv2%2Ftags&post=1321"}],"curies":[{"name":"wp","href":"https:\/\/api.w.org\/{rel}","templated":true}]}}