{"id":1455,"date":"2012-08-04T13:09:59","date_gmt":"2012-08-04T18:09:59","guid":{"rendered":"http:\/\/mtn-togo.org\/?p=1455"},"modified":"2012-08-04T13:17:13","modified_gmt":"2012-08-04T18:17:13","slug":"cote-divoire-laudience-de-confirmation-des-charges-contre-lex-president-gbagbo-reportee","status":"publish","type":"post","link":"http:\/\/mtn-togo.org\/?p=1455","title":{"rendered":"C\u00f4te d&#8217;Ivoire: l&#8217;audience de confirmation des charges contre l&#8217;ex-pr\u00e9sident Gbagbo report\u00e9e"},"content":{"rendered":"<p><a href=\"http:\/\/mtn-togo.org\/wp-content\/uploads\/2012\/08\/L-ex-pr\u00e9sident-ivoirien-Laurent-Gbogbo.jpg\"><img loading=\"lazy\" class=\"alignleft size-medium wp-image-1456\" title=\"L-ex-pr\u00e9sident-ivoirien-Laurent-Gbogbo\" src=\"http:\/\/mtn-togo.org\/wp-content\/uploads\/2012\/08\/L-ex-pr\u00e9sident-ivoirien-Laurent-Gbogbo-300x224.jpg\" alt=\"\" width=\"300\" height=\"224\" srcset=\"http:\/\/mtn-togo.org\/wp-content\/uploads\/2012\/08\/L-ex-pr\u00e9sident-ivoirien-Laurent-Gbogbo-300x224.jpg 300w, http:\/\/mtn-togo.org\/wp-content\/uploads\/2012\/08\/L-ex-pr\u00e9sident-ivoirien-Laurent-Gbogbo.jpg 344w\" sizes=\"(max-width: 300px) 100vw, 300px\" \/><\/a>La Cour p\u00e9nale internationale (CPI), \u00e0 La Haye a annonc\u00e9\u00a0le vendredi 3 ao\u00fbt que\u00a0\u00a0l&#8217;audience de confirmation des charges de Laurent Gbagbo est \u00e0 nouveau report\u00e9e. Les <!--break-->\u00a0juges de la Cour devraient\u00a0\u00a0\u00e9valuer\u00a0 le dossier de l&#8217;accusation\u00a0 et d\u00e9terminer s&#8217;il y&#8217;a\u00a0lieu\u00a0 de tenir un proc\u00e8s\u00a0 contre l&#8217;ancien chef d&#8217;Etat de C\u00f4te d&#8217;Ivoire, soup\u00e7onn\u00e9 de crimes contre l&#8217;humanit\u00e9 pendant les violences post-\u00e9lectorales de 2010-2011.<\/p>\n<p><!--more-->Sur la question de la sant\u00e9 du pr\u00e9sident, trois experts m\u00e9dicaux ont rendu, il y a deux\u00a0 semaines, un rapport complet\u00a0.\u00a0 Et pour Me Altit, avocat de Laurent Gbagbo, l&#8217;essentiel n&#8217;est plus de savoir si son client sera d\u00e9clar\u00e9 apte \u00e0 subir un proc\u00e8s ou non\u00a0: \u00ab\u00a0<em>Ces expertises m\u00e9dicales arrivent \u00e0 la m\u00eame conclusion\u00a0: que le pr\u00e9sident Gbagbo a \u00e9t\u00e9 victime de mauvais traitements \u00e9manant de tortures pendant les huit mois de d\u00e9tention \u00e0 Korhogo. Nous disposons de la preuve que tous ceux qui ont pr\u00e9tendu qu&#8217;il avait \u00e9t\u00e9 bien trait\u00e9 n&#8217;ont pas dit la v\u00e9rit\u00e9. Au lieu d&#8217;arriver comme quelqu&#8217;un d&#8217;accus\u00e9 de tous les p\u00e9ch\u00e9s du monde, le pr\u00e9sident Gbagbo arrivera \u00e0 l&#8217;audience de confirmation des charges en tant que victime, la victime qu&#8217;il est.<\/em>\u00a0\u00bb<\/p>\n<p>\u00a0Les juges de la CPI \u00e0 la demande des avocats de l&#8217;ancien pr\u00e9sident\u00a0 devront trancher si \u00ab<em>\u00a0Laurent Gbagbo est-il physiquement apte ou non \u00e0 suivre des audiences\u00a0<\/em>\u00bb<\/p>\n<p>Notons aussi que, les avocats de Michel Gbagbo, le fils du pr\u00e9sident\u00a0 Laurent Gbagbo, \u00a0ont d\u00e9pos\u00e9, lundi 25 juin \u00e0 Paris, une plainte avec constitution de partie civile contre Guillaume Soro\u00a0et les dix\u00a0ex-commandants de zone. Les d\u00e9fenseurs du fils de Laurent Gbagbo\u00a0accusent l&#8217;actuel pr\u00e9sident de l&#8217;Assembl\u00e9e nationale et les chefs militaires de l&#8217;ex-r\u00e9bellion d&#8217;enl\u00e8vement, de s\u00e9questration et de traitements inhumains et d\u00e9gradants.\u00a0Le fils de Laurent Gbagbo, n\u00e9 de m\u00e8re fran\u00e7aise, dispose de la nationalit\u00e9 fran\u00e7aise\u00a0. Il\u00a0\u00a0est \u00a0d\u00e9tenu \u00e0 Bouna\u00a0 depuis son arrestation \u00e0 Abidjan lors du bombardement du palais pr\u00e9sidentiel par les Forces fran\u00e7aises et ceux de l&#8217;ONUCI\u00a0en appui aux rebelles de Guillaume Soro\u00a0et\u00a0 d&#8217;Alasane\u00a0Ouattara. La femme de Laurent Gbabgo, Simone Gbagbo, reste \u00e9galement d\u00e9tenue ainsi que d&#8217;autres membres de la famille. Plusieurs dignitaires et hauts cadres\u00a0 du FPI\u00a0 (le Front populaire ivoirien) de Laurent Gbagbo\u00a0restent \u00e9galement d\u00e9tenus dans des conditions ex\u00e9crables dans les prisons du pays. La r\u00e9conciliation pr\u00f4n\u00e9e par le pr\u00e9sident Alassane Ouattara peine \u00e0 se concr\u00e9tiser.<\/p>\n<p>Vicentey Ben Polar <a href=\"http:\/\/www.mtn-togo.org\/\">www.mtn-togo.org<\/a><\/p>\n","protected":false},"excerpt":{"rendered":"<p>La Cour p\u00e9nale internationale (CPI), \u00e0 La Haye a annonc\u00e9\u00a0le vendredi 3 ao\u00fbt que\u00a0\u00a0l&#8217;audience de confirmation des charges de Laurent Gbagbo est \u00e0 nouveau report\u00e9e. Les \u00a0juges de la Cour devraient\u00a0\u00a0\u00e9valuer\u00a0 le dossier de l&#8217;accusation\u00a0 et d\u00e9terminer s&#8217;il y&#8217;a\u00a0lieu\u00a0 de tenir un proc\u00e8s\u00a0 contre l&#8217;ancien chef d&#8217;Etat de C\u00f4te d&#8217;Ivoire, soup\u00e7onn\u00e9 de crimes contre l&#8217;humanit\u00e9 [&hellip;]<\/p>\n","protected":false},"author":7,"featured_media":0,"comment_status":"closed","ping_status":"open","sticky":false,"template":"","format":"standard","meta":[],"categories":[8,9],"tags":[46],"_links":{"self":[{"href":"http:\/\/mtn-togo.org\/index.php?rest_route=\/wp\/v2\/posts\/1455"}],"collection":[{"href":"http:\/\/mtn-togo.org\/index.php?rest_route=\/wp\/v2\/posts"}],"about":[{"href":"http:\/\/mtn-togo.org\/index.php?rest_route=\/wp\/v2\/types\/post"}],"author":[{"embeddable":true,"href":"http:\/\/mtn-togo.org\/index.php?rest_route=\/wp\/v2\/users\/7"}],"replies":[{"embeddable":true,"href":"http:\/\/mtn-togo.org\/index.php?rest_route=%2Fwp%2Fv2%2Fcomments&post=1455"}],"version-history":[{"count":3,"href":"http:\/\/mtn-togo.org\/index.php?rest_route=\/wp\/v2\/posts\/1455\/revisions"}],"predecessor-version":[{"id":1459,"href":"http:\/\/mtn-togo.org\/index.php?rest_route=\/wp\/v2\/posts\/1455\/revisions\/1459"}],"wp:attachment":[{"href":"http:\/\/mtn-togo.org\/index.php?rest_route=%2Fwp%2Fv2%2Fmedia&parent=1455"}],"wp:term":[{"taxonomy":"category","embeddable":true,"href":"http:\/\/mtn-togo.org\/index.php?rest_route=%2Fwp%2Fv2%2Fcategories&post=1455"},{"taxonomy":"post_tag","embeddable":true,"href":"http:\/\/mtn-togo.org\/index.php?rest_route=%2Fwp%2Fv2%2Ftags&post=1455"}],"curies":[{"name":"wp","href":"https:\/\/api.w.org\/{rel}","templated":true}]}}