{"id":1461,"date":"2012-08-06T09:53:06","date_gmt":"2012-08-06T14:53:06","guid":{"rendered":"http:\/\/mtn-togo.org\/?p=1461"},"modified":"2012-08-06T09:58:59","modified_gmt":"2012-08-06T14:58:59","slug":"les-miliciens-puissamment-armes-ont-empeche-la-reunion-du-cst-sur-les-regards-complices-des-forces-de-lordre","status":"publish","type":"post","link":"http:\/\/mtn-togo.org\/?p=1461","title":{"rendered":"Les miliciens puissamment arm\u00e9s ont emp\u00each\u00e9  la r\u00e9union du CST \u00e0 Kara sous le regard complice des forces de l\u2019ordre"},"content":{"rendered":"<p><a href=\"http:\/\/mtn-togo.org\/wp-content\/uploads\/2012\/07\/Manif-CST-FRAC-21-juillet-20122.jpg\"><img loading=\"lazy\" class=\"alignleft size-medium wp-image-1284\" title=\"Manif-CST-FRAC-21-juillet-2012\" src=\"http:\/\/mtn-togo.org\/wp-content\/uploads\/2012\/07\/Manif-CST-FRAC-21-juillet-20122-300x227.jpg\" alt=\"\" width=\"300\" height=\"227\" srcset=\"http:\/\/mtn-togo.org\/wp-content\/uploads\/2012\/07\/Manif-CST-FRAC-21-juillet-20122-300x227.jpg 300w, http:\/\/mtn-togo.org\/wp-content\/uploads\/2012\/07\/Manif-CST-FRAC-21-juillet-20122.jpg 395w\" sizes=\"(max-width: 300px) 100vw, 300px\" \/><\/a>Le Collectif \u00ab\u00a0Sauvons le Togo\u00a0\u00bb n\u2019a pas pu tenir ce samedi \u00e0 Kara son meeting de sensibilisation, le premier d\u2019une s\u00e9rie qu\u2019il organise \u00e0 travers tout le pays. Les miliciens puissamment arm\u00e9s ont emp\u00each\u00e9 la r\u00e9union sur les regards complices des forces de l\u2019ordre.<\/p>\n<p><!--more-->N\u2019ayant pas r\u00e9ussi \u00e0 d\u00e9courager les responsables du Collectif par des entraves administratives.<\/p>\n<div>Deux terrains r\u00e9serv\u00e9s pour le meeting ont \u00e9t\u00e9 refus\u00e9s d\u2019acc\u00e8s pour, dit-on, le tournoi Maman N\u2019Dahanida. C\u2019est enfin la m\u00e9thode forte qui a \u00e9t\u00e9 utilis\u00e9e. \u00ab\u00a0Je ne veux voir personne ici. C\u2019est \u00e0 Lom\u00e9 que vous pouvez vous livrer \u00e0 ces genres de choses. On ne peut\u00a0\u00a0tol\u00e9rer de casse \u00e0 Kara\u00a0\u00bb, propos tenus par un des miliciens rapport\u00e9 par un confr\u00e8re sur place.<\/div>\n<p>Des bless\u00e9s sont signal\u00e9s dont un professeur d\u2019Universit\u00e9 bless\u00e9 \u00e0 la main et \u00e0 la t\u00eate et un observateur de la Ligue togolaise des droits de l\u2019Homme, un expatri\u00e9. Deux autres personnes seraient arr\u00eat\u00e9es et d\u00e9tenues par les miliciens.<\/p>\n<p>Par cette attitude r\u00e9trograde qui tente \u00e0 souscrire Kara\u00a0du territoire togolais, les responsables du pays ont confirm\u00e9 la th\u00e8se du Collectif qui avait annonc\u00e9 que le pouvoir r\u00e9activait ses miliciens pour emp\u00eacher leur meeting.<\/p>\n<p>Face \u00e0 ces d\u00e9bordements, les responsables du Collectif qui ont presque fait le d\u00e9placement de la ville notamment Zeus\u00a0Ajavon, Rapha\u00eal Kpand\u00e9, Claude Am\u00e9ganvi, Agb\u00e9yom\u00e9 Kodjo (dont le v\u00e9hicule a failli \u00eatre caillass\u00e9), Francis Pedro Amuzu\u2026se sont repli\u00e9s sur Sokod\u00e9.<\/p>\n<p>Selon plusieurs t\u00e9moins, le chef de l\u2019Etat qui s\u00e9journe \u00e0 Kara aurait fait distribuer de fortes sommes la nuit du vendredi pour dissuader la population de la Kozah de se mobiliser.<\/p>\n<p>Pour l\u2019instant le Collectif \u00ab\u00a0Sauvons le Togo\u00a0\u00bb maintient le meeting pr\u00e9vu ce dimanche \u00e0\u00a0Sokod\u00e9.<\/p>\n<p>source:<a href=\"http:\/\/www.mo5-togo.com\/actualites\/4500-togo--le-meeting-du-collectif-l-sauvons-le-togo-r-empeche-a-kara.html\" target=\"_blank\"> mo5-togo.com<\/a><\/p>\n","protected":false},"excerpt":{"rendered":"<p>Le Collectif \u00ab\u00a0Sauvons le Togo\u00a0\u00bb n\u2019a pas pu tenir ce samedi \u00e0 Kara son meeting de sensibilisation, le premier d\u2019une s\u00e9rie qu\u2019il organise \u00e0 travers tout le pays. Les miliciens puissamment arm\u00e9s ont emp\u00each\u00e9 la r\u00e9union sur les regards complices des forces de l\u2019ordre.<\/p>\n","protected":false},"author":7,"featured_media":0,"comment_status":"closed","ping_status":"open","sticky":false,"template":"","format":"standard","meta":[],"categories":[1],"tags":[47],"_links":{"self":[{"href":"http:\/\/mtn-togo.org\/index.php?rest_route=\/wp\/v2\/posts\/1461"}],"collection":[{"href":"http:\/\/mtn-togo.org\/index.php?rest_route=\/wp\/v2\/posts"}],"about":[{"href":"http:\/\/mtn-togo.org\/index.php?rest_route=\/wp\/v2\/types\/post"}],"author":[{"embeddable":true,"href":"http:\/\/mtn-togo.org\/index.php?rest_route=\/wp\/v2\/users\/7"}],"replies":[{"embeddable":true,"href":"http:\/\/mtn-togo.org\/index.php?rest_route=%2Fwp%2Fv2%2Fcomments&post=1461"}],"version-history":[{"count":4,"href":"http:\/\/mtn-togo.org\/index.php?rest_route=\/wp\/v2\/posts\/1461\/revisions"}],"predecessor-version":[{"id":1463,"href":"http:\/\/mtn-togo.org\/index.php?rest_route=\/wp\/v2\/posts\/1461\/revisions\/1463"}],"wp:attachment":[{"href":"http:\/\/mtn-togo.org\/index.php?rest_route=%2Fwp%2Fv2%2Fmedia&parent=1461"}],"wp:term":[{"taxonomy":"category","embeddable":true,"href":"http:\/\/mtn-togo.org\/index.php?rest_route=%2Fwp%2Fv2%2Fcategories&post=1461"},{"taxonomy":"post_tag","embeddable":true,"href":"http:\/\/mtn-togo.org\/index.php?rest_route=%2Fwp%2Fv2%2Ftags&post=1461"}],"curies":[{"name":"wp","href":"https:\/\/api.w.org\/{rel}","templated":true}]}}