{"id":1473,"date":"2012-08-08T09:33:56","date_gmt":"2012-08-08T14:33:56","guid":{"rendered":"http:\/\/mtn-togo.org\/?p=1473"},"modified":"2012-08-08T09:34:31","modified_gmt":"2012-08-08T14:34:31","slug":"patrick-tevi-benissannouveau-secretaire-general-nomme-par-faure-gnassingbe-a-la-presidence-son-papa-avait-deja-vole-le-togo-dans-les-annees-1980","status":"publish","type":"post","link":"http:\/\/mtn-togo.org\/?p=1473","title":{"rendered":"Patrick T\u00eavi-Benissan,nouveau Secr\u00e9taire g\u00e9n\u00e9ral nomm\u00e9 par Faure Gnassingb\u00e9 \u00e0 la Pr\u00e9sidence: Son papa avait d\u00e9j\u00e0 vol\u00e9 le Togo dans les ann\u00e9es 1980 !"},"content":{"rendered":"<div id=\"txt_494_C01\">\n<div><wbr><wbr><wbr><wbr><\/wbr><a href=\"http:\/\/mtn-togo.org\/wp-content\/uploads\/2012\/08\/Patrick-Benissan-Secretaire-general-del-la-presidence.png\"><img loading=\"lazy\" class=\"alignleft size-full wp-image-1474\" title=\"Patrick-Benissan-Secretaire-general-de-la-presidence-du Togo\" src=\"http:\/\/mtn-togo.org\/wp-content\/uploads\/2012\/08\/Patrick-Benissan-Secretaire-general-del-la-presidence.png\" alt=\"\" width=\"138\" height=\"130\" \/><\/a><\/wbr><\/wbr><\/wbr><\/div>\n<\/div>\n<div id=\"txt_497_C01\">\n<div>\n<div id=\"txt_497_C01\">\n<div>Il faut \u00eatre clair. Aucune r\u00e8gle universelle ne dit pas qu\u2019un <strong>\u00ab \u00a0p\u00e8re voleur \u00bb<\/strong> enfante n\u00e9cessairement d&#8217;un<strong> \u00ab fils voleur \u00bb<\/strong>. Sauf qu\u2019au Togo, il y a bien exception \u00e0 cette \u00a0r\u00e8gle. Ce qui \u00a0nous am\u00e8ne \u00e0 dire que la racaille autour de Faure, a qui le p\u00e8re, qui l\u2019oncle, qui le cousin qui a par le pass\u00e9 trahi, vol\u00e9 ou pill\u00e9 la r\u00e9publique. Chose curieuse, leurs enfants \u00e9voluent dans le m\u00eame sillage.<\/div>\n<div><!--more-->\u00a0On peut citer p\u00eale-m\u00eale Elliot Ohin actuel ministre des Affaires Etrang\u00e8res dont le p\u00e8re avait bien trahi Sylvanus Olympio pour se ranger du c\u00f4t\u00e9 d\u2019Eyadema\u2026<\/div>\n<\/div>\n<\/div>\n<\/div>\n<p>Quand on a annonc\u00e9 tambour battant qu\u2019un certain<strong> Patrick Dat\u00e9 T\u00eavi- Benissan<\/strong> venait d\u2019\u00eatre nomm\u00e9 au poste de Secr\u00e9taire g\u00e9n\u00e9ral de la Pr\u00e9sidence de la R\u00e9publique togolaise, l\u2019id\u00e9e qui a travers\u00e9 toutes les t\u00eates au Togo est celle-ci : <strong>\u00ab Ce n\u2019est pas le fils du grand voleur et ministre des finances qui a tout pill\u00e9 et s\u2019est refugi\u00e9 aux Etats-Unis dans les ann\u00e9es 1980 ? \u00bb<\/strong>.<\/p>\n<p>De fil\u00a0en aiguille, le Lynx est encore et comme toujours all\u00e9\u00a0au del\u00e0 \u00a0o\u00f9, notre confr\u00e8re Togocity sous la plume d\u2019Ekue Satchavi magnifie le\u00a0p\u00e8re voleur,\u00a0le grand bandit, le voyou de la r\u00e9publique : \u00a0<strong>\u00ab \u00a0Jean T\u00e9t\u00e9 T\u00eavi \u2013Benissan ; Directeur g\u00e9n\u00e9ral des Douanes, plusieurs fois Gouverneur du Togo \u00e0 la BAD, BCEAO et au FMI, mais aussi \u00e0 maintes reprises Ministre de l\u2019Economie et des Finances dans les ann\u00e9es 60 \u00e0 80 sous le r\u00e9gime Eyadema avant d\u2019 \u00ab \u00e9migrer \u00bb en Am\u00e9rique du Nord, plus probablement au Canada \u00bb<\/strong> \u00e9crit-il. Mais ce que le confr\u00e8re Eku\u00e9 Satchavi a oubli\u00e9 de bien mentionner ; est que le voleur n\u2019avait pas \u00ab immigr\u00e9 \u00bb pour le plaisir, lui l\u2019argentier qui jouissait de tous les honneurs sous la dictature ; mais plut\u00f4t avait \u00a0pris la poudre d\u2019escampette avec dans ses valises des milliards de tous les Togolais. Cela aussi constitue une d\u00e9sinformation monstre du confr\u00e8re qu\u2019il faut corriger avec en plus des excuses au peuple Togolais. \u00a0\u00c0 moins que le confr\u00e8re soit aussi dans la confr\u00e9rie des journalistes togolais de Bruxelles qui accepte que des hommes d\u2019une partie du Togo volent et qu\u2019on cache le vol\u2026. Pourvu qu\u2019il soit du sud Togo !<\/p>\n<p><strong>Des dipl\u00f4mes de trop au palais de \u00a0la Marina !<\/strong><\/p>\n<p>La derni\u00e8re fois o\u00f9 le\u00a0 fr\u00e8re d\u2019Ingrid Awad\u00e9 est somm\u00e9 de parler, de se d\u00e9fendre \u00e0 Lynx.info, il a plut\u00f4t pr\u00e9f\u00e9r\u00e9 descendre un CV, son CV qui fait de lui un employ\u00e9 chez Renault, quand il est chez les blancs. Et une t\u00eate bien pensante du syst\u00e8me de pillage aux c\u00f4t\u00e9s de sa petite s\u0153ur quand il est au Togo. La preuve, il est celui-l\u00e0 qui g\u00e8re la p\u00e8gre dans la diaspora qui doit toutes fois se planter en renfort aux c\u00f4t\u00e9s de Faure, quand il y a \u00e9lection au Togo\u2026 Un coursier aux dents longues en somme. Ici, l\u2019objectif est de rendre le dipl\u00f4me long. Au cursus universitaire normal, on ajoute quelques attestations de \u00a0\u00ab Workshop \u00bb et des s\u00e9minaires glan\u00e9s ici et l\u00e0. Et cette sauce, <strong>Dat\u00e9 Patrick T\u00eavi- Benissan<\/strong> \u00e0 d\u00e9j\u00e0 par le pass\u00e9 avec son \u00ab p\u00e8re voleur \u00bb pris go\u00fbt et sait comment\u00a0\u00a0rouler la m\u00e9canique. Dans un Togo, o\u00f9 le dipl\u00f4me est d\u2019abord per\u00e7u comme un s\u00e9same pour \u00ab voler \u00bb, personne ne se fait plus prier pour \u00e9taler les faux dipl\u00f4mes, les dipl\u00f4mes tordus comme les fictifs sur la place publique. Cela s\u2019apparente \u00e0 une mode. On a vu le CV avec \u00a0le &#8220;magnifique&#8221; Pascal Bodjona ; o\u00f9 il \u00a0est \u00e9crit blanc sur noir comme nanti d\u2019un dipl\u00f4me en Sciences Politiques de l\u2019universit\u00e9 de Washington. Pour quelqu\u2019un qui n\u2019a pas encore pu faire une phrase anglaise correcte, il va sans dire que, quelque chose\u00a0\u00abcale\u00a0\u00bb\u00a0encore dans l\u2019administration togolaise et bien loin dans la justice togolaise.<\/p>\n<p><strong>Quand feu Djobo Boukari rencontre feu Jean T\u00e9t\u00e9 T\u00eavi \u2013Benissan aux Etats-Unis<\/strong><\/p>\n<p>Quand \u00a0feu Djobo Boukari, ministre de l\u2019\u00e9conomie et des \u00a0finances sous Eyadema est trahi comme beaucoup de ses pairs qui constituait l\u2019intelligentsia togolaise par feu Alexis Mivedor qui \u00e9tait all\u00e9 avertir Eyadema \u00a0d\u2019un complot de coup d\u2019Etat contre lui, il fallait trouver la parade et dans l\u2019imm\u00e9diat. Le Tem prend la cl\u00e9 des champs pour sauver sa peau. Il est rapidement r\u00e9cup\u00e9r\u00e9 dans sa fuite par le PNUD. C\u2019est dans sa tani\u00e8re am\u00e9ricaine qu\u2019il apprend que le voleur <strong>Jean T\u00e9t\u00e9 T\u00eavi-Benissan<\/strong> et ministre des finances \u00a0a ratiss\u00e9 les milliards du Togo et s\u2019est refugi\u00e9 en Am\u00e9rique du Nord, o\u00f9 il navigue entre les Etats-Unis et le Canada. Cela ne pouvait pas durer que les deux ex-argentiers du Togo ne se rencontrent. Si le premier est fier d\u2019avoir quitt\u00e9 le Togo sans avoir pris un seul centime du contribuable, la crapule Jean T\u00e9t\u00e9 T\u00eavi-Benissan a bien lui, pris les milliards avant de prendre la fuite. La preuve au Canada, il ouvre des restaurants qui vont fermer \u00a0les portes les uns apr\u00e8s les autres par la suite. C\u2019est dans ce d\u00e9cor surr\u00e9aliste qu\u2019un matin Jean T\u00e9t\u00e9 T\u00eavi-Benissan \u00ab le voleur \u00bb \u00a0toque \u00e0 la porte de Djobo Boukari. Apr\u00e8s quelques politesses, feu Djobo Boukari demande \u00e0 son curieux visiteur le but de sa nouvelle vie en Am\u00e9rique. Balbutiements, t\u00eate baiss\u00e9e\u2026.il raconte comment il a vol\u00e9 l\u2019argent avant de d\u00e9taler. Le Tem plus que pr\u00e9cis :<strong> \u00ab Jean, dis moi\u2026. Dans ce monde tu n\u2019as rien trouv\u00e9 \u00e0 voler, \u00e0 piller, c\u2019est l\u2019argent de tous les \u00a0Togolais que tu as pris pour toi et tes enfants ? \u00bb.<\/strong> Regrets et larmes s\u2019en suivent\u2026 Djobo Boukari prend cong\u00e9 du \u00a0\u00ab ministre voleur \u00bb qui mourra bien s\u00fbr dans son exil am\u00e9ricain dans des conditions pitoyables. Il se raconte que les enfants avaient tout qui leur \u00e9tait trac\u00e9 pour remplacer le p\u00e8re\u2026d\u2019autant plus qu\u2019on ne rentre pas dans les banques qu\u2019Eku\u00e9 Satchavi liste comme dans une \u00e9picerie, si papa n\u2019a pas une fortune et des relations qui parlent d\u2019elles m\u00eames\u2026.<\/p>\n<p><strong>Les fils de voleurs se rencontrent toujours !<\/strong><\/p>\n<p>De Faure Gnassingb\u00e9 \u00e0 \u00a0Dat\u00e9 Patrick Tevi Benissan, l\u2019histoire est t\u00eatue. Celui que Nicolas Lawson d\u00e9crit au micro du confr\u00e8re Sylvain Amos de Kanal K comme un enfant n\u00e9 avec une cuill\u00e8re d\u2019or dans la bouche n\u2019est pas celui l\u00e0 qui, a pour devise de hisser l\u2019enfant du pauvre\u2026.bien au contraire, il voue une haine visc\u00e9rale contre les pauvres et leurs enfants. Dans son cercle imm\u00e9diat, on compte d\u2019abord les enfants d\u2019anciens voleurs de la R\u00e9publique. Ensuite les amis d\u2019enfance et les filles aux m\u0153urs l\u00e9g\u00e8res qui servent plus d\u2019espionnes que de ma\u00eetresses. Quand on veut diriger longtemps un pays, des notions, sinon le BA-BA de Machiavel qu\u2019il faut conna\u00eetre par c\u0153ur. A cela, la franc-ma\u00e7onnerie \u00e0 pris possession du prince togolais \u00a0et peut aussi l\u2019intimer l&#8217;ordre de nommer le \u00ab fr\u00e8re ma\u00e7on \u00bb \u00a0selon ses capacit\u00e9s de vol ou de nuisance au profit de la secte. Sinon, on ne choisi pas le fils de quelqu\u2019un qui a \u00e9t\u00e9 dans l\u2019histoire de la nation une vraie calamit\u00e9 \u00e0 un poste aussi sensible et visible comme celui de <strong>Secr\u00e9taire g\u00e9n\u00e9ral de la Pr\u00e9sidence.<\/strong> Quand on sait que le minist\u00e8re des mines est rest\u00e9 vacant, on peut s\u2019imaginer le but que Faure et \u00a0Dat\u00e9 Tevi Benissan se sont fix\u00e9s\u2026.pour que le premier l\u2019y ajoute non seulement le poste de secr\u00e9taire la pr\u00e9sidence mais aussi celui de secr\u00e9taire avec rang de ministre. Charles Debbasch \u00e0 de quoi se d\u00e9fendre un jour si la justice togolaise devrait le coincer pour faux et usage de faux. Lui est aussi conseiller de la pr\u00e9sidence avec rang de ministre.<\/p>\n<p><strong>Ne rien attendre : T\u00e8vi Benissan &#8221; Junior&#8221; est venu pour piller !<\/strong><\/p>\n<p>C\u2019est ce poste tr\u00e8s juteux de s\u00e9cr\u00e9taire \u00e0 la pr\u00e9sidence qui a fait de Koffi Djondo\u00a0ce qu&#8217;il est aujourd&#8217;hui : Tout puissant patron d\u2019Asky, une compagnie a\u00e9rienne dont personne n&#8217;a pu d\u00e9terminer jusqu&#8217;\u00e0 nos jours les sources de\u00a0son enrichissement r\u00e9voltant. Quand les phosphates \u00e9taient a un prix, o\u00f9 toutes les puissances occidentales\u00a0\u00e9taient aux pieds du petit Togo, l\u2019homme avait brill\u00e9 dans le grand brigandage. Avec un analphab\u00e8te de la trempe d\u2019Eyadema, l&#8217;inamovible ex -s\u00e9cretaire \u00e0 la pr\u00e9sidence Koffi\u00a0Djondo et le juif Maurice Assor qui officiait comme conseiller \u00e9conomique\u00a0\u00e0 la pr\u00e9sidence\u00a0font main basse sur les richesses des Togolais et se constituent tous les deux,\u00a0une richesse formidable. C\u2019est dans ce d\u00e9cor que Faure a voulu continuer avec les fils d\u2019anciens voleurs. Lui-m\u00eame \u00e9tant sur la liste le premier. C\u2019est ici qu\u2019il faut mettre le doigt sur le journalisme au Togo. Notre r\u00f4le est de r\u00e9v\u00e9ler aux Togolais ce qui s\u2019est pass\u00e9 dans leur pays il y a mille ans, cent ans cinquante ou 10 ans. Notre r\u00f4le n\u2019est pas de \u00a0magnifier les voleurs et leurs enfants. Notre r\u00f4le n\u2019est pas de fermer les yeux sur les horreurs des parents des voleurs. Comment s\u2019imaginer que la \u00ab ventrocratie \u00bb ait envahi la r\u00e9publique avec en t\u00eate les journalistes plus destructeurs que moralisateurs de la cit\u00e9 ? Heureusement que votre Lynx est l\u00e0 et <strong>\u00ab kankp\u00e9 \u00bb<\/strong> pour rectifier les torts faits au peuple par une ancienne \u00e9lite et maintenant par leurs enfants !<\/p>\n<p><strong>Taffa Biassi Lynx.info<\/strong><\/p>\n","protected":false},"excerpt":{"rendered":"<p>Il faut \u00eatre clair. Aucune r\u00e8gle universelle ne dit pas qu\u2019un \u00ab \u00a0p\u00e8re voleur \u00bb enfante n\u00e9cessairement d&#8217;un \u00ab fils voleur \u00bb. Sauf qu\u2019au Togo, il y a bien exception \u00e0 cette \u00a0r\u00e8gle. Ce qui \u00a0nous am\u00e8ne \u00e0 dire que la racaille autour de Faure, a qui le p\u00e8re, qui l\u2019oncle, qui le cousin qui [&hellip;]<\/p>\n","protected":false},"author":7,"featured_media":0,"comment_status":"closed","ping_status":"open","sticky":false,"template":"","format":"standard","meta":[],"categories":[1],"tags":[],"_links":{"self":[{"href":"http:\/\/mtn-togo.org\/index.php?rest_route=\/wp\/v2\/posts\/1473"}],"collection":[{"href":"http:\/\/mtn-togo.org\/index.php?rest_route=\/wp\/v2\/posts"}],"about":[{"href":"http:\/\/mtn-togo.org\/index.php?rest_route=\/wp\/v2\/types\/post"}],"author":[{"embeddable":true,"href":"http:\/\/mtn-togo.org\/index.php?rest_route=\/wp\/v2\/users\/7"}],"replies":[{"embeddable":true,"href":"http:\/\/mtn-togo.org\/index.php?rest_route=%2Fwp%2Fv2%2Fcomments&post=1473"}],"version-history":[{"count":3,"href":"http:\/\/mtn-togo.org\/index.php?rest_route=\/wp\/v2\/posts\/1473\/revisions"}],"predecessor-version":[{"id":1477,"href":"http:\/\/mtn-togo.org\/index.php?rest_route=\/wp\/v2\/posts\/1473\/revisions\/1477"}],"wp:attachment":[{"href":"http:\/\/mtn-togo.org\/index.php?rest_route=%2Fwp%2Fv2%2Fmedia&parent=1473"}],"wp:term":[{"taxonomy":"category","embeddable":true,"href":"http:\/\/mtn-togo.org\/index.php?rest_route=%2Fwp%2Fv2%2Fcategories&post=1473"},{"taxonomy":"post_tag","embeddable":true,"href":"http:\/\/mtn-togo.org\/index.php?rest_route=%2Fwp%2Fv2%2Ftags&post=1473"}],"curies":[{"name":"wp","href":"https:\/\/api.w.org\/{rel}","templated":true}]}}