{"id":1490,"date":"2012-08-12T05:58:08","date_gmt":"2012-08-12T10:58:08","guid":{"rendered":"http:\/\/mtn-togo.org\/?p=1490"},"modified":"2012-08-12T17:15:06","modified_gmt":"2012-08-12T22:15:06","slug":"togole-juge-dinstruction-a-inculpe-pascal-bodjona-lex-ministre-de-ladministration-territoriale-et-des-collectivites-locales","status":"publish","type":"post","link":"http:\/\/mtn-togo.org\/?p=1490","title":{"rendered":"Togo:Le juge d&#8217;instruction a inculp\u00e9 Pascal Bodjona, l&#8217;ex ministre de l&#8217;administration territoriale et des collectivit\u00e9s locales"},"content":{"rendered":"<p><a href=\"http:\/\/mtn-togo.org\/wp-content\/uploads\/2012\/08\/bodjona-justice-400.jpg\"><img loading=\"lazy\" class=\"alignleft  wp-image-1491\" title=\"bodjona-justice-400\" src=\"http:\/\/mtn-togo.org\/wp-content\/uploads\/2012\/08\/bodjona-justice-400-300x270.jpg\" alt=\"\" width=\"270\" height=\"240\" \/><\/a>Le feuilleton de la justice togolaise\u00a0et Pascal Bodjona, se poursuit dans l\u2019affaire Sow Bertin\u00a0Agba. Visiblement, le plan initial visant \u00e0 d\u00e9poser l\u2019ancien ministre de l\u2019Administration territoriale, \u00e0 la prison, n\u2019a pas bien fonctionn\u00e9. Reste \u00e0 savoir si Faure Gnassingb\u00e9 et ses \u00ab s\u00e9curocrates \u00bb, vont revenir \u00e0 la charge et comment ?<\/p>\n<p><!--more-->Attendue dans la matin\u00e9e du vendredi 10 Ao\u00fbt \u00e0 08 heures, l\u2019audition de l\u2019ancien Ministre de l\u2019Administration Territoriale, a eu lieu finalement en fin d\u2019apr\u00e8s midi. \u00ab Pascal Bodjona\u00a0a \u00e9t\u00e9 entendu par des magistrats aux environs de 17 heures \u00bb, nous a confi\u00e9 une source proche du dossier. Un stratag\u00e8me bien connu \u00e0 la police et \u00e0 la justice, consistant \u00e0 faire \u00e9couter des pr\u00e9venus qu\u2019on souhaite garder, un vendredi en fin de journ\u00e9e. Cela permet d\u2019\u00e9viter toute r\u00e9action et de voir passer le week-end pour placer tout le monde devant le fait accompli.<\/p>\n<p>Selon les informations de KOACI.COM, une fois en face des juges, Pascal Bodjona\u00a0convoqu\u00e9 comme t\u00e9moin pour d\u00e9poser dans l\u2019affaire qui oppose l\u2019homme d\u2019affaires \u00e9mirati Abass al Youssef\u00a0\u00e0 son partenaire togolais\u00a0Bertin\u00a0Agba, s\u2019est vu signifier qu\u2019il va \u00eatre \u00e9cout\u00e9 en qualit\u00e9 \u00ab inculp\u00e9 \u00bb. \u00ab Ca\u00a0a\u00a0\u00e9t\u00e9 tr\u00e8s houleux \u00bb, nous a\u00a0rapport\u00e9 notre source, ajoutant que les juges en charge de l\u2019audition, recevait des injonctions au t\u00e9l\u00e9phone. Le nom du Garde des Sceaux, Ministre de la justice Tchitchao\u00a0Tchalim\u00a0dont le nom est cit\u00e9 dans la falsification du rapport de la CNH sur la torture, revient de m\u00eame que celui du pr\u00e9sident d\u00e9chu de la Cour Supr\u00eame.<br \/>\n\u00ab Finalement, les juges ont refus\u00e9 d\u2019assumer le mauvais r\u00f4le qu\u2019on attendait d\u2019eux \u00bb, a comment\u00e9 notre source. Pascal Bodjona est donc retourn\u00e9 dans sa maison, pendant qu\u2019en ville, des rumeurs circulaient sur son arrestation. Selon une autre source, il serait \u00e0 nouveau convoqu\u00e9 pour lundi, le 13 Ao\u00fbt prochain.<\/p>\n<p>koaci.com<\/p>\n","protected":false},"excerpt":{"rendered":"<p>Le feuilleton de la justice togolaise\u00a0et Pascal Bodjona, se poursuit dans l\u2019affaire Sow Bertin\u00a0Agba. Visiblement, le plan initial visant \u00e0 d\u00e9poser l\u2019ancien ministre de l\u2019Administration territoriale, \u00e0 la prison, n\u2019a pas bien fonctionn\u00e9. Reste \u00e0 savoir si Faure Gnassingb\u00e9 et ses \u00ab s\u00e9curocrates \u00bb, vont revenir \u00e0 la charge et comment ?<\/p>\n","protected":false},"author":7,"featured_media":0,"comment_status":"closed","ping_status":"open","sticky":false,"template":"","format":"standard","meta":[],"categories":[1],"tags":[],"_links":{"self":[{"href":"http:\/\/mtn-togo.org\/index.php?rest_route=\/wp\/v2\/posts\/1490"}],"collection":[{"href":"http:\/\/mtn-togo.org\/index.php?rest_route=\/wp\/v2\/posts"}],"about":[{"href":"http:\/\/mtn-togo.org\/index.php?rest_route=\/wp\/v2\/types\/post"}],"author":[{"embeddable":true,"href":"http:\/\/mtn-togo.org\/index.php?rest_route=\/wp\/v2\/users\/7"}],"replies":[{"embeddable":true,"href":"http:\/\/mtn-togo.org\/index.php?rest_route=%2Fwp%2Fv2%2Fcomments&post=1490"}],"version-history":[{"count":4,"href":"http:\/\/mtn-togo.org\/index.php?rest_route=\/wp\/v2\/posts\/1490\/revisions"}],"predecessor-version":[{"id":1493,"href":"http:\/\/mtn-togo.org\/index.php?rest_route=\/wp\/v2\/posts\/1490\/revisions\/1493"}],"wp:attachment":[{"href":"http:\/\/mtn-togo.org\/index.php?rest_route=%2Fwp%2Fv2%2Fmedia&parent=1490"}],"wp:term":[{"taxonomy":"category","embeddable":true,"href":"http:\/\/mtn-togo.org\/index.php?rest_route=%2Fwp%2Fv2%2Fcategories&post=1490"},{"taxonomy":"post_tag","embeddable":true,"href":"http:\/\/mtn-togo.org\/index.php?rest_route=%2Fwp%2Fv2%2Ftags&post=1490"}],"curies":[{"name":"wp","href":"https:\/\/api.w.org\/{rel}","templated":true}]}}