{"id":1517,"date":"2012-08-14T15:40:54","date_gmt":"2012-08-14T20:40:54","guid":{"rendered":"http:\/\/mtn-togo.org\/?p=1517"},"modified":"2012-08-15T18:47:28","modified_gmt":"2012-08-15T23:47:28","slug":"gesticulation-autour-de-laffaire-judiciaire-bodjona-les-togolais-ont-ils-la-memoire-courte","status":"publish","type":"post","link":"http:\/\/mtn-togo.org\/?p=1517","title":{"rendered":"Gesticulation autour de l&#8217;affaire Judiciaire Bodjona, les Togolais ont-ils la m\u00e9moire courte ?"},"content":{"rendered":"<p><a href=\"http:\/\/mtn-togo.org\/wp-content\/uploads\/2012\/08\/bodjona-pascal-ministre-400.jpg\"><img loading=\"lazy\" class=\"alignleft  wp-image-1524\" title=\"bodjona-pascal-eancien-ministre-administration-territoriale\" src=\"http:\/\/mtn-togo.org\/wp-content\/uploads\/2012\/08\/bodjona-pascal-ministre-400-300x255.jpg\" alt=\"\" width=\"255\" height=\"200\" \/><\/a>Depuis la convocation de l&#8217;ancien ministre de l&#8217;Administration territoriale et\u00a0des collectivit\u00e9s locales par la justice dans l&#8217;affaire d&#8217;escroquerie internationale, la presse priv\u00e9e se d\u00e9cha\u00eene entrainant l&#8217;opinion dans\u00a0une \u00a0nouvelle cause de d\u00e9fense de l&#8217;acteur cl\u00e9 de la mont\u00e9e au pouvoir de Faure Gnassingb\u00e9 dans un bain de sang.<\/p>\n<p><!--more-->On a \u00a0l&#8217;impression que les Togolais\u00a0ont la m\u00e9moire courte. Avant de s&#8217;inqui\u00e9ter du sort judiciaire de Bodjona\u00a0aujourd&#8217;hui, \u00e9coutons l&#8217;interview que ce dernier a accord\u00e9e \u00e0 RFI en avril 2005, en sa qualit\u00e9 de directeur de campagne de Faure\u00a0Ganssingb\u00e9, lors du masacre\u00a0des Togolais\u00a0 qui a permis \u00e0 Faure Gnassingb\u00e9 de prendre le pouvoir dans un bain de sang en avril 2005 .<span style=\"color: #ff0000;\"><a title=\"Ecouter Bodjona \" href=\"http:\/\/telechargement.rfi.fr.edgesuite.net\/archives\/mere\/ftp\/Audio\/Francais\/R064\/togo_bodjonapascal_20050428.wmv\"><span style=\"color: #ff0000;\"><strong>\u00c9couter\u00a0 Pascal Bodjona<\/strong> <\/span><\/a><\/span><\/p>\n<p>Puisque Bodjona\u00a0affirme dans l&#8217;interview que le Togo est une d\u00e9mocratie, nous devons laisser la justice \u00a0faire son travail\u00a0 en toute s\u00e9r\u00e9nit\u00e9 comme dans toute d\u00e9mocratie. &#8221;Nul\u00a0 ne peut, du fait\u00a0 de son appartenance politique,\u00a0\u00a0se mettre\u00a0au\u00a0dessus de la loi &#8221; dixit Pascal Akousoul\u00e8lou\u00a0Bodjona<\/p>\n<p>Sans commentaire<\/p>\n<p>Gnagou\u00a0Matolaba\u00a0Djalima\u00a0 <a href=\"http:\/\/www.mtn-togo.org\/\">www.mtn-togo.org<\/a><\/p>\n","protected":false},"excerpt":{"rendered":"<p>Depuis la convocation de l&#8217;ancien ministre de l&#8217;Administration territoriale et\u00a0des collectivit\u00e9s locales par la justice dans l&#8217;affaire d&#8217;escroquerie internationale, la presse priv\u00e9e se d\u00e9cha\u00eene entrainant l&#8217;opinion dans\u00a0une \u00a0nouvelle cause de d\u00e9fense de l&#8217;acteur cl\u00e9 de la mont\u00e9e au pouvoir de Faure Gnassingb\u00e9 dans un bain de sang.<\/p>\n","protected":false},"author":7,"featured_media":0,"comment_status":"closed","ping_status":"open","sticky":false,"template":"","format":"standard","meta":[],"categories":[1],"tags":[49],"_links":{"self":[{"href":"http:\/\/mtn-togo.org\/index.php?rest_route=\/wp\/v2\/posts\/1517"}],"collection":[{"href":"http:\/\/mtn-togo.org\/index.php?rest_route=\/wp\/v2\/posts"}],"about":[{"href":"http:\/\/mtn-togo.org\/index.php?rest_route=\/wp\/v2\/types\/post"}],"author":[{"embeddable":true,"href":"http:\/\/mtn-togo.org\/index.php?rest_route=\/wp\/v2\/users\/7"}],"replies":[{"embeddable":true,"href":"http:\/\/mtn-togo.org\/index.php?rest_route=%2Fwp%2Fv2%2Fcomments&post=1517"}],"version-history":[{"count":19,"href":"http:\/\/mtn-togo.org\/index.php?rest_route=\/wp\/v2\/posts\/1517\/revisions"}],"predecessor-version":[{"id":1519,"href":"http:\/\/mtn-togo.org\/index.php?rest_route=\/wp\/v2\/posts\/1517\/revisions\/1519"}],"wp:attachment":[{"href":"http:\/\/mtn-togo.org\/index.php?rest_route=%2Fwp%2Fv2%2Fmedia&parent=1517"}],"wp:term":[{"taxonomy":"category","embeddable":true,"href":"http:\/\/mtn-togo.org\/index.php?rest_route=%2Fwp%2Fv2%2Fcategories&post=1517"},{"taxonomy":"post_tag","embeddable":true,"href":"http:\/\/mtn-togo.org\/index.php?rest_route=%2Fwp%2Fv2%2Ftags&post=1517"}],"curies":[{"name":"wp","href":"https:\/\/api.w.org\/{rel}","templated":true}]}}