{"id":1539,"date":"2012-08-17T11:03:17","date_gmt":"2012-08-17T16:03:17","guid":{"rendered":"http:\/\/mtn-togo.org\/?p=1539"},"modified":"2012-08-17T11:03:22","modified_gmt":"2012-08-17T16:03:22","slug":"maitre-djovi-gally-demissionne-de-lufc-pour-cause-de-divergences-de-vue","status":"publish","type":"post","link":"http:\/\/mtn-togo.org\/?p=1539","title":{"rendered":"Ma\u00eetre Djovi Gally d\u00e9missionne de l\u2019UFC pour cause de divergences de vue"},"content":{"rendered":"<p><a href=\"http:\/\/mtn-togo.org\/wp-content\/uploads\/2012\/08\/gally-ufc-demission-4001.jpg\"><img loading=\"lazy\" class=\"alignleft size-medium wp-image-1541\" title=\"gally-ufc-demission-400\" src=\"http:\/\/mtn-togo.org\/wp-content\/uploads\/2012\/08\/gally-ufc-demission-4001-300x228.jpg\" alt=\"\" width=\"300\" height=\"228\" srcset=\"http:\/\/mtn-togo.org\/wp-content\/uploads\/2012\/08\/gally-ufc-demission-4001-300x228.jpg 300w, http:\/\/mtn-togo.org\/wp-content\/uploads\/2012\/08\/gally-ufc-demission-4001.jpg 400w\" sizes=\"(max-width: 300px) 100vw, 300px\" \/><\/a>Apr\u00e8s plusieurs d\u00e9mentis, ce qui n\u2019\u00e9tait que rumeur devient clameur\u00a0: Me Djovi Gally, ancien ministre \u00e2g\u00e9 de 56 ans, a officiellement d\u00e9missionn\u00e9 de l\u2019UFC\u00a0\u00a0pour &#8220;divergences de vue entre lui et la direction du parti en ce qui concerne l\u2019application de l\u2019accord RPT-UFC&#8221;, selon son communiqu\u00e9.<\/p>\n<div><!--more-->Le bruit court depuis des semaines mais la direction de l\u2019UFC avait apport\u00e9 un d\u00e9menti. Me Djovi Gally avait fait une entr\u00e9e tonitruante \u00e0 l\u2019UFC en 2009 qu\u2019il trouvait \u00ab\u00a0objectivement comme le parti non seulement le plus populaire mais proposant une solution vraie pour les Togolais\u00a0\u00bb. Il s\u2019\u00e9tait fait conna\u00eetre aussi comme l\u2019un des principaux artisans de l\u2019accord RPT-UFC. Ce qui fera dire de lui par le chroniqueur Kodjo Epou\u00a0\u00ab\u00a0du versatile politicien \u00e0 l\u2019embl\u00e8me d\u2019une &#8220;opposition choisie&#8221; \u00bb.<\/div>\n<p>Il avait d\u2019ailleurs aid\u00e9, par des artifices juridiques, dit-on, Gilchrist Olympio \u00e0 se d\u00e9barrasser de ses principaux lieutenants, dont Jean-Pierre Fabre, Isabelle Ameganvi et Patrick Lawson qui voulaient prendre l&#8217;UFC; \u00e0 mater la \u00ab\u00a0r\u00e9bellion\u00a0\u00bb au point de pousser ces derniers \u00e0 la scission du parti. Les \u00ab\u00a0rebelles\u00a0\u00bb sont all\u00e9s cr\u00e9er l\u2019Alliance nationale pour le changement (ANC) qui opte aujourd&#8217;hui pour une id\u00e9ologie (socialisme) diam\u00e9tralement oppos\u00e9e \u00e0 celle de l&#8217;UFC (lib\u00e9ralisme).<\/p>\n<p>L\u2019accord RPT-UFC est exhib\u00e9 par Gilchrist Olympio comme une solution de partage du pouvoir entre le RPT et l\u2019UFC, mais aussi comme un enterrement de la hache de guerre de plus de quarante ans entre le clan Gnassingb\u00e9 et sa famille. Mais l\u2019application a montr\u00e9 tr\u00e8s vite ses limites, l\u2019UFC n\u2019a que des strapontins au gouvernement et le partage de la direction des soci\u00e9t\u00e9s d\u2019Etat n\u2019a jamais vu le jour. L\u2019UFC n\u2019a qu\u2019un minist\u00e8re d\u2019Etat aux affaires \u00e9trang\u00e8res d\u00e9pouill\u00e9 de toutes ses pr\u00e9rogatives par un conseiller de Faure Gnassingb\u00e9 aux affaires \u00e9trang\u00e8res.<\/p>\n<p>Concr\u00e8tement cens\u00e9 porter ses fruits &#8220;dans les six mois&#8221;, les limites de l\u2019accord RPT-UFC se sont vite montrer d\u00e8s que le leader historique du parti \u00ab\u00a0d\u00e9tia\u00a0\u00bbest sorti fragilis\u00e9 politiquement de la scission de sa formation politique. Faure Gnassingb\u00e9 ne conservant que par compassion politique un Gilchrist Olympio diminu\u00e9 physiquement et politiquement.<\/p>\n<p>Reste \u00e0 savoir les raisons pour lesquelles Me Djovi Gally d\u00e9missionne r\u00e9ellement, \u00e0 l\u2019or\u00e9e des l\u00e9gislatives prochaines. Car, cet avocat consid\u00e9r\u00e9 \u00e0 tort ou \u00e0 raison comme un des &#8220;transhumants politiques&#8221; des plus embl\u00e9matiques du pays,habile et fin opportuniste \u00e9tait entr\u00e9 \u00e0 l\u2019UFC dans le but de se pr\u00e9senter aux \u00e9lections communales\u00a0\u00a0\u00e0 Lom\u00e9. Me Djovi Gally n\u2019a jamais cach\u00e9 son ambition de devenir maire de la capitale. Or, il appara\u00eet de plus en plus probable que l\u2019UFC n\u2019a plus la c\u00f4te \u00e0 Lom\u00e9 et qu\u2019il est \u00e9galement probable que les \u00e9lections prochaines se jouent entre l\u2019ANC et le RPT. Les carottes \u00e9tant d\u00e9j\u00e0 cuites, Me Djovi Gally n\u2019ayant jamais voulu retourner au gouvernement \u00e0 quelques mois des \u00e9lections, il ne lui reste qu\u2019\u00e0 aller s\u2019occuper de ses &#8220;oignons\u00a0&#8220;, son cabinet d\u2019avocat situ\u00e9 Avenue du 24 janvier.<\/p>\n<p>Comme le\u00e7on de cette histoire, Me Djovi Gally ressemble par trop \u00e0 certains hommes politiques\u00a0\u00a0de l\u2019opposition au Togo \u00e0 qui le m\u00e9tier n\u2019a \u00e9videmment pas r\u00e9ussi. A Gally ce qui est \u00e0 Gally\u00a0: Avocat rebelle d\u00e9fenseur des droits de l&#8217;homme dans les ann\u00e9es 1980-1990 pour avoir anim\u00e9 une conf\u00e9rence bouleversante sur la d\u00e9mocratie et l\u2019Etat de droit- il a notamment discr\u00e9dit\u00e9 le syst\u00e8me de parti unique-, Djovi Gally fut membre du bureau du praesidium de la conf\u00e9rence nationale souveraine. Pr\u00e9sident, entre autres, de l\u2019ONG l\u2019Observatoire panafricain des droits de l\u2019homme (OPAD), Me Djovi Gally n\u2019eut r\u00e9ellement plus de succ\u00e8s par la suite. Proche d\u2019Edem Kodjo, il le quitta pour se promener comme le juif errant avant d\u2019atterrir, \u00e0 la surprise g\u00e9n\u00e9rale, \u00e0 l\u2019UFC. Lui, le mod\u00e9r\u00e9 dans un parti consid\u00e9r\u00e9 comme radical voire extr\u00e9miste \u00e0 l\u2019\u00e9poque. Il aura peut-\u00eatre r\u00e9ussi \u00e0 convertir Gilchrist Olympio \u00e0 une opposition plus que mod\u00e9r\u00e9e, compromise, dira-t-on.<\/p>\n<p>Me Djovi Gally a au moins le m\u00e9rite d&#8217;avoir tourn\u00e9 le dos \u00e0 un accord qui ne marche pas.<\/p>\n<p>( <strong>www.mo5-togo.com<\/strong> )<\/p>\n","protected":false},"excerpt":{"rendered":"<p>Apr\u00e8s plusieurs d\u00e9mentis, ce qui n\u2019\u00e9tait que rumeur devient clameur\u00a0: Me Djovi Gally, ancien ministre \u00e2g\u00e9 de 56 ans, a officiellement d\u00e9missionn\u00e9 de l\u2019UFC\u00a0\u00a0pour &#8220;divergences de vue entre lui et la direction du parti en ce qui concerne l\u2019application de l\u2019accord RPT-UFC&#8221;, selon son communiqu\u00e9.<\/p>\n","protected":false},"author":7,"featured_media":0,"comment_status":"closed","ping_status":"open","sticky":false,"template":"","format":"standard","meta":[],"categories":[1],"tags":[],"_links":{"self":[{"href":"http:\/\/mtn-togo.org\/index.php?rest_route=\/wp\/v2\/posts\/1539"}],"collection":[{"href":"http:\/\/mtn-togo.org\/index.php?rest_route=\/wp\/v2\/posts"}],"about":[{"href":"http:\/\/mtn-togo.org\/index.php?rest_route=\/wp\/v2\/types\/post"}],"author":[{"embeddable":true,"href":"http:\/\/mtn-togo.org\/index.php?rest_route=\/wp\/v2\/users\/7"}],"replies":[{"embeddable":true,"href":"http:\/\/mtn-togo.org\/index.php?rest_route=%2Fwp%2Fv2%2Fcomments&post=1539"}],"version-history":[{"count":3,"href":"http:\/\/mtn-togo.org\/index.php?rest_route=\/wp\/v2\/posts\/1539\/revisions"}],"predecessor-version":[{"id":1544,"href":"http:\/\/mtn-togo.org\/index.php?rest_route=\/wp\/v2\/posts\/1539\/revisions\/1544"}],"wp:attachment":[{"href":"http:\/\/mtn-togo.org\/index.php?rest_route=%2Fwp%2Fv2%2Fmedia&parent=1539"}],"wp:term":[{"taxonomy":"category","embeddable":true,"href":"http:\/\/mtn-togo.org\/index.php?rest_route=%2Fwp%2Fv2%2Fcategories&post=1539"},{"taxonomy":"post_tag","embeddable":true,"href":"http:\/\/mtn-togo.org\/index.php?rest_route=%2Fwp%2Fv2%2Ftags&post=1539"}],"curies":[{"name":"wp","href":"https:\/\/api.w.org\/{rel}","templated":true}]}}