{"id":1567,"date":"2012-08-21T17:25:21","date_gmt":"2012-08-21T22:25:21","guid":{"rendered":"http:\/\/mtn-togo.org\/?p=1567"},"modified":"2012-08-21T17:31:56","modified_gmt":"2012-08-21T22:31:56","slug":"les-responsables-du-cst-acceptent-deplacer-le-sit-in-a-la-place-de-lindependance","status":"publish","type":"post","link":"http:\/\/mtn-togo.org\/?p=1567","title":{"rendered":"Les responsables du CST acceptent d\u00e9placer le sit-in \u00e0 la Place de l&#8217;Ind\u00e9pendance"},"content":{"rendered":"<p><a href=\"http:\/\/mtn-togo.org\/wp-content\/uploads\/2012\/07\/Manif-CST-FRAC-21-juillet-20122.jpg\"><img loading=\"lazy\" class=\"alignleft size-medium wp-image-1284\" title=\"Manif-CST-FRAC-21-ao\u00fbt\" src=\"http:\/\/mtn-togo.org\/wp-content\/uploads\/2012\/07\/Manif-CST-FRAC-21-juillet-20122-300x227.jpg\" alt=\"\" width=\"300\" height=\"227\" srcset=\"http:\/\/mtn-togo.org\/wp-content\/uploads\/2012\/07\/Manif-CST-FRAC-21-juillet-20122-300x227.jpg 300w, http:\/\/mtn-togo.org\/wp-content\/uploads\/2012\/07\/Manif-CST-FRAC-21-juillet-20122.jpg 395w\" sizes=\"(max-width: 300px) 100vw, 300px\" \/><\/a>Lors de leur point de presse, les responsables du CST\u00a0ont condamn\u00e9 la repression sauvage et barbare de la manifestation de ce matin et ont appel\u00e9 le peuple \u00e0 poursuivre la mobilisation.<\/p>\n<p><!--more-->Ils ont cependant accept\u00e9 de d\u00e9placer le sit-in \u00e0 la place de l&#8217;ind\u00e9pendance :\u00ab De fa\u00e7on responsable, nous avons d\u00e9cid\u00e9 de choisir comme point de chute la Place de l\u2019Ind\u00e9pendance car cette place est plus symbolique que D\u00e9ckon. Quand j\u2019ai annonc\u00e9 aux ambassadeurs notre choix, ils nous ont f\u00e9licit\u00e9 notre comportement responsable \u00bb, a d\u00e9clar\u00e9 dans l\u2019apr\u00e8s-midi Me Zeus\u00a0Ajavon\u00a0le porte-parole du CST.<\/p>\n<p>Les manifestants sont actuellement entre l\u2019immeuble du CASEF\u00a0et la r\u00e9sidence de l\u2019ambassadeur des Etats-Unis\u00a0munis de drapelets et de bougies\u00a0 et proviennent des principaux quartiers de Lom\u00e9 et environs.<\/p>\n<p>Il semblerait que les autorit\u00e9s ont fait volte face et ont d\u00e9cid\u00e9 de bloquer l&#8217;acc\u00e8s \u00e0 la\u00a0\u00a0Place de l&#8217;Ind\u00e9pendance par les forces de police et de gendarmerie\u00a0. La situation est tr\u00e8s tendue cette nuit \u00e0 Lom\u00e9.<\/p>\n<p>Nous suivons l&#8217;actualit\u00e9 minute par minute et nous vous tiendrons inform\u00e9s.<\/p>\n<p>Gnagou\u00a0Matolaba\u00a0Djalima\u00a0www. mtn-togo.org<\/p>\n<p>&nbsp;<\/p>\n","protected":false},"excerpt":{"rendered":"<p>Lors de leur point de presse, les responsables du CST\u00a0ont condamn\u00e9 la repression sauvage et barbare de la manifestation de ce matin et ont appel\u00e9 le peuple \u00e0 poursuivre la mobilisation.<\/p>\n","protected":false},"author":7,"featured_media":0,"comment_status":"closed","ping_status":"open","sticky":false,"template":"","format":"standard","meta":[],"categories":[8,9,1],"tags":[],"_links":{"self":[{"href":"http:\/\/mtn-togo.org\/index.php?rest_route=\/wp\/v2\/posts\/1567"}],"collection":[{"href":"http:\/\/mtn-togo.org\/index.php?rest_route=\/wp\/v2\/posts"}],"about":[{"href":"http:\/\/mtn-togo.org\/index.php?rest_route=\/wp\/v2\/types\/post"}],"author":[{"embeddable":true,"href":"http:\/\/mtn-togo.org\/index.php?rest_route=\/wp\/v2\/users\/7"}],"replies":[{"embeddable":true,"href":"http:\/\/mtn-togo.org\/index.php?rest_route=%2Fwp%2Fv2%2Fcomments&post=1567"}],"version-history":[{"count":4,"href":"http:\/\/mtn-togo.org\/index.php?rest_route=\/wp\/v2\/posts\/1567\/revisions"}],"predecessor-version":[{"id":1569,"href":"http:\/\/mtn-togo.org\/index.php?rest_route=\/wp\/v2\/posts\/1567\/revisions\/1569"}],"wp:attachment":[{"href":"http:\/\/mtn-togo.org\/index.php?rest_route=%2Fwp%2Fv2%2Fmedia&parent=1567"}],"wp:term":[{"taxonomy":"category","embeddable":true,"href":"http:\/\/mtn-togo.org\/index.php?rest_route=%2Fwp%2Fv2%2Fcategories&post=1567"},{"taxonomy":"post_tag","embeddable":true,"href":"http:\/\/mtn-togo.org\/index.php?rest_route=%2Fwp%2Fv2%2Ftags&post=1567"}],"curies":[{"name":"wp","href":"https:\/\/api.w.org\/{rel}","templated":true}]}}