{"id":1575,"date":"2012-08-22T12:25:12","date_gmt":"2012-08-22T17:25:12","guid":{"rendered":"http:\/\/mtn-togo.org\/?p=1575"},"modified":"2012-08-22T12:28:57","modified_gmt":"2012-08-22T17:28:57","slug":"le-deuxieme-jour-de-deckon-2-encore-violemment-reprime","status":"publish","type":"post","link":"http:\/\/mtn-togo.org\/?p=1575","title":{"rendered":"Le deuxi\u00e8me jour de Deckon 2 encore violemment r\u00e9prim\u00e9"},"content":{"rendered":"<p><a href=\"http:\/\/mtn-togo.org\/wp-content\/uploads\/2012\/08\/manif-cst-repression-policiere.jpg\"><img loading=\"lazy\" class=\"alignleft size-medium wp-image-1577\" title=\"SONY DSC\" src=\"http:\/\/mtn-togo.org\/wp-content\/uploads\/2012\/08\/manif-cst-repression-policiere-300x199.jpg\" alt=\"\" width=\"300\" height=\"199\" srcset=\"http:\/\/mtn-togo.org\/wp-content\/uploads\/2012\/08\/manif-cst-repression-policiere-300x199.jpg 300w, http:\/\/mtn-togo.org\/wp-content\/uploads\/2012\/08\/manif-cst-repression-policiere.jpg 590w\" sizes=\"(max-width: 300px) 100vw, 300px\" \/><\/a>Le deuxi\u00e8me jour de la manifestation du CST, soutenu par le Collectif \u201cArc-en-ciel\u201d a encore d\u00e9but\u00e9 avec la r\u00e9pression polici\u00e8re. Les forces de l\u2019ordre emp\u00eachent les manifestants de prendre le boulevard du Mono pour aller Place de l\u2019Ind\u00e9pendance malgr\u00e9 le fait que l\u2019itin\u00e9raire ait \u00e9t\u00e9 convenue de commun accord avec le gouvernement hier gr\u00e2ce \u00e0 la m\u00e9diation des ambassadeurs accr\u00e9dit\u00e9s au Togo. <!--more-->Les hommes de Yark\u00a0Damehane\u00a0ont violemment charg\u00e9\u00a0les manifestants \u00e0 grand coup de gaz lacrymog\u00e8ne, de matraques, de jets d\u2019eau et des grenades \u00e0 fragmentation.Plusieurs\u00a0miliciens\u00a0\u00a0arm\u00e9s\u00a0 par le r\u00e9gime de Faure\u00a0Gnassingb\u00e9 ont infiltr\u00e9 la manifestation. Apr\u00e8s un pistolet de type Beretta retrouv\u00e9 hier 21 Aout 2012, le service d\u2019ordre du Collectif Sauvons le Togo\u00a0a mis la main sur deux agents qui ont infiltr\u00e9 les manifestations de ce mercredi 23 ao\u00fbt 2012.<\/p>\n<p>Les manifestants, rassembl\u00e9s ce mercredi matin \u00e0 B\u00e8-Ch\u00e2teau, point de d\u00e9part de la grande marche ont\u00a0 r\u00e9pliqu\u00e9 par des jets de pierres et autres projectiles. La r\u00e9action des manifestants a \u00e9t\u00e9 vive et n\u2019a d\u2019\u00e9gal que la col\u00e8re et l\u2019exasp\u00e9ration d\u2019un peuple meurtri et martyris\u00e9 par 50 ans de dictature et de paup\u00e9risation. La manifestation s\u2019est transform\u00e9e en \u00e9meute dans les quartiers de B\u00e8 et environs. On note des \u00e9chauffour\u00e9es au niveau \u00a0du boulevard circulaire o\u00f9 des pneus br\u00fblent et des troncs d&#8217;arbres\u00a0\u00a0jonchent le boulevard du Mono. On souligne \u00e9galement plusieurs bless\u00e9s et des arrestations.<\/p>\n<p>Nous suivons \u00a0pour vous l\u2019actualit\u00e9 minute par minute pour mieux informer.<\/p>\n<p>Vicentey Ben Polar\u00a0 www.mtn-togo.org<\/p>\n","protected":false},"excerpt":{"rendered":"<p>Le deuxi\u00e8me jour de la manifestation du CST, soutenu par le Collectif \u201cArc-en-ciel\u201d a encore d\u00e9but\u00e9 avec la r\u00e9pression polici\u00e8re. Les forces de l\u2019ordre emp\u00eachent les manifestants de prendre le boulevard du Mono pour aller Place de l\u2019Ind\u00e9pendance malgr\u00e9 le fait que l\u2019itin\u00e9raire ait \u00e9t\u00e9 convenue de commun accord avec le gouvernement hier gr\u00e2ce \u00e0 [&hellip;]<\/p>\n","protected":false},"author":7,"featured_media":0,"comment_status":"closed","ping_status":"open","sticky":false,"template":"","format":"standard","meta":[],"categories":[1],"tags":[],"_links":{"self":[{"href":"http:\/\/mtn-togo.org\/index.php?rest_route=\/wp\/v2\/posts\/1575"}],"collection":[{"href":"http:\/\/mtn-togo.org\/index.php?rest_route=\/wp\/v2\/posts"}],"about":[{"href":"http:\/\/mtn-togo.org\/index.php?rest_route=\/wp\/v2\/types\/post"}],"author":[{"embeddable":true,"href":"http:\/\/mtn-togo.org\/index.php?rest_route=\/wp\/v2\/users\/7"}],"replies":[{"embeddable":true,"href":"http:\/\/mtn-togo.org\/index.php?rest_route=%2Fwp%2Fv2%2Fcomments&post=1575"}],"version-history":[{"count":3,"href":"http:\/\/mtn-togo.org\/index.php?rest_route=\/wp\/v2\/posts\/1575\/revisions"}],"predecessor-version":[{"id":1579,"href":"http:\/\/mtn-togo.org\/index.php?rest_route=\/wp\/v2\/posts\/1575\/revisions\/1579"}],"wp:attachment":[{"href":"http:\/\/mtn-togo.org\/index.php?rest_route=%2Fwp%2Fv2%2Fmedia&parent=1575"}],"wp:term":[{"taxonomy":"category","embeddable":true,"href":"http:\/\/mtn-togo.org\/index.php?rest_route=%2Fwp%2Fv2%2Fcategories&post=1575"},{"taxonomy":"post_tag","embeddable":true,"href":"http:\/\/mtn-togo.org\/index.php?rest_route=%2Fwp%2Fv2%2Ftags&post=1575"}],"curies":[{"name":"wp","href":"https:\/\/api.w.org\/{rel}","templated":true}]}}