{"id":1625,"date":"2012-08-25T08:27:59","date_gmt":"2012-08-25T13:27:59","guid":{"rendered":"http:\/\/mtn-togo.org\/?p=1625"},"modified":"2012-08-25T09:52:19","modified_gmt":"2012-08-25T14:52:19","slug":"laurent-fabius-ministre-des-affaires-etrangeres-ecrit-au-cst-la-france-suit-attentivement-levolution-de-la-situation-politique-au-togo","status":"publish","type":"post","link":"http:\/\/mtn-togo.org\/?p=1625","title":{"rendered":"Laurent Fabius, Ministre des Affaires \u00e9trang\u00e8res de la France \u00e9crit au CST:&#8221;La France suit attentivement l\u2019\u00e9volution de la situation politique au Togo&#8221;"},"content":{"rendered":"<p><a href=\"http:\/\/mtn-togo.org\/wp-content\/uploads\/2012\/08\/Laurent-Fabius-Ministre-des-affaires-\u00e9trang\u00e8res-de-la-France.jpg\"><img loading=\"lazy\" class=\"alignleft size-full wp-image-1626\" title=\"Laurent-Fabius-Ministre-des-affaires-\u00e9trang\u00e8res-de-la-France\" src=\"http:\/\/mtn-togo.org\/wp-content\/uploads\/2012\/08\/Laurent-Fabius-Ministre-des-affaires-\u00e9trang\u00e8res-de-la-France.jpg\" alt=\"\" width=\"254\" height=\"198\" \/><\/a>REPUBLIQUE\u00a0FRANCAISE<\/p>\n<p>Paris, le 13-08-12 005270 CM<\/p>\n<p>MINISTERE\u00a0DES AFFAIRES ETRANGERES<\/p>\n<p>Le Ministre<br \/>\nMa\u00eetre,<\/p>\n<p>Le collectif togolais \u00ab\u00a0<em>Sauvons le Togo<\/em>\u00a0\u00bb, dont vous \u00eates le coordinateur, a souhait\u00e9 attirer l\u2019attention du pr\u00e9sident de la R\u00e9publique Fran\u00e7ois Hollande sur la situation politique et des droits de l\u2019Homme au Togo.<\/p>\n<p><!--more-->Comme vous le savez, le Pr\u00e9sident de la R\u00e9publique fran\u00e7aise, le gouvernement et moi-m\u00eame, sommes profond\u00e9ment d\u00e9termin\u00e9s \u00e0 soutenir un d\u00e9roulement transparent, d\u00e9mocratique et apais\u00e9 du processus \u00e9lectoral qui devrait intervenir \u00e0 la fin de cette ann\u00e9e.<\/p>\n<p>Ce soutien s\u2019inscrit dans un cadre europ\u00e9en, et j\u2019appuie sans r\u00e9serve la mise en \u0153uvre des recommandations des deux rapports des missions d\u2019observation \u00e9lectorales de l\u2019Union europ\u00e9enne de 2007 et de 2010.<\/p>\n<p>Les excellentes relations qui pr\u00e9lavent entre la France et le Togo n\u2019excluent pas, cependant, un dialogue franc sur les questions que vous avez soulev\u00e9es. Ma d\u00e9claration du 16 juin dernier, comme vous l\u2019avez bien relev\u00e9, en t\u00e9moigne. Je renouvelle tous les encouragements au maintien d\u2019un dialogue constant entre l\u2019ensemble des acteurs politiques togolais.<\/p>\n<p>Je puis donc assurer votre collectif que nous suivons attentivement l\u2019\u00e9volution de la situation politique au Togo et que les prochaines \u00e9ch\u00e9ances demeurent au c\u0153ur de nos pr\u00e9occupations.<\/p>\n<p>Je vous prie d\u2019agr\u00e9er, Ma\u00eetre, l\u2019assurance de mes sentiments les meilleurs.<\/p>\n<p>\u00a0<strong>Laurent FABIUS<\/strong><\/p>\n<p>\u00a0Ma\u00eetre Ata Messan\u00a0Zeus\u00a0AJAVON<\/p>\n<p>Coordinateur<\/p>\n<p>Collectif \u00ab Sauvons le Togo\u00a0\u00bb<\/p>\n<p>BP 1202 Lom\u00e9<\/p>\n<p>Gnagou\u00a0Matolaba\u00a0Djalima\u00a0 <a href=\"http:\/\/www.mtn-togo.org\/\">www.mtn-togo.org<\/a><\/p>\n","protected":false},"excerpt":{"rendered":"<p>REPUBLIQUE\u00a0FRANCAISE Paris, le 13-08-12 005270 CM MINISTERE\u00a0DES AFFAIRES ETRANGERES Le Ministre Ma\u00eetre, Le collectif togolais \u00ab\u00a0Sauvons le Togo\u00a0\u00bb, dont vous \u00eates le coordinateur, a souhait\u00e9 attirer l\u2019attention du pr\u00e9sident de la R\u00e9publique Fran\u00e7ois Hollande sur la situation politique et des droits de l\u2019Homme au Togo.<\/p>\n","protected":false},"author":7,"featured_media":0,"comment_status":"closed","ping_status":"open","sticky":false,"template":"","format":"standard","meta":[],"categories":[1],"tags":[52],"_links":{"self":[{"href":"http:\/\/mtn-togo.org\/index.php?rest_route=\/wp\/v2\/posts\/1625"}],"collection":[{"href":"http:\/\/mtn-togo.org\/index.php?rest_route=\/wp\/v2\/posts"}],"about":[{"href":"http:\/\/mtn-togo.org\/index.php?rest_route=\/wp\/v2\/types\/post"}],"author":[{"embeddable":true,"href":"http:\/\/mtn-togo.org\/index.php?rest_route=\/wp\/v2\/users\/7"}],"replies":[{"embeddable":true,"href":"http:\/\/mtn-togo.org\/index.php?rest_route=%2Fwp%2Fv2%2Fcomments&post=1625"}],"version-history":[{"count":7,"href":"http:\/\/mtn-togo.org\/index.php?rest_route=\/wp\/v2\/posts\/1625\/revisions"}],"predecessor-version":[{"id":1628,"href":"http:\/\/mtn-togo.org\/index.php?rest_route=\/wp\/v2\/posts\/1625\/revisions\/1628"}],"wp:attachment":[{"href":"http:\/\/mtn-togo.org\/index.php?rest_route=%2Fwp%2Fv2%2Fmedia&parent=1625"}],"wp:term":[{"taxonomy":"category","embeddable":true,"href":"http:\/\/mtn-togo.org\/index.php?rest_route=%2Fwp%2Fv2%2Fcategories&post=1625"},{"taxonomy":"post_tag","embeddable":true,"href":"http:\/\/mtn-togo.org\/index.php?rest_route=%2Fwp%2Fv2%2Ftags&post=1625"}],"curies":[{"name":"wp","href":"https:\/\/api.w.org\/{rel}","templated":true}]}}