{"id":1638,"date":"2012-08-26T09:26:13","date_gmt":"2012-08-26T14:26:13","guid":{"rendered":"http:\/\/mtn-togo.org\/?p=1638"},"modified":"2012-08-26T10:00:21","modified_gmt":"2012-08-26T15:00:21","slug":"samedi-de-lopposition-le-cst-relance-les-marches-a-partir-de-mardi-a-lome","status":"publish","type":"post","link":"http:\/\/mtn-togo.org\/?p=1638","title":{"rendered":"Samedi de l\u2019opposition : Le CST relance les marches \u00e0 partir de mardi \u00e0 Lom\u00e9"},"content":{"rendered":"<p><a href=\"http:\/\/mtn-togo.org\/wp-content\/uploads\/2012\/08\/Deckon2-Grande-manifestation.jpg\"><img loading=\"lazy\" class=\"alignleft size-medium wp-image-1639\" title=\"DCIM100MEDIA\" src=\"http:\/\/mtn-togo.org\/wp-content\/uploads\/2012\/08\/Deckon2-Grande-manifestation-300x225.jpg\" alt=\"\" width=\"300\" height=\"225\" srcset=\"http:\/\/mtn-togo.org\/wp-content\/uploads\/2012\/08\/Deckon2-Grande-manifestation-300x225.jpg 300w, http:\/\/mtn-togo.org\/wp-content\/uploads\/2012\/08\/Deckon2-Grande-manifestation-1024x768.jpg 1024w\" sizes=\"(max-width: 300px) 100vw, 300px\" \/><\/a>Plus encore que les milliers de personnes dans la rue ce samedi, le CST\u00a0et le FRAC ont donn\u00e9 dans l\u2019exub\u00e9rance\u00a0:\u00a05 heures d\u2019horloge de meeting\u00a0sans heurts, plus de 12 interventions \u00e0 d\u00e9livrer le m\u00eame message de mobilisation. <!--more-->A voir encore la forte mobilisation de ce jour, il est plus que n\u00e9cessaire que l\u2019opposition capitalise la quantit\u00e9 des sympathies.<\/p>\n<div>Les principaux leaders du FRAC et du CST\u00a0sont intervenus. Grosso\u00a0modo, que ce soit Jean-Pierre Fabre, Zeus\u00a0Ajavon,\u00a0\u00a0Isabelle Ameganvi, Abass\u00a0Kaboua\u00a0(qui a dit que Gilbert Bawara\u00a0\u00e9tait le prox\u00e9n\u00e8te de service qui fournissait des prostitu\u00e9s \u00e0 Faure\u00a0Gnassingb\u00e9 \u00e0 Paris), c\u2019est quelque peu la m\u00eame rengaine. Critique du pouvoir\u00a0\u00a0de Faure Gnassingb\u00e9 et discours sur la d\u00e9sob\u00e9issance civile. Le principal intervenant Zeus\u00a0Ajavon\u00a0a tenu un discours sur la d\u00e9sob\u00e9issance civile\u00a0\u00a0qui se d\u00e9cline\u00a0\u00a0dans le refus de payer les factures d\u2019eau et d\u2019\u00e9lectricit\u00e9, les taxes et les imp\u00f4ts, etc. Il a \u00e9galement d\u00e9clar\u00e9 que le CST n\u2019ira au dialogue que dans le but de\u00a0\u00a0n\u00e9gocier le d\u00e9part de Faure Gnassingb\u00e9.<\/div>\n<p>L\u2019insolite vient de la part de la dynamique Isabelle Ameganvi qui a demand\u00e9 l\u2019abstinence sexuelle\u00a0\u00a0aux femmes et aux hommes \u2026 pendant 7 jours.<\/p>\n<p>Bref, c\u2019est peut-\u00eatre le menu des actions sur le terrain la semaine prochaine qui rel\u00e8ve d\u2019un int\u00e9r\u00eat\u00a0: marches et sit-in de mardi \u00e0 dimanche. L\u2019itin\u00e9raire commence \u00e0 B\u00e8-Ch\u00e2teau&#8230;le point de chute est ind\u00e9fini compte tenu\u00a0de l\u2019histoire de cette semaine o\u00f9 les marches n\u2019ont jamais abouti, violemment r\u00e9prim\u00e9s par la soldatesque \u00e0 la solde de Faure Gnassingb\u00e9.<\/p>\n<p>Mais le jeudi prochain sera une journ\u00e9e sp\u00e9ciale\u00a0: il s\u2019agira de la journ\u00e9e de manifestation des femmes. On garantit qu\u2019elles pourront faire une marche en \u00e9tant nues.<\/p>\n<p>( <strong>www.mo5-togo.com<\/strong> )<\/p>\n","protected":false},"excerpt":{"rendered":"<p>Plus encore que les milliers de personnes dans la rue ce samedi, le CST\u00a0et le FRAC ont donn\u00e9 dans l\u2019exub\u00e9rance\u00a0:\u00a05 heures d\u2019horloge de meeting\u00a0sans heurts, plus de 12 interventions \u00e0 d\u00e9livrer le m\u00eame message de mobilisation.<\/p>\n","protected":false},"author":7,"featured_media":0,"comment_status":"closed","ping_status":"open","sticky":false,"template":"","format":"standard","meta":[],"categories":[1],"tags":[],"_links":{"self":[{"href":"http:\/\/mtn-togo.org\/index.php?rest_route=\/wp\/v2\/posts\/1638"}],"collection":[{"href":"http:\/\/mtn-togo.org\/index.php?rest_route=\/wp\/v2\/posts"}],"about":[{"href":"http:\/\/mtn-togo.org\/index.php?rest_route=\/wp\/v2\/types\/post"}],"author":[{"embeddable":true,"href":"http:\/\/mtn-togo.org\/index.php?rest_route=\/wp\/v2\/users\/7"}],"replies":[{"embeddable":true,"href":"http:\/\/mtn-togo.org\/index.php?rest_route=%2Fwp%2Fv2%2Fcomments&post=1638"}],"version-history":[{"count":3,"href":"http:\/\/mtn-togo.org\/index.php?rest_route=\/wp\/v2\/posts\/1638\/revisions"}],"predecessor-version":[{"id":1641,"href":"http:\/\/mtn-togo.org\/index.php?rest_route=\/wp\/v2\/posts\/1638\/revisions\/1641"}],"wp:attachment":[{"href":"http:\/\/mtn-togo.org\/index.php?rest_route=%2Fwp%2Fv2%2Fmedia&parent=1638"}],"wp:term":[{"taxonomy":"category","embeddable":true,"href":"http:\/\/mtn-togo.org\/index.php?rest_route=%2Fwp%2Fv2%2Fcategories&post=1638"},{"taxonomy":"post_tag","embeddable":true,"href":"http:\/\/mtn-togo.org\/index.php?rest_route=%2Fwp%2Fv2%2Ftags&post=1638"}],"curies":[{"name":"wp","href":"https:\/\/api.w.org\/{rel}","templated":true}]}}