{"id":1710,"date":"2012-09-03T14:42:38","date_gmt":"2012-09-03T19:42:38","guid":{"rendered":"http:\/\/mtn-togo.org\/?p=1710"},"modified":"2012-09-03T14:47:17","modified_gmt":"2012-09-03T19:47:17","slug":"conference-de-presse-de-lemirati-abass-al-youssef-en-presence-de-ses-avocats-togolais-me-jean-degli-et-martial-akakpo","status":"publish","type":"post","link":"http:\/\/mtn-togo.org\/?p=1710","title":{"rendered":"Conf\u00e9rence de presse de l&#8217;\u00e9mirati Abass Al Youssef en pr\u00e9sence de ses avocats togolais: Mes Jean D\u00e9gli et Martial Akakpo"},"content":{"rendered":"<p><a href=\"http:\/\/mtn-togo.org\/wp-content\/uploads\/2012\/09\/Abass-Al-Youssef-Jean-degli-martial-akakpo.jpg\"><img loading=\"lazy\" class=\"alignleft size-medium wp-image-1711\" title=\"Abass-Al-Youssef-Jean-degli-martial-akakpo\" src=\"http:\/\/mtn-togo.org\/wp-content\/uploads\/2012\/09\/Abass-Al-Youssef-Jean-degli-martial-akakpo-300x227.jpg\" alt=\"\" width=\"300\" height=\"227\" srcset=\"http:\/\/mtn-togo.org\/wp-content\/uploads\/2012\/09\/Abass-Al-Youssef-Jean-degli-martial-akakpo-300x227.jpg 300w, http:\/\/mtn-togo.org\/wp-content\/uploads\/2012\/09\/Abass-Al-Youssef-Jean-degli-martial-akakpo.jpg 395w\" sizes=\"(max-width: 300px) 100vw, 300px\" \/><\/a>Le plaignant\u00a0 dans l&#8217;affaire\u00a0 d&#8217; escroquerie internationale, l&#8217;\u00e9mirati Abass Al Youssef\u00a0 s&#8217;est livr\u00e9 \u00e0 la presse lors d\u2019une conf\u00e9rence de presse dimanche\u00a0 \u00e0 Lom\u00e9 au cours de laquelle Il a donn\u00e9 sa version des faits \u00e0 l&#8217;H\u00f4let Sancta Maria\u00a0.La d\u00e9claration a \u00e9t\u00e9 lue\u00a0en anglais. Il est reparti du Togo juste apr\u00e8s sa conf\u00e9rence de presse avec l&#8217;espoir que la justice togolaise\u00a0sera impartiale et comp\u00e9tente. Il a affrim\u00e9 que: <strong>\u00ab<span style=\"color: #ff0000;\">J\u2019ai eu divers contacts avec le ministre Bodjona\u00a0lui-m\u00eame \u00e0 qui j\u2019ai offert une montre Rolex de grande classe en or et diamants et \u00e0 qui j\u2019ai apport\u00e9 d\u2019autres cadeaux\u00a0<\/span>\u00bb<\/strong> .Ci-jointe l&#8217;int\u00e9gralit\u00e9 de sa d\u00e9claration<\/p>\n<p><!--more-->\u00abEn mars 2011, j\u2019ai d\u00e9pos\u00e9 une plainte contre Bertin\u00a0Agba, Lo\u00efc Lefloch Prigent, et les personnes qui les ont aid\u00e9s \u00e0 me soutirer plus de 48 millions de dollars dans une grosse affaire d\u2019escroquerie.<\/p>\n<p>Au cours de la proc\u00e9dure, j\u2019ai \u00e9t\u00e9 interrog\u00e9 par la gendarmerie togolaise\u00a0et par un juge d\u2019instruction togolais et j\u2019ai \u00e9t\u00e9 confront\u00e9 avec M. Agba\u00a0Bertin.<br \/>\nDans toutes mes d\u00e9clarations et d\u00e9positions, j\u2019ai clairement indiqu\u00e9 quel \u00e9tait exactement le r\u00f4le de M. Pascal Bodjona dont le nom et la position avaient \u00e9t\u00e9 utilis\u00e9s pour me d\u00e9terminer, pour me convaincre de remettre toutes les sommes d\u2019argent que les gens qui \u00e9taient autour de moi dans ce gang me demandaient de leur remettre.<br \/>\nJ\u2019ai eu divers contacts avec le ministre Bodjona\u00a0lui-m\u00eame \u00e0 qui j\u2019ai offert une montre Rolex de grande classe en or et diamants et \u00e0 qui j\u2019ai apport\u00e9 d\u2019autres cadeaux.<br \/>\nJ\u2019ai \u00e9t\u00e9 \u00e9galement invit\u00e9 dans la maison de l\u2019ancien ministre de l\u2019Int\u00e9rieur togolais o\u00f9 j\u2019ai \u00e9t\u00e9 pour le remercier pour tout ce qu\u2019il faisait dans cette affaire qu\u2019on me pr\u00e9sentait comme une affaire originale mais en fait qui \u00e9tait celle dans laquelle Lo\u00efc Le Floch\u00a0Prigent\u00a0et M. Agba s\u2019\u00e9taient arrang\u00e9s pour me soutirer de l\u2019argent.<br \/>\nAu milieu du mois de juillet 2012, j\u2019ai \u00e9t\u00e9 convoqu\u00e9 par le juge d\u2019instruction togolais pour une confrontation avec M. Bodjona\u00a0le 28 ao\u00fbt 2012. Malheureusement, quand je suis arriv\u00e9, il n\u2019a pas \u00e9t\u00e9 possible d\u2019avoir cette confrontation avec M. Bodjona et j\u2019ai des difficult\u00e9s \u00e0 comprendre pourquoi.<br \/>\nOn m\u2019a expliqu\u00e9 que je n\u2019avais pas d\u00e9pos\u00e9 de plainte contre M. Bodjona parce que son nom n\u2019\u00e9tait nulle part mentionn\u00e9 dans ma plainte de mars 2011.<br \/>\nPour moi, la plainte \u00e9tait globale ; il y n\u2019y avait pas besoin de mentionner tous les noms.<br \/>\nDans toutes mes d\u00e9clarations, depuis le d\u00e9but, aussi bien \u00e0 la gendarmerie que devant le juge d\u2019instruction, j\u2019ai mentionn\u00e9 le nom de Pascal Bodjona et le r\u00f4le que je pensais ou que j\u2019avais compris \u00eatre le sien.<br \/>\nEn cons\u00e9quence et pour pr\u00e9ciser les choses de fa\u00e7on claire, j\u2019ai donc d\u00e9cid\u00e9 de d\u00e9poser une plainte additionnelle mentionnant clairement son nom que j\u2019ai r\u00e9dig\u00e9 le 30 ao\u00fbt 2012, d\u00e9pos\u00e9 devant le procureur le 31 ao\u00fbt.<br \/>\nJe me tiens enti\u00e8rement \u00e0 la disposition de la justice togolaise\u00a0et je voudrais tr\u00e8s fortement que cette proc\u00e9dure aille \u00e0 son terme et qu\u2019elle puisse attendre la v\u00e9rit\u00e9 et la justice que chaque \u00eatre humain sur la plan\u00e8te m\u00e9rite.Je ne suis pas togolais, mais je suis un \u00eatre humain. Si un togolais est victime d\u2019une infraction en dehors de son pays partout dans le monde, personne ne peut l\u2019interdire la justice de l\u2019endroit o\u00f9 il a \u00e9t\u00e9 victime de cette infraction et d\u2019avoir une victime qui lui soit rendu.<br \/>\nJe voudrais que les togolais\u00a0comprennent, je suis un \u00e9tranger, mais que je m\u00e9rite aussi d\u2019\u00eatre trait\u00e9 de la m\u00eame mani\u00e8re que tout togolais serait trait\u00e9 o\u00f9 il se rend et o\u00f9 il est victime d\u2019une infraction.<br \/>\nJe n\u2019ai pas besoin d\u2019\u00eatre un togolais pour que mes droits soient respect\u00e9s ici.<br \/>\nJe n\u2019ai rien de personnel contre M. Agba\u00a0Bertin\u00a0et M. Bodjona. Cependant, dans la mesure o\u00f9 il s\u2019agit d\u2019actes d\u00e9lictuels, j\u2019esp\u00e8re que la justice togolaise traitera ces sujets avec impartialit\u00e9, ind\u00e9pendance et comp\u00e9tence.<br \/>\nLa seule chose que moi je souhaite, c\u2019est de r\u00e9cup\u00e9rer mon argent. Si mon argent m\u2019ait pay\u00e9, j\u2019arr\u00eaterais toutes proc\u00e9dures et toutes plaintes contre les gens qui sont concern\u00e9s dans cette affaire. Je suis totalement ouvert \u00e0 quelque r\u00e8glement \u00e0 l\u2019amiable que ce soit qui puisse aboutir \u00e0 cette solution, celle qui m\u2019apporterait ce qui m\u2019a \u00e9t\u00e9 pris.<\/p>\n<p>Pour moi, cette affaire n\u2019a rien \u00e0 avoir avec des man\u0153uvres politiques. Dans tous les cas, je n\u2019ai rien \u00e0 faire avec les politiciens o\u00f9 la politique togolaise, je suis un homme d\u2019affaire, un point un trait.<br \/>\nJe suis victime d\u2019actes d\u00e9lictueux, qui implique les togolais\u00a0et comme cela est le cas dans tous les pays du monde, j\u2019ai d\u00e9pos\u00e9 une plainte devant les juges et les procureurs togolais.<br \/>\nUne autre chose que je ne pouvais pas comprendre, c\u2019est la proc\u00e9dure engag\u00e9e par les juges togolais\u00a0qui ont sign\u00e9 un mandat d\u2019arr\u00eat contre Lo\u00efc Le Floch\u00a0Prigent\u00a0n\u2019a jamais pu aboutir en France o\u00f9 il n\u2019a jamais \u00e9t\u00e9 arr\u00eat\u00e9, interrog\u00e9 malgr\u00e9 les actes des juges togolais envoy\u00e9s en France.<br \/>\nJ\u2019ai instruit mes avocats pour d\u00e9poser une plainte contre Lo\u00efk Le Floch-Prigent \u00e0 Paris.<br \/>\nJ\u2019en appelle \u00e0 chacun d\u2019entre vous de traiter cette affaire avec impartialit\u00e9, honn\u00eatet\u00e9. \u00bb<\/p>\n<p>Gnagou\u00a0Matolaba\u00a0Djalima <a href=\"http:\/\/www.mtn-togo.org\/\">www.mtn-togo.org<\/a><\/p>\n","protected":false},"excerpt":{"rendered":"<p>Le plaignant\u00a0 dans l&#8217;affaire\u00a0 d&#8217; escroquerie internationale, l&#8217;\u00e9mirati Abass Al Youssef\u00a0 s&#8217;est livr\u00e9 \u00e0 la presse lors d\u2019une conf\u00e9rence de presse dimanche\u00a0 \u00e0 Lom\u00e9 au cours de laquelle Il a donn\u00e9 sa version des faits \u00e0 l&#8217;H\u00f4let Sancta Maria\u00a0.La d\u00e9claration a \u00e9t\u00e9 lue\u00a0en anglais. Il est reparti du Togo juste apr\u00e8s sa conf\u00e9rence de presse [&hellip;]<\/p>\n","protected":false},"author":7,"featured_media":0,"comment_status":"closed","ping_status":"open","sticky":false,"template":"","format":"standard","meta":[],"categories":[1],"tags":[],"_links":{"self":[{"href":"http:\/\/mtn-togo.org\/index.php?rest_route=\/wp\/v2\/posts\/1710"}],"collection":[{"href":"http:\/\/mtn-togo.org\/index.php?rest_route=\/wp\/v2\/posts"}],"about":[{"href":"http:\/\/mtn-togo.org\/index.php?rest_route=\/wp\/v2\/types\/post"}],"author":[{"embeddable":true,"href":"http:\/\/mtn-togo.org\/index.php?rest_route=\/wp\/v2\/users\/7"}],"replies":[{"embeddable":true,"href":"http:\/\/mtn-togo.org\/index.php?rest_route=%2Fwp%2Fv2%2Fcomments&post=1710"}],"version-history":[{"count":5,"href":"http:\/\/mtn-togo.org\/index.php?rest_route=\/wp\/v2\/posts\/1710\/revisions"}],"predecessor-version":[{"id":1714,"href":"http:\/\/mtn-togo.org\/index.php?rest_route=\/wp\/v2\/posts\/1710\/revisions\/1714"}],"wp:attachment":[{"href":"http:\/\/mtn-togo.org\/index.php?rest_route=%2Fwp%2Fv2%2Fmedia&parent=1710"}],"wp:term":[{"taxonomy":"category","embeddable":true,"href":"http:\/\/mtn-togo.org\/index.php?rest_route=%2Fwp%2Fv2%2Fcategories&post=1710"},{"taxonomy":"post_tag","embeddable":true,"href":"http:\/\/mtn-togo.org\/index.php?rest_route=%2Fwp%2Fv2%2Ftags&post=1710"}],"curies":[{"name":"wp","href":"https:\/\/api.w.org\/{rel}","templated":true}]}}