{"id":1736,"date":"2012-09-07T08:39:40","date_gmt":"2012-09-07T13:39:40","guid":{"rendered":"http:\/\/mtn-togo.org\/?p=1736"},"modified":"2012-09-07T08:39:44","modified_gmt":"2012-09-07T13:39:44","slug":"interview-kofi-yamgnane-de-sursaut-togo-plus-de-90-des-militaires-gendarmes-et-policiers-togolais-sont-en-osmose-avec-le-peuple-dans-la-lutte-democratique","status":"publish","type":"post","link":"http:\/\/mtn-togo.org\/?p=1736","title":{"rendered":"Interview: Kofi Yamgnane de Sursaut-Togo: \u00abPlus de 90% des militaires, gendarmes et policiers togolais sont en osmose avec le peuple dans la lutte d\u00e9mocratique \u00bb"},"content":{"rendered":"<p><strong><em><a href=\"http:\/\/mtn-togo.org\/wp-content\/uploads\/2012\/09\/Kofi_Yamgnane-sur.MTN_TOGO.jpg\"><img loading=\"lazy\" class=\"alignleft size-medium wp-image-1737\" title=\"Kofi_Yamgnane-sur_MTN_TOGO\" src=\"http:\/\/mtn-togo.org\/wp-content\/uploads\/2012\/09\/Kofi_Yamgnane-sur.MTN_TOGO-300x150.jpg\" alt=\"\" width=\"300\" height=\"150\" srcset=\"http:\/\/mtn-togo.org\/wp-content\/uploads\/2012\/09\/Kofi_Yamgnane-sur.MTN_TOGO-300x150.jpg 300w, http:\/\/mtn-togo.org\/wp-content\/uploads\/2012\/09\/Kofi_Yamgnane-sur.MTN_TOGO.jpg 400w\" sizes=\"(max-width: 300px) 100vw, 300px\" \/><\/a>Depuis un certain temps, on n&#8217;entend plus parler de vous. Alors que la rue bruisse \u00e0 Lom\u00e9, que devient Kofi\u00a0Yamgnane?<\/em><\/strong><\/p>\n<p>(Rire) En responsable politique averti et exp\u00e9riment\u00e9, je suis de tr\u00e8s pr\u00e8s l\u2019actualit\u00e9 togolaise. Je connais l\u2019exasp\u00e9ration qu\u2019exprime le peuple\u00a0 togolais depuis plusieurs ann\u00e9es.<!--more-->\u00a0Ayant sillonn\u00e9 le Togo et travers\u00e9 ses 346 cantons \u00e0 la rencontre des Togolais\u00a0au cours de la campagne pr\u00e9sidentielle, je comprends cette\u00a0 exasp\u00e9ration devant un pouvoir parfaitement autiste. J&#8217;ai compris d&#8217;instinct que cette campagne de proximit\u00e9 a contribu\u00e9 \u00e0 faire \u00abbouger les lignes\u00bb.\u00a0 Je savais, apr\u00e8s les premi\u00e8res immenses manifestations de 2010, que rien au Togo ne serait plus pareil qu&#8217;avant. Les responsables politiques dont je suis, et c&#8217;est leur r\u00f4le, catalysent le ras-le-bol des populations et c&#8217;\u00e9tait bien l&#8217;objectif vis\u00e9 par notre campagne. Seul le pouvoir RPT\/AGO fait semblant de le d\u00e9couvrir aujourd&#8217;hui mais c&#8217;est \u00e0 ses d\u00e9pens&#8230; Le peuple de Lom\u00e9 est dans la rue mais il n&#8217;est plus seul:\u00a0 l&#8217;int\u00e9rieur du pays aussi est dans la rue.<\/p>\n<p>Il nous appartient d\u00e9sormais de faire fructifier le bon sens que nous avons sem\u00e9 ensemble. Le fait que m\u00eame Kara, l&#8217;antre du monstre, manifeste aujourd&#8217;hui, est une belle victoire de la raison. La crise que vit notre pays a donc atteint son paroxysme en m\u00eame temps que sa maturit\u00e9 depuis 3 mois.<\/p>\n<p>Dans ce sens, je partage en temps r\u00e9el les informations avec les partenaires et amis du Togo pour donner de l\u2019efficacit\u00e9 et de la visibilit\u00e9 aux actions l\u00e9gitimes du peuple. La politique ne se fait pas uniquement sur les pav\u00e9s de la rue: elle se popularise par les ondes ou dans la presse. Soyez rassur\u00e9s, mes amis africains, am\u00e9ricains et europ\u00e9ens regardent d\u00e9sormais le Togo sous son vrai visage. C\u2019est pour vous dire que je travaille beaucoup pour mon pays, sans faire trop de bruit, car en politique, le bruit est souvent l&#8217;ennemi de l&#8217;efficacit\u00e9.<\/p>\n<p>\u00a0<strong><em>Justement, ne pensez-vous pas les Togolais\u00a0attendent davantage de vous?<\/em><\/strong><\/p>\n<p>J\u2019entends cette demande et je comprends cette impatience. Elle est parfaitement fond\u00e9e et l\u00e9gitime. La lutte pour la d\u00e9mocratie a fait beaucoup de d\u00e9\u00e7us au Togo. Il ne peut en \u00eatre autrement devant les trahisons successives et devant la guerre des ego au sein m\u00eame de cette opposition \u00abqui fait piti\u00e9\u00bb. Je tiens \u00e0 saluer ici le courage du peuple togolais qui, malgr\u00e9 les trahisons, les d\u00e9ceptions, la pr\u00e9carit\u00e9, la mis\u00e8re ambiante\u00a0 est encore debout comme un seul homme pour exiger hier plus de libert\u00e9 et de justice et aujourd\u2019hui, le d\u00e9part pur et simple de l&#8217;actuel d\u00e9tenteur du pouvoir \u00e0 Lom\u00e9.<\/p>\n<p>Je dois vous r\u00e9p\u00e9ter aussi que le combat politique togolais se m\u00e8ne sur plusieurs fronts \u00e0 la fois: front des id\u00e9es, front des projets, combat int\u00e9rieur et front international. Je m\u2019inscris humblement dans cette logique mais, je le dis haut et fort: seule la synergie de toutes les actions et de tous les acteurs conduira \u00e0 la lib\u00e9ration du Togo et \u00e0 l\u2019av\u00e8nement d\u2019un r\u00e9gime juste et d\u00e9mocratique. Sus aux divisions! Stop les trahisons!<\/p>\n<p>\u00a0<strong><em>Beaucoup d\u2019analystes d\u00e9noncent le r\u00f4le de l\u2019arm\u00e9e dans l\u2019enracinement de la dictature au Togo. \u00cates-vous de cet avis?<\/em><\/strong><\/p>\n<p>Beaucoup de choses se disent \u00e0 tort ou \u00e0 raison sur les Forces Arm\u00e9es togolaises (FAT), la gendarmerie et la police nationales. Mais je vais vous surprendre: d\u00e9trompez-vous! L\u2019image de nos corps habill\u00e9s n\u2019est nullement celle que montre le r\u00e9gime en place et qui dure depuis 50 ans. Plus de 90% des militaires, gendarmes et policiers togolais\u00a0sont en osmose avec le peuple dans la lutte pour la d\u00e9mocratie. En t\u00e9moigne le nombre de plus en plus croissant de d\u00e9serteurs dont on ne parle jamais. Nous poss\u00e9dons les chiffres et, ils sont peu flatteurs pour le pouvoir politique. En plus, les milliers d\u2019intellectuels de cette cette noble institution, composante \u00e0 part enti\u00e8re de notre soci\u00e9t\u00e9, observent et analysent eux aussi la situation du pays. Ils entendent et \u00e9coutent attentivement les cris et les pleurs quotidiens du peuple. Et je peux vous assurer qu\u2019ils n\u2019y sont pas insensibles.<\/p>\n<p>Mais ils sont pris\u00a0en otage par un clan qui leur fait croire que la d\u00e9mocratie est leur ennemie. Un mensonge aliment\u00e9 malheureusement par certains opposants\u00a0qui incriminent \u00e0 longueur de journ\u00e9e, mais \u00e0 tort, les FAT, la gendarmerie et la police nationales. Je pense que nos compatriotes militaires, gendarmes et policiers ont, au contraire, besoin d\u2019\u00eatre rassur\u00e9s. Le combat men\u00e9 par leurs fr\u00e8res et s\u0153urs pour la d\u00e9mocratie est aussi leur combat: aujourd&#8217;hui mal consid\u00e9r\u00e9s, mal utilis\u00e9s, mal log\u00e9s, mal pay\u00e9s, mal soign\u00e9s&#8230;demain citoyens respecte\u0301s, admire\u0301s, prote\u0301ge\u0301s et aide\u0301s par les Togolais eux-me\u0302mes.<\/p>\n<p>Heureusement, notre commence par faire son effet dans l\u2019arm\u00e9e, la gendarmerie et la police nationales, \u00e0 tel point que des inqui\u00e9tudes naissent dans l\u2019antre m\u00eame du pouvoir. Sinon, comment expliquer qu\u2019\u00e0 cause de moi Kofi, plusieurs officiers et sous officiers ont des probl\u00e8mes au sein des FAT? Mais, aussi vrai que nul ne peut cacher le soleil et l\u2019emp\u00eacher de briller, ce pouvoir ne peut \u00e9viter la r\u00e9action des militaires, des gendarmes et des policiers qui accompagnent d\u00e9j\u00e0 avec beaucoup de courage, de patriotisme et de responsabilit\u00e9, le mouvement d\u00e9mocratique qui gagne du terrain dans toutes les casernes du pays, y compris \u00e0 Kara. Le tournant d\u00e9cisif de la lutte que m\u00e8nent les Togolais\u00a0depuis plusieurs ann\u00e9es n&#8217;est plus tr\u00e8s loin. Le pouvoir qui\u00a0 poursuit un combat d&#8217;arri\u00e8re-garde contre les droits de l&#8217;homme et la d\u00e9mocratie sait que cette bataille est perdue d\u2019avance. Aujourd\u2019hui, c\u2019est tout le Togo qui exige son d\u00e9part et non plus mes seuls compatriotes du Sud comme il essaie de le faire croire. Son clan est \u00e0 l\u2019agonie. Les affaires Kpatcha\u00a0hier et Bodjona aujourd&#8217;hui en sont des illustrations patentes.<\/p>\n<p>\u00a0<strong><em>J&#8217;ai bien compris: pour vous, l&#8217;arm\u00e9e est un acteur majeur. Quelles autres actions pr\u00e9conisez-vous et sur quels autres acteurs comptez-vous? <\/em><\/strong><\/p>\n<p>Je me r\u00e9jouis des actions du FRAC qui sont amplifi\u00e9es par le Collectif Sauvons le Togo (CST) avec la port\u00e9e de ces manifestations. Je salue \u00e9galement Arc-en-ciel, pour son soutien et surtout le peuple togolais\u00a0\u00e0 qui revient tout le m\u00e9rite. Seuls les Togolais finiront par arracher le pouvoir des mains de ce gouvernement.<\/p>\n<p>Au XIXe si\u00e8cle, l\u2019\u00c9mir Abd el-Kader \u00e9crivait: \u00abSi quelqu\u2019un voit le mal, qu\u2019il intervienne pour le changer; s\u2019il ne peut pas, qu\u2019il le condamne par la parole\u2026 ou qu\u2019il le d\u00e9sapprouve au moins en son milieu\u2026\u00bb. La gangr\u00e8ne est partout pr\u00e9sente au Togo. Le peuple en a assez et il est donc condamn\u00e9 \u00e0 user de toutes les actions pacifiques \u00e0 sa disposition.<\/p>\n<p>Nous avons appris que le pouvoir RPT veut restaurer la Constitution de 1992 apr\u00e8s la pr\u00e9sidentielle de 2015 qu\u2019il esp\u00e8re remporter une fois encore, \u00e0 coup de fraudes. Ainsi, la limitation du nombre de mandats ne serait\u00a0 effective qu\u2019\u00e0 compter de 2020. Ce qui veut dire que ce parti veut rester au pouvoir au moins jusqu\u2019en 2030! Une v\u00e9ritable catastrophe pour le Togo au vu de son bilan chaotique sur le plan social, \u00e9conomique et politique.<\/p>\n<p>Vous comprenez donc que tout doit \u00eatre mis en \u0153uvre pour venir \u00e0 bout de ce r\u00e9gime calamiteux pour notre pays. L\u2019acte politique le plus responsable que le pr\u00e9sident du RPT\/UNIR devrait poser pour enfin entrer dans l\u2019histoire du Togo par la grande porte consisterait \u00e0 pr\u00e9parer et organiser spontan\u00e9ment et de lui-m\u00eame sa propre sortie.<\/p>\n<p>\u00a0<strong>Interview pour MO5,MTN,Libert\u00e9 et La Nouvelle par Bon\u00e9ro Lawson<\/strong><\/p>\n<p>\u00a0<a href=\"http:\/\/www.mtn-togo.org\/\">www.mtn-togo.org<\/a><\/p>\n","protected":false},"excerpt":{"rendered":"<p>Depuis un certain temps, on n&#8217;entend plus parler de vous. Alors que la rue bruisse \u00e0 Lom\u00e9, que devient Kofi\u00a0Yamgnane? (Rire) En responsable politique averti et exp\u00e9riment\u00e9, je suis de tr\u00e8s pr\u00e8s l\u2019actualit\u00e9 togolaise. Je connais l\u2019exasp\u00e9ration qu\u2019exprime le peuple\u00a0 togolais depuis plusieurs ann\u00e9es.<\/p>\n","protected":false},"author":7,"featured_media":0,"comment_status":"closed","ping_status":"open","sticky":false,"template":"","format":"standard","meta":[],"categories":[1],"tags":[60],"_links":{"self":[{"href":"http:\/\/mtn-togo.org\/index.php?rest_route=\/wp\/v2\/posts\/1736"}],"collection":[{"href":"http:\/\/mtn-togo.org\/index.php?rest_route=\/wp\/v2\/posts"}],"about":[{"href":"http:\/\/mtn-togo.org\/index.php?rest_route=\/wp\/v2\/types\/post"}],"author":[{"embeddable":true,"href":"http:\/\/mtn-togo.org\/index.php?rest_route=\/wp\/v2\/users\/7"}],"replies":[{"embeddable":true,"href":"http:\/\/mtn-togo.org\/index.php?rest_route=%2Fwp%2Fv2%2Fcomments&post=1736"}],"version-history":[{"count":3,"href":"http:\/\/mtn-togo.org\/index.php?rest_route=\/wp\/v2\/posts\/1736\/revisions"}],"predecessor-version":[{"id":1740,"href":"http:\/\/mtn-togo.org\/index.php?rest_route=\/wp\/v2\/posts\/1736\/revisions\/1740"}],"wp:attachment":[{"href":"http:\/\/mtn-togo.org\/index.php?rest_route=%2Fwp%2Fv2%2Fmedia&parent=1736"}],"wp:term":[{"taxonomy":"category","embeddable":true,"href":"http:\/\/mtn-togo.org\/index.php?rest_route=%2Fwp%2Fv2%2Fcategories&post=1736"},{"taxonomy":"post_tag","embeddable":true,"href":"http:\/\/mtn-togo.org\/index.php?rest_route=%2Fwp%2Fv2%2Ftags&post=1736"}],"curies":[{"name":"wp","href":"https:\/\/api.w.org\/{rel}","templated":true}]}}