{"id":1760,"date":"2012-09-11T09:58:19","date_gmt":"2012-09-11T14:58:19","guid":{"rendered":"http:\/\/mtn-togo.org\/?p=1760"},"modified":"2012-09-11T09:58:19","modified_gmt":"2012-09-11T14:58:19","slug":"reponse-de-lalliance-nationale-pour-le-changement-anc-a-linvitation-au-dialogue-du-premier-ministre","status":"publish","type":"post","link":"http:\/\/mtn-togo.org\/?p=1760","title":{"rendered":"R\u00e9ponse de l\u2019Alliance Nationale pour le Changement (ANC) \u00e0 l\u2019invitation au dialogue du Premier ministre"},"content":{"rendered":"<p><strong><a href=\"http:\/\/mtn-togo.org\/wp-content\/uploads\/2011\/10\/Jean-Pierre-Fabres-PR\u00e9sident-de-lANC-en-tourn\u00e9e.jpg\"><img loading=\"lazy\" class=\"alignleft size-medium wp-image-886\" title=\"Jean-Pierre Fabres, Pr\u00e9sident de l'ANC en tourn\u00e9e\" src=\"http:\/\/mtn-togo.org\/wp-content\/uploads\/2011\/10\/Jean-Pierre-Fabres-PR\u00e9sident-de-lANC-en-tourn\u00e9e-300x225.jpg\" alt=\"\" width=\"300\" height=\"225\" srcset=\"http:\/\/mtn-togo.org\/wp-content\/uploads\/2011\/10\/Jean-Pierre-Fabres-PR\u00e9sident-de-lANC-en-tourn\u00e9e-300x225.jpg 300w, http:\/\/mtn-togo.org\/wp-content\/uploads\/2011\/10\/Jean-Pierre-Fabres-PR\u00e9sident-de-lANC-en-tourn\u00e9e.jpg 570w\" sizes=\"(max-width: 300px) 100vw, 300px\" \/><\/a>Lom\u00e9, le 06 septembre 2012<\/strong><\/p>\n<p>Le Pr\u00e9sident National<\/p>\n<p>N\u00b0\u00a012-250\/ANC\/ PN-SG<\/p>\n<p>A Monsieur le Premier Ministre<\/p>\n<p>LOME<\/p>\n<p>R\u00e8f.\u00a0: V\/L n\u00b0282\/12\/PM\/CAB du 04\/09\/2012<\/p>\n<p>Monsieur le Premier Ministre,<\/p>\n<p><!--more-->Nous accusons\u00a0r\u00e9ception de votre lettre cit\u00e9e en r\u00e9f\u00e9rence et par laquelle vous nous conviez\u00a0\u00e0 prendre part \u00e0 des concertations qui d\u00e9marreront le lundi 10 septembre 2012 \u00e0 10h, \u00e0 la primature.<\/p>\n<p>Nous tenons \u00e0 vous rappeler la position de l\u2019Alliance Nationale pour le Changement (ANC), position maintes fois exprim\u00e9e et r\u00e9it\u00e9r\u00e9e, depuis le mois de f\u00e9vrier 2011, notamment \u00e0 travers diverses correspondances au Chef de l\u2019Etat et au Chef du gouvernement ainsi que dans diverses d\u00e9clarations, communiqu\u00e9s et m\u00e9morandums de l\u2019ANC, du FRAC et, plus r\u00e9cemment, du Collectif \u2018\u2019SAUVONS LE TOGO\u2019\u2019 (CST).<\/p>\n<p>Nous confirmons cette position, dont la constante reste\u00a0et demeure, avant tout dialogue, la satisfaction par votre gouvernement, de pr\u00e9alables susceptibles de rassurer la classe politique et les populations togolaises quant \u00e0 la r\u00e9elle volont\u00e9 du r\u00e9gime RPT d\u2019apaiser le climat politique dans le pays et de mettre fin \u00e0 l\u2019instrumentalisation des institutions et aux violations de la Constitution, des lois de la R\u00e9publique ainsi que des droits et libert\u00e9s des citoyens. Ces pr\u00e9alables concernent\u00a0:<\/p>\n<p>\u2022 La restitution des mat\u00e9riels confisqu\u00e9s lors des manifestations des 12 et 13 juin 2012 (v\u00e9hicules, apatam, mat\u00e9riels de sonorisation et de podium)<\/p>\n<p>\u2022 Le respect des lois relatives \u00e0 la libert\u00e9 de manifester\u00a0;<\/p>\n<p>\u2022 La mise en \u0153uvre des recommandations de la CNDH\u00a0et de la CVJR\u00a0;<\/p>\n<p>\u2022 Le retour effectif des neuf d\u00e9put\u00e9s de l\u2019ANC \u00e0 l\u2019Assembl\u00e9e nationale, conform\u00e9ment aux d\u00e9cisions de l\u2019UIP et de la Cour de Justice de la CEDEAO\u00a0;<\/p>\n<p>Au demeurant, votre correspondance pr\u00e9cit\u00e9e appelle de notre part, les observations suivantes\u00a0:<\/p>\n<p>\u2022 Votre lettre fait mention de consultations le vendredi 24 ao\u00fbt 2012 avec les repr\u00e9sentants des partis politiques et des regroupements des politiques et associatifs, consultations auxquelles l\u2019ANC n\u2019a pas \u00e9t\u00e9 convi\u00e9e. L\u2019ANC ne saurait donc \u00eatre li\u00e9e par les \u2018\u2019points de vue\u2019\u2019 et les \u2018\u2019propositions recueillies lors de ces consultations\u2019\u2019 et sur la base desquels vous d\u00e9finissez les modalit\u00e9s de votre dialogue\u00a0;<\/p>\n<p>\u2022 Le CST, qui emporte l\u2019adh\u00e9sion massive des populations togolaises\u00a0dont elle d\u00e9fend les aspirations l\u00e9gitimes, n\u2019est pas invit\u00e9 aux \u2018\u2019concertations\u2019\u2019 du 10\/09\/2012, alors que le REFAMP et le GF2D, qui ne prennent aucune part visible et significative \u00e0 la d\u00e9fense des int\u00e9r\u00eats l\u00e9gitimes des populations, sont convi\u00e9s \u00e0 vos concertations.<\/p>\n<p>Si l\u2019objet et les recommandations de l\u2019APG demeurent pertinents, l\u2019\u00e9chiquier politique togolais\u00a0n\u2019en conna\u00eet pas moins, depuis la signature de cet accord, une \u00e9volution qui fait appara\u00eetre de nouvelles forces sociopolitiques\u00a0telles que le FRAC et le CST\u00a0qui, avec le soutien massif des populations, contribuent \u00e0 la lutte pour l\u2019am\u00e9lioration des conditions de vie des populations et pour mettre fin aux violations de la Constitution, des lois et des droits de l\u2019homme. Pendant ce temps, vous n\u2019h\u00e9sitez pas \u00e0 inviter des organisations signataires de l\u2019APG telles que l\u2019UFC, la CPP\u00a0et le PDR, qui sont satisfaites de la politique gouvernementale qu\u2019elles d\u00e9fendent et soutiennent pleinement. Du reste, la CPP\u00a0et le PDR ont disparu du paysage politique\u00a0;<\/p>\n<p>\u2022 Vous comptez aujourd\u2019hui l\u2019ANC parmi \u2018\u2019les partis politiques ayant des d\u00e9put\u00e9s \u00e0 l\u2019Assembl\u00e9e nationale\u2019\u2019 alors que vous avez toujours refus\u00e9 \u00e0 ses d\u00e9put\u00e9s, en violation de la Constitution et du R\u00e8glement int\u00e9rieur de l\u2019Assembl\u00e9e nationale, de se constituer en Groupe parlementaire ANC\u00a0;<\/p>\n<p>\u2022 La duplicit\u00e9 de votre r\u00e9gime refait pleinement surface dans l\u2019ordre du jour qui pr\u00e9voit un point sur le \u2018\u2019d\u00e9coupage des circonscriptions \u00e9lectorales\u2019\u2019 laissant supposer que la question fondamentale du d\u00e9coupage \u00e9lectoral est elle-m\u00eame d\u00e9finitivement r\u00e9gl\u00e9e unilat\u00e9ralement par le RPT.<\/p>\n<p>L\u2019ANC saisit l\u2019occasion pour attirer l\u2019attention du gouvernement sur l\u2019urgente n\u00e9cessit\u00e9 de prendre en compte les revendications du CST\u00a0en date du 04 juin 2012, contenues dans la \u2018\u2019PLATE-FORME CITOYENNE POUR UN TOGO DEMOCRATIQUE\u2019\u2019, dont nous vous tenons ci-joint, un exemplaire.<\/p>\n<p>L\u2019ANC met en garde le r\u00e9gime RPT contre toute vell\u00e9it\u00e9 d\u2019organiser un dialogue sans la participation des v\u00e9ritables protagonistes de la crise togolaise. Le gouvernement en assumera toutes les cons\u00e9quences.<\/p>\n<p>Veuillez agr\u00e9er, Monsieur le Premier Ministre, l\u2019assurance de notre consid\u00e9ration distingu\u00e9e.<\/p>\n<p><strong>Jean-Pierre FABRE<\/strong><\/p>\n<p>Notons que le Premier ministre togolais, Kwesi\u00a0S\u00e9l\u00e9agodji Ahoomey-Zunu, a donn\u00e9 lundi le coup d\u2019envoi du dialogue politique \u00a0\u00e0 Lom\u00e9 avec la participation de 5 formations et\u00a0 deux organisations\u00a0 dites de la soci\u00e9t\u00e9 civile\u00a0proches du pouvoir\u00a0 (UFC, UNIR, Alliance, PDR, CPP,\u00a0REFAMP\u00a0, GF2D ), en pr\u00e9sence de Patrick\u00a0Spirlet, l\u2019ambassadeur de l\u2019Union europ\u00e9enne au Togo, et de Khardia\u00a0Lo\u00a0N\u2019Diaye, la repr\u00e9sentante du PNUD<strong>. <\/strong>Les\u00a0formations de l&#8217;opposition:\u00a0\u00a0le CAR, la CDPA, le PRR, l\u2019ANC et Obuts,l&#8217;ADDI, le CST\u00a0et le FRAC \u00a0boycottent la rencontre et \u00a0exigent avant toute participation\u00a0\u00a0une m\u00e9diation internationale , la satisfaction des conditions pr\u00e9alables et des gages de garantie pour \u00e9viter un \u00e9ni\u00e8me march\u00e9 de dupe. Soulignons que c&#8217;est le 17 e dialogue depuis le d\u00e9but du processus de d\u00e9mocratisation du Togo et aucun n&#8217;a abouti face\u00a0la logique\u00a0 mordicus de\u00a0conservation du pourvoir\u00a0 par le r\u00e9gime\u00a0 militaro fasciste du RPT.<\/p>\n<p>Gnagou\u00a0Matolaba\u00a0Djalima\u00a0 <a href=\"http:\/\/www.mtn-togo.org\/\">www.mtn-togo.org<\/a><\/p>\n","protected":false},"excerpt":{"rendered":"<p>Lom\u00e9, le 06 septembre 2012 Le Pr\u00e9sident National N\u00b0\u00a012-250\/ANC\/ PN-SG A Monsieur le Premier Ministre LOME R\u00e8f.\u00a0: V\/L n\u00b0282\/12\/PM\/CAB du 04\/09\/2012 Monsieur le Premier Ministre,<\/p>\n","protected":false},"author":7,"featured_media":0,"comment_status":"closed","ping_status":"open","sticky":false,"template":"","format":"standard","meta":[],"categories":[1],"tags":[63],"_links":{"self":[{"href":"http:\/\/mtn-togo.org\/index.php?rest_route=\/wp\/v2\/posts\/1760"}],"collection":[{"href":"http:\/\/mtn-togo.org\/index.php?rest_route=\/wp\/v2\/posts"}],"about":[{"href":"http:\/\/mtn-togo.org\/index.php?rest_route=\/wp\/v2\/types\/post"}],"author":[{"embeddable":true,"href":"http:\/\/mtn-togo.org\/index.php?rest_route=\/wp\/v2\/users\/7"}],"replies":[{"embeddable":true,"href":"http:\/\/mtn-togo.org\/index.php?rest_route=%2Fwp%2Fv2%2Fcomments&post=1760"}],"version-history":[{"count":2,"href":"http:\/\/mtn-togo.org\/index.php?rest_route=\/wp\/v2\/posts\/1760\/revisions"}],"predecessor-version":[{"id":1762,"href":"http:\/\/mtn-togo.org\/index.php?rest_route=\/wp\/v2\/posts\/1760\/revisions\/1762"}],"wp:attachment":[{"href":"http:\/\/mtn-togo.org\/index.php?rest_route=%2Fwp%2Fv2%2Fmedia&parent=1760"}],"wp:term":[{"taxonomy":"category","embeddable":true,"href":"http:\/\/mtn-togo.org\/index.php?rest_route=%2Fwp%2Fv2%2Fcategories&post=1760"},{"taxonomy":"post_tag","embeddable":true,"href":"http:\/\/mtn-togo.org\/index.php?rest_route=%2Fwp%2Fv2%2Ftags&post=1760"}],"curies":[{"name":"wp","href":"https:\/\/api.w.org\/{rel}","templated":true}]}}