{"id":1764,"date":"2012-09-11T20:31:30","date_gmt":"2012-09-12T01:31:30","guid":{"rendered":"http:\/\/mtn-togo.org\/?p=1764"},"modified":"2012-09-12T02:26:28","modified_gmt":"2012-09-12T07:26:28","slug":"bodjona-va-en-prisonle-juge-doyen-des-juges-dinstrution-la-inculpe-prononce-contre-lui-le-mandat-de-depot","status":"publish","type":"post","link":"http:\/\/mtn-togo.org\/?p=1764","title":{"rendered":"Pascal Bodjona va en prison:Le doyen des juges d&#8217;instruction l&#8217;a inculp\u00e9 et plac\u00e9 sous mandat de d\u00e9p\u00f4t"},"content":{"rendered":"<p><a href=\"http:\/\/mtn-togo.org\/wp-content\/uploads\/2012\/09\/Mandat_de-d\u00e9pot_Pascal_Bodjona.jpg\"><img loading=\"lazy\" class=\"alignleft size-full wp-image-1765\" title=\"Mandat_de-d\u00e9pot_Pascal_Bodjona\" src=\"http:\/\/mtn-togo.org\/wp-content\/uploads\/2012\/09\/Mandat_de-d\u00e9pot_Pascal_Bodjona.jpg\" alt=\"\" width=\"252\" height=\"94\" \/><\/a>Apr\u00e8s de 10 jours de d\u00e9tention \u00e0 la gendarmerie nationale pour<a href=\"http:\/\/mtn-togo.org\/wp-content\/uploads\/2012\/08\/bodjona-pascal-ministre-400.jpg\"><img loading=\"lazy\" class=\"alignleft size-medium wp-image-1524\" title=\"bodjona-pascal-eancien-ministre-administration-territoriale\" src=\"http:\/\/mtn-togo.org\/wp-content\/uploads\/2012\/08\/bodjona-pascal-ministre-400-300x255.jpg\" alt=\"\" width=\"300\" height=\"255\" srcset=\"http:\/\/mtn-togo.org\/wp-content\/uploads\/2012\/08\/bodjona-pascal-ministre-400-300x255.jpg 300w, http:\/\/mtn-togo.org\/wp-content\/uploads\/2012\/08\/bodjona-pascal-ministre-400.jpg 400w\" sizes=\"(max-width: 300px) 100vw, 300px\" \/><\/a>\u00a0les raisons de l&#8217;enqu\u00eate dans l&#8217;affaire d&#8217;escroquerie internationale, Pascal Bodjona\u00a0a \u00e9t\u00e9 conduit ce mardi \u00a0sous bonne escorte au Palais de Justice de Lom\u00e9 .<\/p>\n<p><!--more-->\u00a0Il \u00a0\u00e9t\u00e9 longuement \u00a0auditionn\u00e9 par le 2\u00e8me Substitut du Procureur l&#8217;apr\u00e8s-midi,\u00a0puis conduit \u00a0dans les bureaux du doyen des juges d&#8217;instruction Bidassa\u00a0Essozimna\u00a0qui l&#8217;a inculp\u00e9 et lui a \u00a0signifi\u00e9 son mandat de d\u00e9p\u00f4t.\u00a0 L&#8217;ex-ministre\u00a0\u00a0est assist\u00e9 de plusieurs avocats notamment Mes Isabelle Am\u00e9ganvi, Gil-B\u00e9noit Afangbedji et Dodji\u00a0Ap\u00e9von mais peine perdue. Il va aller en prison et celle de Mango est \u00e9voqu\u00e9e sans confirmation pour l&#8217;instant. Il a \u00e9t\u00e9 reconduit dans la confusion\u00a0\u00e0 la gendarmerie nationale en attendant de l&#8217;envoyer cette nuit dormir au cachot , histoire de \u00a0faire diversion\u00a0 \u00e0 ses partisans qui ont d\u00fb essuyer\u00a0\u00a0une pluie de\u00a0gaz lacrimog\u00e8ne.<\/p>\n<p>Les n\u00e9gociations tout azimut ont \u00e9chou\u00e9 notamment celles de Mgr Barrigah\u00a0et\u00a0surtout \u00a0celles des r\u00e9seaux obscurs.\u00a0Triste sort pour l&#8217;ex ministre de l&#8217;Administration territoriale, de la D\u00e9centralisation,et des collectivit\u00e9s locales, l&#8217;un\u00a0 des artisans civiles, le plus farouche dans l&#8217;av\u00e8nement\u00a0 rocambolesque de Faure Gnassingb\u00e9\u00a0au pouvoir dans un bain de sang .\u00a0<br \/>\nDirecteur de campagne, puis directeur de cabinet et ensuite ministre dans les gouvernements successifs de Faure\u00a0Gnassingb\u00e9 jusqu&#8217;\u00e0 2012, Pascal Bodjona\u00a0n&#8217;aurait jamais imagin\u00e9\u00a0 ce qui lui arrive aujourd&#8217;hui. Pourtant son d\u00e9funt \u00a0p\u00e8re l&#8217;avait bien \u00a0pr\u00e9venu. Pour l&#8217;inculper Faure\u00a0Gnassingb\u00e9 a fait descendre l&#8217;\u00e9mirati Abbass Youssef\u00a0qui a expliqu\u00e9 lors de sa conf\u00e9rence de presse qu&#8217;on lui demand\u00e9 de porter plainte formellement contre Pascal Bodjona, ce qu&#8217;il fait en dehors de la plainte log\u00e9e une ann\u00e9e plus t\u00f4t qui a conduit l&#8217;homme d&#8217;affaire Agba\u00a0Sow\u00a0Bertin, le\u00a0premier accus\u00e9\u00a0de l&#8217;affaire, \u00a0en prison. Il est \u00a0donc \u00e9vident que Faure\u00a0Gnassingb\u00e9 et son chef des services de renseignements,\u00a0Yotrofei\u00a0Massina,\u00a0 veulent faire la peau de leur ami et alli\u00e9 d&#8217;hier qui pourrait devenir, semblerait -il, un redoutable adversaire\u00a0 en 2015 avec 48 millions de dollars en poche. Le feuilleton n&#8217;est qu&#8217;\u00e0 son premier \u00e9pisode et cela promet des rebondissements \u00a0spectaculaires. Wait\u00a0and\u00a0see !<\/p>\n<p>Gnagou\u00a0Matolaba\u00a0Djalima <a href=\"http:\/\/www.mtn-togo.org\/\">www.mtn-togo.org<\/a><\/p>\n","protected":false},"excerpt":{"rendered":"<p>Apr\u00e8s de 10 jours de d\u00e9tention \u00e0 la gendarmerie nationale pour\u00a0les raisons de l&#8217;enqu\u00eate dans l&#8217;affaire d&#8217;escroquerie internationale, Pascal Bodjona\u00a0a \u00e9t\u00e9 conduit ce mardi \u00a0sous bonne escorte au Palais de Justice de Lom\u00e9 .<\/p>\n","protected":false},"author":7,"featured_media":0,"comment_status":"closed","ping_status":"open","sticky":false,"template":"","format":"standard","meta":[],"categories":[1],"tags":[64],"_links":{"self":[{"href":"http:\/\/mtn-togo.org\/index.php?rest_route=\/wp\/v2\/posts\/1764"}],"collection":[{"href":"http:\/\/mtn-togo.org\/index.php?rest_route=\/wp\/v2\/posts"}],"about":[{"href":"http:\/\/mtn-togo.org\/index.php?rest_route=\/wp\/v2\/types\/post"}],"author":[{"embeddable":true,"href":"http:\/\/mtn-togo.org\/index.php?rest_route=\/wp\/v2\/users\/7"}],"replies":[{"embeddable":true,"href":"http:\/\/mtn-togo.org\/index.php?rest_route=%2Fwp%2Fv2%2Fcomments&post=1764"}],"version-history":[{"count":8,"href":"http:\/\/mtn-togo.org\/index.php?rest_route=\/wp\/v2\/posts\/1764\/revisions"}],"predecessor-version":[{"id":1768,"href":"http:\/\/mtn-togo.org\/index.php?rest_route=\/wp\/v2\/posts\/1764\/revisions\/1768"}],"wp:attachment":[{"href":"http:\/\/mtn-togo.org\/index.php?rest_route=%2Fwp%2Fv2%2Fmedia&parent=1764"}],"wp:term":[{"taxonomy":"category","embeddable":true,"href":"http:\/\/mtn-togo.org\/index.php?rest_route=%2Fwp%2Fv2%2Fcategories&post=1764"},{"taxonomy":"post_tag","embeddable":true,"href":"http:\/\/mtn-togo.org\/index.php?rest_route=%2Fwp%2Fv2%2Ftags&post=1764"}],"curies":[{"name":"wp","href":"https:\/\/api.w.org\/{rel}","templated":true}]}}