{"id":1774,"date":"2012-09-12T03:04:06","date_gmt":"2012-09-12T08:04:06","guid":{"rendered":"http:\/\/mtn-togo.org\/?p=1774"},"modified":"2012-09-12T03:30:20","modified_gmt":"2012-09-12T08:30:20","slug":"pascal-bodjona-place-sous-mandat-de-depotphotos-mo5-de-la-manifestation-desaroi-au-palais-de-la-justice-de-lome","status":"publish","type":"post","link":"http:\/\/mtn-togo.org\/?p=1774","title":{"rendered":"Pascal Bodjona plac\u00e9 sous mandat de d\u00e9p\u00f4t:Photos de la manifestation d\u00e9sarroi au Palais de la Justice de Lom\u00e9"},"content":{"rendered":"<p><a href=\"http:\/\/mtn-togo.org\/wp-content\/uploads\/2012\/09\/bodjona-justice1.jpg\"><img loading=\"lazy\" class=\"alignleft size-medium wp-image-1775\" title=\"Manifestation de d\u00e9saroi des proches et de la famille\" src=\"http:\/\/mtn-togo.org\/wp-content\/uploads\/2012\/09\/bodjona-justice1-300x225.jpg\" alt=\"\" width=\"300\" height=\"225\" srcset=\"http:\/\/mtn-togo.org\/wp-content\/uploads\/2012\/09\/bodjona-justice1-300x225.jpg 300w, http:\/\/mtn-togo.org\/wp-content\/uploads\/2012\/09\/bodjona-justice1-1024x768.jpg 1024w, http:\/\/mtn-togo.org\/wp-content\/uploads\/2012\/09\/bodjona-justice1.jpg 1130w\" sizes=\"(max-width: 300px) 100vw, 300px\" \/><\/a><a href=\"http:\/\/mtn-togo.org\/wp-content\/uploads\/2012\/09\/bodjona-justice6.jpg\"><img loading=\"lazy\" class=\"alignleft size-medium wp-image-1779\" title=\"Manifestation de d\u00e9saroi des proches et de la famille\" src=\"http:\/\/mtn-togo.org\/wp-content\/uploads\/2012\/09\/bodjona-justice6-300x225.jpg\" alt=\"\" width=\"300\" height=\"225\" srcset=\"http:\/\/mtn-togo.org\/wp-content\/uploads\/2012\/09\/bodjona-justice6-300x225.jpg 300w, http:\/\/mtn-togo.org\/wp-content\/uploads\/2012\/09\/bodjona-justice6-1024x769.jpg 1024w, http:\/\/mtn-togo.org\/wp-content\/uploads\/2012\/09\/bodjona-justice6.jpg 1165w\" sizes=\"(max-width: 300px) 100vw, 300px\" \/><\/a><!--more-->Les photos ont \u00e9t\u00e9 prises par le reporter du mo5<a href=\"http:\/\/mtn-togo.org\/wp-content\/uploads\/2012\/09\/bodjona-justice3.jpg\"><img loading=\"lazy\" class=\"alignleft size-medium wp-image-1776\" title=\"Manifestation de d\u00e9saroi des proches et de la famille\" src=\"http:\/\/mtn-togo.org\/wp-content\/uploads\/2012\/09\/bodjona-justice3-300x225.jpg\" alt=\"\" width=\"300\" height=\"225\" srcset=\"http:\/\/mtn-togo.org\/wp-content\/uploads\/2012\/09\/bodjona-justice3-300x225.jpg 300w, http:\/\/mtn-togo.org\/wp-content\/uploads\/2012\/09\/bodjona-justice3-1024x768.jpg 1024w, http:\/\/mtn-togo.org\/wp-content\/uploads\/2012\/09\/bodjona-justice3.jpg 1142w\" sizes=\"(max-width: 300px) 100vw, 300px\" \/><\/a><a href=\"http:\/\/mtn-togo.org\/wp-content\/uploads\/2012\/09\/bodjona-justice4.jpg\"><img loading=\"lazy\" class=\"alignleft size-medium wp-image-1777\" title=\"bodjona dans sa voiture avec son avocate Isabelle Am\u00e9ganvi\" src=\"http:\/\/mtn-togo.org\/wp-content\/uploads\/2012\/09\/bodjona-justice4-300x225.jpg\" alt=\"\" width=\"300\" height=\"225\" srcset=\"http:\/\/mtn-togo.org\/wp-content\/uploads\/2012\/09\/bodjona-justice4-300x225.jpg 300w, http:\/\/mtn-togo.org\/wp-content\/uploads\/2012\/09\/bodjona-justice4-1024x768.jpg 1024w, http:\/\/mtn-togo.org\/wp-content\/uploads\/2012\/09\/bodjona-justice4.jpg 1224w\" sizes=\"(max-width: 300px) 100vw, 300px\" \/><\/a><a href=\"http:\/\/mtn-togo.org\/wp-content\/uploads\/2012\/09\/bodjona-justice5.jpg\"><img loading=\"lazy\" class=\"alignleft size-medium wp-image-1778\" title=\"Pascal Bodjona et Me Isabelle Ameganvi\" src=\"http:\/\/mtn-togo.org\/wp-content\/uploads\/2012\/09\/bodjona-justice5-300x225.jpg\" alt=\"\" width=\"300\" height=\"225\" srcset=\"http:\/\/mtn-togo.org\/wp-content\/uploads\/2012\/09\/bodjona-justice5-300x225.jpg 300w, http:\/\/mtn-togo.org\/wp-content\/uploads\/2012\/09\/bodjona-justice5-1024x768.jpg 1024w, http:\/\/mtn-togo.org\/wp-content\/uploads\/2012\/09\/bodjona-justice5.jpg 1319w\" sizes=\"(max-width: 300px) 100vw, 300px\" \/><\/a><a href=\"http:\/\/mtn-togo.org\/wp-content\/uploads\/2012\/09\/bodjona-justice8.jpg\"><img loading=\"lazy\" class=\"alignleft size-medium wp-image-1780\" title=\"Manifestation de d\u00e9saroi des proches et de la famille\" src=\"http:\/\/mtn-togo.org\/wp-content\/uploads\/2012\/09\/bodjona-justice8-300x225.jpg\" alt=\"\" width=\"300\" height=\"225\" srcset=\"http:\/\/mtn-togo.org\/wp-content\/uploads\/2012\/09\/bodjona-justice8-300x225.jpg 300w, http:\/\/mtn-togo.org\/wp-content\/uploads\/2012\/09\/bodjona-justice8-1024x768.jpg 1024w, http:\/\/mtn-togo.org\/wp-content\/uploads\/2012\/09\/bodjona-justice8.jpg 1035w\" sizes=\"(max-width: 300px) 100vw, 300px\" \/><\/a><a href=\"http:\/\/mtn-togo.org\/wp-content\/uploads\/2012\/09\/bodjona-justice9.jpg\"><img loading=\"lazy\" class=\"alignleft size-medium wp-image-1781\" title=\"Manifestation de d\u00e9saroi des proches et de la famille\" src=\"http:\/\/mtn-togo.org\/wp-content\/uploads\/2012\/09\/bodjona-justice9-300x224.jpg\" alt=\"\" width=\"300\" height=\"224\" srcset=\"http:\/\/mtn-togo.org\/wp-content\/uploads\/2012\/09\/bodjona-justice9-300x224.jpg 300w, http:\/\/mtn-togo.org\/wp-content\/uploads\/2012\/09\/bodjona-justice9-1024x768.jpg 1024w, http:\/\/mtn-togo.org\/wp-content\/uploads\/2012\/09\/bodjona-justice9.jpg 1036w\" sizes=\"(max-width: 300px) 100vw, 300px\" \/><\/a><a href=\"http:\/\/mtn-togo.org\/wp-content\/uploads\/2012\/09\/bodjona-justice11.jpg\"><img loading=\"lazy\" class=\"alignleft size-medium wp-image-1786\" title=\"Manifestation de d\u00e9saroi des proches et de la famille\" src=\"http:\/\/mtn-togo.org\/wp-content\/uploads\/2012\/09\/bodjona-justice11-300x225.jpg\" alt=\"\" width=\"300\" height=\"225\" srcset=\"http:\/\/mtn-togo.org\/wp-content\/uploads\/2012\/09\/bodjona-justice11-300x225.jpg 300w, http:\/\/mtn-togo.org\/wp-content\/uploads\/2012\/09\/bodjona-justice11-1024x769.jpg 1024w, http:\/\/mtn-togo.org\/wp-content\/uploads\/2012\/09\/bodjona-justice11.jpg 1177w\" sizes=\"(max-width: 300px) 100vw, 300px\" \/><\/a><a href=\"http:\/\/mtn-togo.org\/wp-content\/uploads\/2012\/09\/bodjona-justice12.jpg\"><img loading=\"lazy\" class=\"alignleft size-medium wp-image-1787\" title=\"Zaina, la femme de Pascal Bodjona \" src=\"http:\/\/mtn-togo.org\/wp-content\/uploads\/2012\/09\/bodjona-justice12-300x225.jpg\" alt=\"\" width=\"300\" height=\"225\" srcset=\"http:\/\/mtn-togo.org\/wp-content\/uploads\/2012\/09\/bodjona-justice12-300x225.jpg 300w, http:\/\/mtn-togo.org\/wp-content\/uploads\/2012\/09\/bodjona-justice12-1024x768.jpg 1024w, http:\/\/mtn-togo.org\/wp-content\/uploads\/2012\/09\/bodjona-justice12.jpg 1212w\" sizes=\"(max-width: 300px) 100vw, 300px\" \/><\/a><a href=\"http:\/\/mtn-togo.org\/wp-content\/uploads\/2012\/09\/bodjona-justice10.jpg\"><img loading=\"lazy\" class=\"alignleft size-medium wp-image-1782\" title=\"Manifestation de d\u00e9saroi des proches et de la famille\" src=\"http:\/\/mtn-togo.org\/wp-content\/uploads\/2012\/09\/bodjona-justice10-300x225.jpg\" alt=\"\" width=\"300\" height=\"225\" srcset=\"http:\/\/mtn-togo.org\/wp-content\/uploads\/2012\/09\/bodjona-justice10-300x225.jpg 300w, http:\/\/mtn-togo.org\/wp-content\/uploads\/2012\/09\/bodjona-justice10-1024x768.jpg 1024w, http:\/\/mtn-togo.org\/wp-content\/uploads\/2012\/09\/bodjona-justice10.jpg 1178w\" sizes=\"(max-width: 300px) 100vw, 300px\" \/><\/a><\/p>\n","protected":false},"excerpt":{"rendered":"","protected":false},"author":7,"featured_media":0,"comment_status":"closed","ping_status":"open","sticky":false,"template":"","format":"standard","meta":[],"categories":[1],"tags":[],"_links":{"self":[{"href":"http:\/\/mtn-togo.org\/index.php?rest_route=\/wp\/v2\/posts\/1774"}],"collection":[{"href":"http:\/\/mtn-togo.org\/index.php?rest_route=\/wp\/v2\/posts"}],"about":[{"href":"http:\/\/mtn-togo.org\/index.php?rest_route=\/wp\/v2\/types\/post"}],"author":[{"embeddable":true,"href":"http:\/\/mtn-togo.org\/index.php?rest_route=\/wp\/v2\/users\/7"}],"replies":[{"embeddable":true,"href":"http:\/\/mtn-togo.org\/index.php?rest_route=%2Fwp%2Fv2%2Fcomments&post=1774"}],"version-history":[{"count":8,"href":"http:\/\/mtn-togo.org\/index.php?rest_route=\/wp\/v2\/posts\/1774\/revisions"}],"predecessor-version":[{"id":1792,"href":"http:\/\/mtn-togo.org\/index.php?rest_route=\/wp\/v2\/posts\/1774\/revisions\/1792"}],"wp:attachment":[{"href":"http:\/\/mtn-togo.org\/index.php?rest_route=%2Fwp%2Fv2%2Fmedia&parent=1774"}],"wp:term":[{"taxonomy":"category","embeddable":true,"href":"http:\/\/mtn-togo.org\/index.php?rest_route=%2Fwp%2Fv2%2Fcategories&post=1774"},{"taxonomy":"post_tag","embeddable":true,"href":"http:\/\/mtn-togo.org\/index.php?rest_route=%2Fwp%2Fv2%2Ftags&post=1774"}],"curies":[{"name":"wp","href":"https:\/\/api.w.org\/{rel}","templated":true}]}}