{"id":1817,"date":"2012-09-14T08:37:30","date_gmt":"2012-09-14T13:37:30","guid":{"rendered":"http:\/\/mtn-togo.org\/?p=1817"},"modified":"2012-09-14T17:12:45","modified_gmt":"2012-09-14T22:12:45","slug":"affaire-pascal-bodjona-le-procureur-de-la-republique-dement-la-rumeur-selon-laquelle-bodjona-nira-pas-en-prison","status":"publish","type":"post","link":"http:\/\/mtn-togo.org\/?p=1817","title":{"rendered":"Affaire Pascal Bodjona: le procureur de la R\u00e9publique d\u00e9ment la rumeur selon laquelle Bodjona n&#8217;ira pas en prison"},"content":{"rendered":"<p><a href=\"http:\/\/mtn-togo.org\/wp-content\/uploads\/2012\/09\/bodjona_pascal_en-prison_gendarmerie.jpg\"><img loading=\"lazy\" class=\"alignleft size-medium wp-image-1842\" title=\"bodjona_pascal_en-prison_gendarmerie\" src=\"http:\/\/mtn-togo.org\/wp-content\/uploads\/2012\/09\/bodjona_pascal_en-prison_gendarmerie-300x201.jpg\" alt=\"\" width=\"300\" height=\"201\" srcset=\"http:\/\/mtn-togo.org\/wp-content\/uploads\/2012\/09\/bodjona_pascal_en-prison_gendarmerie-300x201.jpg 300w, http:\/\/mtn-togo.org\/wp-content\/uploads\/2012\/09\/bodjona_pascal_en-prison_gendarmerie.jpg 455w\" sizes=\"(max-width: 300px) 100vw, 300px\" \/><\/a>Dans un communiqu\u00e9 rendu public mercredi soir,\u00a0le procureur de la R\u00e9publique a confirm\u00e9 l\u2019inculpation et le mandat de d\u00e9p\u00f4t d\u00e9livr\u00e9 \u00e0 l\u2019encontre de l\u2019ancien ministre de l&#8217;Administration territoriale,\u00a0de la D\u00e9centralisation et des collectivit\u00e9s locales\u00a0Pascal Akoussoul\u00e8lou\u00a0Bodjona , d\u00e9mentant ainsi la rumeur selon laquelle\u00a0 ce dernier n&#8217;ira pas en prison. La proc\u00e9dure judiciaire suivra son cours a -il pr\u00e9cis\u00e9.<\/p>\n<p>Ci-dessous la teneur du communiqu\u00e9<\/p>\n<p><!--more-->&lt;&lt;Youssef dans l\u2019affaire d\u2019escroquerie internationale a \u00e9t\u00e9 d\u00e9f\u00e9r\u00e9 au parquet hier 11 septembre 2012.<\/p>\n<p>Une information judiciaire a \u00e9t\u00e9 imm\u00e9diatement ouverte au premier cabinet d\u2019instruction du tribunal de premi\u00e8re instance de Lom\u00e9 o\u00f9 il a \u00e9t\u00e9 inculp\u00e9 et plac\u00e9 sous mandat de d\u00e9p\u00f4t par le doyen des juges d\u2019instruction. La proc\u00e9dure suit son cours&gt;&gt;<\/p>\n<p>Notons que Pascal Bodjona\u00a0est toujours dans les locaux de la gendarmerie et attend incessamment son transf\u00e8rement\u00a0vers une prison non encore pr\u00e9cis\u00e9e. Celle de Mango a \u00e9t\u00e9 souvent \u00e9voqu\u00e9e pour l&#8217;\u00e9loigner de la famille et de ses partisans.<\/p>\n<p>Gnagou\u00a0Matolaba\u00a0Djalima <a href=\"http:\/\/www.mtn-togo.org\/\">www.mtn-togo.org<\/a><\/p>\n<p>&nbsp;<\/p>\n","protected":false},"excerpt":{"rendered":"<p>Dans un communiqu\u00e9 rendu public mercredi soir,\u00a0le procureur de la R\u00e9publique a confirm\u00e9 l\u2019inculpation et le mandat de d\u00e9p\u00f4t d\u00e9livr\u00e9 \u00e0 l\u2019encontre de l\u2019ancien ministre de l&#8217;Administration territoriale,\u00a0de la D\u00e9centralisation et des collectivit\u00e9s locales\u00a0Pascal Akoussoul\u00e8lou\u00a0Bodjona , d\u00e9mentant ainsi la rumeur selon laquelle\u00a0 ce dernier n&#8217;ira pas en prison. La proc\u00e9dure judiciaire suivra son cours a [&hellip;]<\/p>\n","protected":false},"author":7,"featured_media":0,"comment_status":"closed","ping_status":"open","sticky":false,"template":"","format":"standard","meta":[],"categories":[1],"tags":[68],"_links":{"self":[{"href":"http:\/\/mtn-togo.org\/index.php?rest_route=\/wp\/v2\/posts\/1817"}],"collection":[{"href":"http:\/\/mtn-togo.org\/index.php?rest_route=\/wp\/v2\/posts"}],"about":[{"href":"http:\/\/mtn-togo.org\/index.php?rest_route=\/wp\/v2\/types\/post"}],"author":[{"embeddable":true,"href":"http:\/\/mtn-togo.org\/index.php?rest_route=\/wp\/v2\/users\/7"}],"replies":[{"embeddable":true,"href":"http:\/\/mtn-togo.org\/index.php?rest_route=%2Fwp%2Fv2%2Fcomments&post=1817"}],"version-history":[{"count":7,"href":"http:\/\/mtn-togo.org\/index.php?rest_route=\/wp\/v2\/posts\/1817\/revisions"}],"predecessor-version":[{"id":1844,"href":"http:\/\/mtn-togo.org\/index.php?rest_route=\/wp\/v2\/posts\/1817\/revisions\/1844"}],"wp:attachment":[{"href":"http:\/\/mtn-togo.org\/index.php?rest_route=%2Fwp%2Fv2%2Fmedia&parent=1817"}],"wp:term":[{"taxonomy":"category","embeddable":true,"href":"http:\/\/mtn-togo.org\/index.php?rest_route=%2Fwp%2Fv2%2Fcategories&post=1817"},{"taxonomy":"post_tag","embeddable":true,"href":"http:\/\/mtn-togo.org\/index.php?rest_route=%2Fwp%2Fv2%2Ftags&post=1817"}],"curies":[{"name":"wp","href":"https:\/\/api.w.org\/{rel}","templated":true}]}}