{"id":1822,"date":"2012-09-14T10:16:19","date_gmt":"2012-09-14T15:16:19","guid":{"rendered":"http:\/\/mtn-togo.org\/?p=1822"},"modified":"2012-09-14T11:34:47","modified_gmt":"2012-09-14T16:34:47","slug":"loic-le-floch-prigentle-cerveau-francais-dans-laffaire-descroquerie-internationale-donne-sa-version-des-faits","status":"publish","type":"post","link":"http:\/\/mtn-togo.org\/?p=1822","title":{"rendered":"Loic Le Floch Prigent,le cerveau fran\u00e7ais dans l&#8217;affaire d&#8217;escroquerie internationale donne sa version des faits"},"content":{"rendered":"<p><a href=\"http:\/\/mtn-togo.org\/wp-content\/uploads\/2012\/09\/Loic_Le_Floch_Prigent_accuse_dans_l_affaire_escroquerie_internationale.jpg\"><img loading=\"lazy\" class=\"alignleft size-full wp-image-1823\" title=\"Loic_Le_Floch_Prigent_accuse_dans_l_affaire_escroquerie_internationale\" src=\"http:\/\/mtn-togo.org\/wp-content\/uploads\/2012\/09\/Loic_Le_Floch_Prigent_accuse_dans_l_affaire_escroquerie_internationale.jpg\" alt=\"\" width=\"255\" height=\"198\" \/><\/a>Dans une interview accord\u00e9e \u00e0 nos confr\u00e8res de koaci.com, monsieur Lo\u00efc Le Floch\u00a0Prigent, accus\u00e9 par l\u2019\u00e9mirati Abass\u00a0YOUSSEF\u00a0d\u2019\u00eatre l\u2019un des cerveaux dans l\u2019affaire d\u2019escroquerie internationale pour laquelle messieurs\u00a0Bertin\u00a0AGBA\u00a0et Pascal BODJONA\u00a0ont \u00e9t\u00e9 mis sous mandat de d\u00e9p\u00f4t, donne sa version des faits. L\u2019ancien PDG\u00a0 fran\u00e7ais d&#8217; Elf Aquitaine confirme la rencontre entre les pr\u00e9tendus proches de Robert Gu\u00e9i et l\u2019\u00e9mirati tout en d\u00e9mentant l\u2019existence d\u2019une plainte contre lui au Togo.<strong>Il confirme son app\u00e9tit pour le p\u00e9trole offshore du Togo.<!--more--><\/strong><br \/>\n<strong><em>KOACI.COM : M. Le Floch-Prigent, connaissez-vous un homme d\u2019affaire \u00e9mirati du nom d\u2019Abass Al Youssef, si oui quelle est la nature de vos relations<\/em><\/strong> ?<\/p>\n<p><strong>Lo\u00efk Le Floch-Prigent<\/strong>\u00a0: Abass\u00a0Al Youssef je le connais depuis vingt ans et il vient me chercher en 2004 pour s\u2019associer \u00e0 moi dans le p\u00e9trole me disant qu\u2019il avait essay\u00e9 de faire des affaires en Russie et ce sans succ\u00e8s dans ce domaine, c\u2019est une relation essentiellement d\u2019ordre professionnel.<\/p>\n<p>\u00a0<strong><em>Au Togo on parle beaucoup d\u2019une affaire qui oppose l\u2019Emirati \u00e0 l\u2019homme d\u2019affaire togolais Sow\u00a0Bertin\u00a0Agba. Lors d\u2019une conf\u00e9rence de presse donn\u00e9e \u00e0 Lom\u00e9 le dimanche 02 septembre 2012, Abass\u00a0Al Youssef\u00a0qui a port\u00e9 une plainte devant la justice togolaise, a soutenu avoir\u00a0\u00e9t\u00e9 victime d\u2019une arnaque d\u2019un peu plus de 25 milliards de francs Cfa, dont vous \u00eates avec Bertin\u00a0Agba, les cerveaux ?<\/em><\/strong><\/p>\n<p>\u00a0Je ne pense pas que je vais atteindre l\u2019\u00e2ge acad\u00e9mique que j\u2019aie pour commencer\u00a0les \u00ab arnaques \u00bb, je pense que mon pass\u00e9 est suffisant pour que chacun d\u2019entre vous et entre nous comprenne\u00a0que ce n\u2019est pas \u00e7a qui m\u2019int\u00e9resse. Ce qui m\u2019int\u00e9ressait dans les relations avec Abass\u00a0Al Youssef\u00a0c\u2019est d\u2019avoir les moyens d\u2019aller le p\u00e9trole l\u00e0 o\u00f9 je pensais qu\u2019on pouvait en trouver. Dans la soci\u00e9t\u00e9 que nous avions en commun, nous avions des perspectives au Canada et au Congo.<\/p>\n<p>\u00a0<strong><em>Pas au Togo ?<\/em><\/strong><\/p>\n<p>\u00a0Pas du tout au Togo mais ceci n\u2019excluait pas que nous regardions l\u2019ensemble des possibilit\u00e9s et parmi ces possibilit\u00e9s il y a avait\u00a0l\u2019ensemble des pays africains dont le Togo. J\u2019ai donc \u00e0 l\u2019occasion de mon association avec Abass\u00a0Al Youssef j\u2019ai regard\u00e9 une dizaine de pays africains dont le Togo.<\/p>\n<p>\u00a0<strong><em>Est-ce \u00e0 ce moment o\u00f9 vous rentrez en relation avec Bertin\u00a0Agba\u00a0Sow ?<\/em><\/strong><\/p>\n<p>\u00a0Pas du tout.Pour l\u2019accusation de vol de mr\u00a0Abass\u00a0Al Youssef\u00a0; ce qui est important dans une affaire comme \u00e7a c\u2019est qu\u2019on questionne celui qui se plaint et de regarder les \u00e9vidences. L\u2019\u00e9vidence c\u2019est que je peux effectivement si vous \u00eates en face de moi et m\u00eame si c\u2019est la premi\u00e8re fois qu\u2019on se rencontre, mais n\u00e9anmoins je vous connais par ailleurs, et je sais que vous m\u2019avez d\u00e9j\u00e0 vol\u00e9 25 000 euros, vous allez me dire, Mr\u00a0Prigent\u00a0c\u2019est la premi\u00e8re fois qu\u2019on se voit en quoi est ce que je vous ai pris 25 000 euros, je vais porter plainte\u00a0contre vous, tr\u00e8s bien portez plainte contre moi. La premi\u00e8re chose que vous allez me dire, prouvez moi l\u2019\u00e9vidence que j\u2019ai pris 25 000 euros, le ch\u00e8que qui prouve. N\u2019importe qui peut dire que n\u2019importe qui l\u2019a vol\u00e9.<\/p>\n<p>\u00a0<strong><em>Dans la m\u00eame affaire, l\u2019ancien ministre de l\u2019Administration territoriale Pascal Bodjona, a \u00e9t\u00e9 arr\u00eat\u00e9 et gard\u00e9 \u00e0 vue \u00e0 la gendarmerie depuis plus d\u2019une semaine dans une proc\u00e9dure dite additionnelle. Connaissez-vous Pascal Bodjona ?<\/em><\/strong><\/p>\n<p>\u00a0Ce n\u2019\u00e9tait pas un de mes proches, la seule choses\u00a0que je connaisse de Mr\u00a0Bodjona\u00a0tout comme les nombreux ministres Togolais, b\u00e9ninois, nigerians, ivoiriens etc\u2026 c\u2019est qu\u2019il \u00e9tait ministre de l\u2019adiminstration du territoire me semble t\u2019il. Je l\u2019ai rencontr\u00e9 comme tout autre ministre que je rencontre. Si on compte le nombre de ministres que j\u2019aie rencontr\u00e9 en Afrique vous devez \u00eatre plus aux environs de mille que de cent.A l\u2019\u00e9vidence pour son cas, cette affaire c\u2019est sans nul doute le petit bout de la lorgnette\u2026<\/p>\n<p><strong><em>Quelles genres d\u2019affaires Abass\u00a0Al Yousssef\u00a0envisageait il au Togo, avec l\u2019aide de Sow\u00a0Bertin\u00a0Agba ? <\/em><\/strong><\/p>\n<p>Les relations entre Mr\u00a0Abass\u00a0Al Youssef\u00a0et mr x y z au Togo ne regarde que lui, moi les relations que j\u2019avais avec le Togo c\u2019\u00e9tait avec le chef de l\u2019Etat et le ministre charg\u00e9 du p\u00e9trole pour regarder la situation des blocs au Togo que j\u2019aie regard\u00e9 avec mes collaborateurs comme j\u2019ai regard\u00e9 au B\u00e9nin etc\u2026<\/p>\n<p>\u00a0Je n\u2019ai jamais eu besoin d\u2019Abass Al Youssef, Sow\u00a0ou Bodjona\u00a0ou de quiconque pour rencontrer Faure Gnassingb\u00e9 ou un autre pr\u00e9sident comme c\u2019est le cas en g\u00e9n\u00e9ral pour moi depuis vingt ans dans les pays africains.<\/p>\n<p>\u00a0<strong><em>Avez-vous entrepris une mission \u00e0 Lom\u00e9 pour le compte de l\u2019homme d\u2019affaires \u00e9mirati et pour quelle affaire pr\u00e9cis\u00e9ment? Lui parle d\u2019une fortune du Feu G\u00e9n\u00e9ral Ivoirien Robert Gu\u00e9\u00ef, qui serait plac\u00e9e dans une banque togolaise \u2026<\/em><\/strong><\/p>\n<p>Le probl\u00e8me du mr\u00a0Abass\u00a0Al Youssef\u00a0c\u2019est qu\u2019effectivement \u00e0 un moment il rencontre une dame \u00e0 Dubai et cette derni\u00e8re qui se dit de la famille ou proche du feu Robert Guei\u00a0lui fait miroiter des choses notamment que sa situation est \u00e9pouvantable et il estime qu\u2019il doit l\u2019aider et se met au secours de cette dame. Et tout ceci se passe \u00e0 Duba\u00ef en mon absence. C\u2019est une histoire priv\u00e9e d\u2019Abass Al Youssef avec cette dame, je ne connais pas les rapports entre eux deux, \u00e7a ne me regarde pas.<\/p>\n<p>\u00a0<strong><em>Quelles sont les personnalit\u00e9s togolaises que vous avez rencontr\u00e9es ou qui \u00e9taient susceptibles de vous aider dans le cadre des investissements que Abass\u00a0Al Youssef envisageait au Togo ?<\/em><\/strong><\/p>\n<p>\u00a0Mes anciens collaborateurs des diff\u00e9rentes entreprises que j\u2019aie eu \u00e0 g\u00e9rer par le pass\u00e9, \u00e0 qui je fais appel pour des missions, ont donn\u00e9 leurs avis sur l\u2019offshore\u00a0togolais et il me semble que le pr\u00e9sident de la R\u00e9publique a tenu compte\u00a0de cet avis pour faire en sorte que cet offshore togolais soit regard\u00e9 par l\u2019entreprise italienne Leni.<\/p>\n<p>\u00a0<strong><em>Abass\u00a0Al Youssef a \u00e9galement d\u00e9clar\u00e9 lors de sa conf\u00e9rence de presse au Togo, qu\u2019il a port\u00e9 plainte contre vous en France. Avez-vous connaissance de cette action contre vous ?<\/em><\/strong><\/p>\n<p>\u00a0J\u2019en ai pas connaissance. La seule chose dont je sois au courant et je vous le dit de fa\u00e7ons tr\u00e8s claire, la presse se fait l\u2019\u00e9cho de l\u2019existence d\u2019une proc\u00e9dure contre moi au Togo. D\u00e8s que la presse c\u2019est fait l\u2019\u00e9cho je suis all\u00e9, il y a six mois de cela, avec mon avocat \u00e0 l\u2019ambassade du Togo en France. J\u2019ai \u00e9t\u00e9 tr\u00e8s gentiment re\u00e7u par l\u2019ambassadeur, on a discut\u00e9 sur ce qui \u00e9tait entrain de se dire au Togo et il m\u2019a rassur\u00e9 en me disant qu\u2019aucune plainte n\u2019a \u00e9t\u00e9 d\u00e9pos\u00e9e contre moi au Togo et je lui ai dit que j\u2019\u00e9tais \u00e0 la disposition du Togo en cas de besoin. Abass\u00a0Al Youssef a effectivement dit qu\u2019il avait demand\u00e9 \u00e0 son avocat de porter plainte contre moi.<\/p>\n<p>\u00a0<strong>Monsieur Lo\u00efk Le Floch-Prigent je vous remercie.<\/strong><\/p>\n<p>Merci \u00e0 vous<\/p>\n<p>Gnagou\u00a0Matolaba\u00a0Djalima <a href=\"http:\/\/www.mtn-togo.org\">www.mtn-togo.org<\/a><\/p>\n","protected":false},"excerpt":{"rendered":"<p>Dans une interview accord\u00e9e \u00e0 nos confr\u00e8res de koaci.com, monsieur Lo\u00efc Le Floch\u00a0Prigent, accus\u00e9 par l\u2019\u00e9mirati Abass\u00a0YOUSSEF\u00a0d\u2019\u00eatre l\u2019un des cerveaux dans l\u2019affaire d\u2019escroquerie internationale pour laquelle messieurs\u00a0Bertin\u00a0AGBA\u00a0et Pascal BODJONA\u00a0ont \u00e9t\u00e9 mis sous mandat de d\u00e9p\u00f4t, donne sa version des faits. L\u2019ancien PDG\u00a0 fran\u00e7ais d&#8217; Elf Aquitaine confirme la rencontre entre les pr\u00e9tendus proches de Robert [&hellip;]<\/p>\n","protected":false},"author":7,"featured_media":0,"comment_status":"closed","ping_status":"open","sticky":false,"template":"","format":"standard","meta":[],"categories":[8,1],"tags":[69],"_links":{"self":[{"href":"http:\/\/mtn-togo.org\/index.php?rest_route=\/wp\/v2\/posts\/1822"}],"collection":[{"href":"http:\/\/mtn-togo.org\/index.php?rest_route=\/wp\/v2\/posts"}],"about":[{"href":"http:\/\/mtn-togo.org\/index.php?rest_route=\/wp\/v2\/types\/post"}],"author":[{"embeddable":true,"href":"http:\/\/mtn-togo.org\/index.php?rest_route=\/wp\/v2\/users\/7"}],"replies":[{"embeddable":true,"href":"http:\/\/mtn-togo.org\/index.php?rest_route=%2Fwp%2Fv2%2Fcomments&post=1822"}],"version-history":[{"count":7,"href":"http:\/\/mtn-togo.org\/index.php?rest_route=\/wp\/v2\/posts\/1822\/revisions"}],"predecessor-version":[{"id":1833,"href":"http:\/\/mtn-togo.org\/index.php?rest_route=\/wp\/v2\/posts\/1822\/revisions\/1833"}],"wp:attachment":[{"href":"http:\/\/mtn-togo.org\/index.php?rest_route=%2Fwp%2Fv2%2Fmedia&parent=1822"}],"wp:term":[{"taxonomy":"category","embeddable":true,"href":"http:\/\/mtn-togo.org\/index.php?rest_route=%2Fwp%2Fv2%2Fcategories&post=1822"},{"taxonomy":"post_tag","embeddable":true,"href":"http:\/\/mtn-togo.org\/index.php?rest_route=%2Fwp%2Fv2%2Ftags&post=1822"}],"curies":[{"name":"wp","href":"https:\/\/api.w.org\/{rel}","templated":true}]}}