{"id":1834,"date":"2012-09-14T12:34:52","date_gmt":"2012-09-14T17:34:52","guid":{"rendered":"http:\/\/mtn-togo.org\/?p=1834"},"modified":"2012-09-14T12:46:16","modified_gmt":"2012-09-14T17:46:16","slug":"confidentiel-gilchrist-olympio-rencontre-discretement-la-conseillere-afrique-de-francois-hollande","status":"publish","type":"post","link":"http:\/\/mtn-togo.org\/?p=1834","title":{"rendered":"Confidentiel: Gilchrist olympio rencontre discretement la conseill\u00e8re Afrique de Fran\u00e7ois Hollande"},"content":{"rendered":"<p><a href=\"http:\/\/mtn-togo.org\/wp-content\/uploads\/2012\/09\/Helene_Le_Gal_Conseill\u00e8re_Afrique_de_-Fran\u00e7ois_Hollande.jpg\"><img loading=\"lazy\" class=\"alignleft size-full wp-image-1838\" title=\"Helene_Le_Gal_Conseill\u00e8re_Afrique_de_ Fran\u00e7ois_Hollande\" src=\"http:\/\/mtn-togo.org\/wp-content\/uploads\/2012\/09\/Helene_Le_Gal_Conseill\u00e8re_Afrique_de_-Fran\u00e7ois_Hollande.jpg\" alt=\"\" width=\"287\" height=\"176\" \/><\/a>Lors de son court s\u00e9jour \u00e0\u00a0 Paris, Gilchrist\u00a0Olympio, pr\u00e9sident de l&#8217;Union des forces de changement (UFC),\u00a0en a \u00a0profit\u00e9\u00a0\u00a0pour rencontrer discr\u00e8tement la conseill\u00e8re Afrique du pr\u00e9sident fran\u00e7ais\u00a0Fran\u00e7ois Hollande: H\u00e9l\u00e8ne Le Gal. <!--more-->Le menu de leur discussion a port\u00e9 essentiellement sur les prochaines l\u00e9gislatives et sur le climat politique agit\u00e9 au Togo. Gilchrist\u00a0olympio\u00a0continue\u00a0de peindre\u00a0les partis de l&#8217;opposition r\u00e9unis au sein\u00a0 de l&#8217;ARC-EN-CIEL\u00a0et \u00a0du CST\u00a0 en irresponsable et qualifie leurs \u00a0revendications\u00a0de d\u00e9magogiques et enfantines. Seul compte\u00a0\u00e0 ses yeux l&#8217;accord qu&#8217;il a\u00a0sign\u00e9 avec le RPT\u00a0 et leur collaboration pour faire avancer\u00a0 selon son sch\u00e9ma , le pays dans la voie du d\u00e9veloppement.Il veux convaincre la France et ses partenaires occidentaux \u00e0 les appuyer dans cette voie et s&#8217;est\u00a0\u00a0 d\u00e9j\u00e0 accord\u00e9 avec Faure Gnassingb\u00e9\u00a0pour le \u00a0partage des si\u00e8ges de la prochaine assembl\u00e9e au grand dam des vrais r\u00e9sultats qui sortiront des urnes.<\/p>\n<p>Glichrist\u00a0Olympio\u00a0est appuy\u00e9 dans sa croisade\u00a0 secr\u00e8te\u00a0mais dynamique contre ses amis d&#8217;hier\u00a0 de l&#8217;opposition par son \u00a0ministre des Affaires \u00e9trang\u00e8res par Eliot\u00a0Ohin.<\/p>\n<p>Vincentey Ben Polar <a href=\"http:\/\/www.mtn-togo.org\/\">www.mtn-togo.org<\/a><\/p>\n<p>&nbsp;<\/p>\n","protected":false},"excerpt":{"rendered":"<p>Lors de son court s\u00e9jour \u00e0\u00a0 Paris, Gilchrist\u00a0Olympio, pr\u00e9sident de l&#8217;Union des forces de changement (UFC),\u00a0en a \u00a0profit\u00e9\u00a0\u00a0pour rencontrer discr\u00e8tement la conseill\u00e8re Afrique du pr\u00e9sident fran\u00e7ais\u00a0Fran\u00e7ois Hollande: H\u00e9l\u00e8ne Le Gal.<\/p>\n","protected":false},"author":7,"featured_media":0,"comment_status":"closed","ping_status":"open","sticky":false,"template":"","format":"standard","meta":[],"categories":[8],"tags":[70],"_links":{"self":[{"href":"http:\/\/mtn-togo.org\/index.php?rest_route=\/wp\/v2\/posts\/1834"}],"collection":[{"href":"http:\/\/mtn-togo.org\/index.php?rest_route=\/wp\/v2\/posts"}],"about":[{"href":"http:\/\/mtn-togo.org\/index.php?rest_route=\/wp\/v2\/types\/post"}],"author":[{"embeddable":true,"href":"http:\/\/mtn-togo.org\/index.php?rest_route=\/wp\/v2\/users\/7"}],"replies":[{"embeddable":true,"href":"http:\/\/mtn-togo.org\/index.php?rest_route=%2Fwp%2Fv2%2Fcomments&post=1834"}],"version-history":[{"count":6,"href":"http:\/\/mtn-togo.org\/index.php?rest_route=\/wp\/v2\/posts\/1834\/revisions"}],"predecessor-version":[{"id":1837,"href":"http:\/\/mtn-togo.org\/index.php?rest_route=\/wp\/v2\/posts\/1834\/revisions\/1837"}],"wp:attachment":[{"href":"http:\/\/mtn-togo.org\/index.php?rest_route=%2Fwp%2Fv2%2Fmedia&parent=1834"}],"wp:term":[{"taxonomy":"category","embeddable":true,"href":"http:\/\/mtn-togo.org\/index.php?rest_route=%2Fwp%2Fv2%2Fcategories&post=1834"},{"taxonomy":"post_tag","embeddable":true,"href":"http:\/\/mtn-togo.org\/index.php?rest_route=%2Fwp%2Fv2%2Ftags&post=1834"}],"curies":[{"name":"wp","href":"https:\/\/api.w.org\/{rel}","templated":true}]}}