{"id":1875,"date":"2012-09-17T04:05:49","date_gmt":"2012-09-17T09:05:49","guid":{"rendered":"http:\/\/mtn-togo.org\/?p=1875"},"modified":"2012-09-17T04:05:49","modified_gmt":"2012-09-17T09:05:49","slug":"coalition-arc-en-ciel-lance-un-cri-dalarme-a-toute-la-communaute-internationale","status":"publish","type":"post","link":"http:\/\/mtn-togo.org\/?p=1875","title":{"rendered":"Coalition Arc-en-ciel lance un cri d\u2019alarme \u00e0 toute la communaut\u00e9 internationale"},"content":{"rendered":"<p><strong>\u00a0\u00a0\u00a0\u00a0\u00a0\u00a0\u00a0\u00a0\u00a0\u00a0\u00a0\u00a0\u00a0\u00a0\u00a0\u00a0\u00a0\u00a0\u00a0\u00a0\u00a0\u00a0\u00a0\u00a0\u00a0\u00a0\u00a0\u00a0\u00a0\u00a0\u00a0\u00a0\u00a0\u00a0\u00a0\u00a0\u00a0\u00a0\u00a0\u00a0\u00a0\u00a0\u00a0\u00a0\u00a0\u00a0\u00a0\u00a0\u00a0\u00a0\u00a0\u00a0\u00a0\u00a0\u00a0\u00a0\u00a0\u00a0 COMMUNIQUE DE PRESSE<\/strong><\/p>\n<p><a href=\"http:\/\/mtn-togo.org\/wp-content\/uploads\/2012\/09\/Me_Dodji_Apevon_Pr\u00e9sident_en_exercice_du_CAR.jpg\"><img loading=\"lazy\" class=\"alignleft size-full wp-image-1876\" title=\"Me_Dodji_Apevon_Pr\u00e9sident_en_exercice_du_CAR\" src=\"http:\/\/mtn-togo.org\/wp-content\/uploads\/2012\/09\/Me_Dodji_Apevon_Pr\u00e9sident_en_exercice_du_CAR.jpg\" alt=\"\" width=\"214\" height=\"162\" \/><\/a>Le samedi 15 septembre 2012, des miliciens du pouvoir ont, avec la complicit\u00e9 passive des forces de l\u2019ordre, attaqu\u00e9 \u00e0 coup de gourdins clout\u00e9s, de machettes, de coupe-coupe, des militants du Collectif \u2018\u2019SAUVONS LE TOGO\u2019\u2019 regroup\u00e9s au carrefour boulevard de la Kara \u2013 Eglise baptiste de Doumass\u00e9ss\u00e9, pour une marche pacifique.<\/p>\n<p><!--more-->La Coalition Arc-en-ciel est profond\u00e9ment choqu\u00e9e et indign\u00e9e par ces actes barbares destin\u00e9s, selon leurs auteurs, \u00e0 emp\u00eacher l\u2019opposition de manifester \u00e0 travers le quartier Ad\u00e9wui qu\u2019ils d\u00e9clarent \u00eatre leur fief.<\/p>\n<p>Ces actes sont d\u2019autant plus inqui\u00e9tants qu\u2019ils rappellent aux Togolais la haine et les affrontements ethniques provoqu\u00e9s et entretenus par le pouvoir dans le pass\u00e9 et qui ont conduit aux tueries des ann\u00e9es 1990 et aux massacres de 2005.<\/p>\n<p>La Coalition Arc-en-ciel craint le retour de l\u2019Etat de terreur qu\u2019Amnistie Internationale avait d\u00e9nonc\u00e9<\/p>\n<p>La Coalition Arc-en-ciel condamne avec la derni\u00e8re rigueur cette barbarie et demande que les auteurs, dont certains ont \u00e9t\u00e9 clairement identifi\u00e9s par les victimes, soient traduits en justice ainsi que leurs commanditaires. Ces derniers \u00e9v\u00e9nements ressemblent \u00e0 n\u2019en point douter \u00e0 ceux qui ont pr\u00e9c\u00e9d\u00e9 le g\u00e9nocide du Rwanda.<\/p>\n<p>C\u2019est pourquoi la Coalition Arc-en-ciel lance un cri d\u2019alarme \u00e0 toute la communaut\u00e9 internationale de prendre la mesure du drame qui se joue au Togo avant qu\u2019il ne soit trop tard.<\/p>\n<p>La Coalition Arc-en-ciel demande aux chancelleries pr\u00e9sentes dans notre pays, que le pouvoir cherche \u00e0 utiliser comme caution pour op\u00e9rer le coup de force en cours depuis le jeudi 13 septembre 2012, d\u2019agir pour aider \u00e0 la r\u00e9solution de la crise dont la source principale est le refus de l\u2019alternance.<\/p>\n<p>La Coalition Arc-en-ciel pr\u00e9sente ses compassions\u00a0aux victimes et leur souhaite une prompte gu\u00e9rison. Elle demande aux populations togolaises de ne pas c\u00e9der aux man\u0153uvres du pouvoir et de rester mobilis\u00e9es pour obtenir l\u2019alternance.<\/p>\n<p><strong>Fait \u00e0 Lom\u00e9, le 16 septembre 2012<\/strong><\/p>\n<p>Pour la Coalition Arc-en-ciel<\/p>\n<p>Le Pr\u00e9sident, Coordinateur g\u00e9n\u00e9ral<\/p>\n<p>Me Paul Dodji\u00a0APEVON<\/p>\n","protected":false},"excerpt":{"rendered":"<p>\u00a0\u00a0\u00a0\u00a0\u00a0\u00a0\u00a0\u00a0\u00a0\u00a0\u00a0\u00a0\u00a0\u00a0\u00a0\u00a0\u00a0\u00a0\u00a0\u00a0\u00a0\u00a0\u00a0\u00a0\u00a0\u00a0\u00a0\u00a0\u00a0\u00a0\u00a0\u00a0\u00a0\u00a0\u00a0\u00a0\u00a0\u00a0\u00a0\u00a0\u00a0\u00a0\u00a0\u00a0\u00a0\u00a0\u00a0\u00a0\u00a0\u00a0\u00a0\u00a0\u00a0\u00a0\u00a0\u00a0\u00a0\u00a0 COMMUNIQUE DE PRESSE Le samedi 15 septembre 2012, des miliciens du pouvoir ont, avec la complicit\u00e9 passive des forces de l\u2019ordre, attaqu\u00e9 \u00e0 coup de gourdins clout\u00e9s, de machettes, de coupe-coupe, des militants du Collectif \u2018\u2019SAUVONS LE TOGO\u2019\u2019 regroup\u00e9s au carrefour boulevard de la Kara \u2013 Eglise baptiste de Doumass\u00e9ss\u00e9, pour une marche pacifique.<\/p>\n","protected":false},"author":7,"featured_media":0,"comment_status":"closed","ping_status":"open","sticky":false,"template":"","format":"standard","meta":[],"categories":[1],"tags":[],"_links":{"self":[{"href":"http:\/\/mtn-togo.org\/index.php?rest_route=\/wp\/v2\/posts\/1875"}],"collection":[{"href":"http:\/\/mtn-togo.org\/index.php?rest_route=\/wp\/v2\/posts"}],"about":[{"href":"http:\/\/mtn-togo.org\/index.php?rest_route=\/wp\/v2\/types\/post"}],"author":[{"embeddable":true,"href":"http:\/\/mtn-togo.org\/index.php?rest_route=\/wp\/v2\/users\/7"}],"replies":[{"embeddable":true,"href":"http:\/\/mtn-togo.org\/index.php?rest_route=%2Fwp%2Fv2%2Fcomments&post=1875"}],"version-history":[{"count":2,"href":"http:\/\/mtn-togo.org\/index.php?rest_route=\/wp\/v2\/posts\/1875\/revisions"}],"predecessor-version":[{"id":1878,"href":"http:\/\/mtn-togo.org\/index.php?rest_route=\/wp\/v2\/posts\/1875\/revisions\/1878"}],"wp:attachment":[{"href":"http:\/\/mtn-togo.org\/index.php?rest_route=%2Fwp%2Fv2%2Fmedia&parent=1875"}],"wp:term":[{"taxonomy":"category","embeddable":true,"href":"http:\/\/mtn-togo.org\/index.php?rest_route=%2Fwp%2Fv2%2Fcategories&post=1875"},{"taxonomy":"post_tag","embeddable":true,"href":"http:\/\/mtn-togo.org\/index.php?rest_route=%2Fwp%2Fv2%2Ftags&post=1875"}],"curies":[{"name":"wp","href":"https:\/\/api.w.org\/{rel}","templated":true}]}}