{"id":1891,"date":"2012-09-18T15:26:38","date_gmt":"2012-09-18T20:26:38","guid":{"rendered":"http:\/\/mtn-togo.org\/?p=1891"},"modified":"2012-09-18T15:35:43","modified_gmt":"2012-09-18T20:35:43","slug":"loik-le-floch-prigent-le-cerveau-francais-dans-laffaire-descroquerie-est-formellement-inculpe-a-lome","status":"publish","type":"post","link":"http:\/\/mtn-togo.org\/?p=1891","title":{"rendered":"LoiK Le Floch-Prigent, le cerveau fran\u00e7ais dans l&#8217;affaire d&#8217;escroquerie, est formellement inculp\u00e9 \u00e0 Lom\u00e9"},"content":{"rendered":"<p><a href=\"http:\/\/mtn-togo.org\/wp-content\/uploads\/2012\/09\/LoiK_Le_Floch_Prigent_a_son_arriv\u00e9e_au_palais_de_justice.jpg\"><img loading=\"lazy\" class=\"alignleft size-medium wp-image-1892\" title=\"LoiK_Le_Floch_Prigent_a_son_arriv\u00e9e_au_palais_de_justice\" src=\"http:\/\/mtn-togo.org\/wp-content\/uploads\/2012\/09\/LoiK_Le_Floch_Prigent_a_son_arriv\u00e9e_au_palais_de_justice-300x227.jpg\" alt=\"\" width=\"300\" height=\"227\" srcset=\"http:\/\/mtn-togo.org\/wp-content\/uploads\/2012\/09\/LoiK_Le_Floch_Prigent_a_son_arriv\u00e9e_au_palais_de_justice-300x227.jpg 300w, http:\/\/mtn-togo.org\/wp-content\/uploads\/2012\/09\/LoiK_Le_Floch_Prigent_a_son_arriv\u00e9e_au_palais_de_justice.jpg 395w\" sizes=\"(max-width: 300px) 100vw, 300px\" \/><\/a>Dans une interview accord\u00e9e \u00e0\u00a0 Abidjan tout r\u00e9cemment\u00a0\u00e0 nos confr\u00e8res Koaci.com que nous avons reprise sur <a href=\"http:\/\/www.mtn-togo.org\/\">www.mtn-togo.org<\/a>, \u00a0Loik\u00a0Le Floch-Prigent\u00a0\u00a0affirmait n&#8217;\u00eatre au courant d&#8217;aucune plainte contre lui \u00a0\u00e9manant de la part\u00a0l&#8217; \u00c9mirati d&#8217;Abass Al Youssef et y avait d\u00e9clar\u00e9 :\u00a0<\/p>\n<p><!--more-->\u00ab\u00a0La seule chose dont je sois au courant et je vous le dit de fa\u00e7ons tr\u00e8s claire, la presse se fait l\u2019\u00e9cho de l\u2019existence d\u2019une proc\u00e9dure contre moi au Togo. D\u00e8s que la presse c\u2019est fait l\u2019\u00e9cho je suis all\u00e9, il y a six mois de cela, avec mon avocat \u00e0 l\u2019ambassade du Togo en France. J\u2019ai \u00e9t\u00e9 tr\u00e8s gentiment re\u00e7u par l\u2019ambassadeur, on a discut\u00e9 sur ce qui \u00e9tait entrain de se dire au Togo et il m\u2019a rassur\u00e9 en me disant qu\u2019aucune plainte n\u2019a \u00e9t\u00e9 d\u00e9pos\u00e9e contre moi au Togo et je lui ai dit que j\u2019\u00e9tais \u00e0 la disposition du Togo en cas de besoin\u00a0\u00bb.<\/p>\n<p>L&#8217;ancien\u00a0PDG\u00a0\u00a0d&#8217; Elf\u00a0Aquitaine \u00e9tait sur le point de reprendre son avion pour Paris sur un vol d&#8217; Air France \u00a0quand Patatras!,\u00a0Faure\u00a0Gnassingb\u00e9 a \u00ab\u00a0pass\u00e9 in extremis\u00a0un coup de fil \u00a0\u00e0 son homologue ivoirien Allassane\u00a0Dramane\u00a0Ouattara\u00a0\u00bb pour\u00a0exiger le retour de l&#8217;ascenseur( il avait extrad\u00e9 manu militari\u00a0en C\u00f4te d&#8217;ivoire,\u00a0l&#8217;ancien ministre de la d\u00e9fense\u00a0de Laurent Ggagbo,\u00a0Mo\u00efse Linda Kouassi, sur demande express d&#8217;Allassane\u00a0Ouattara\u00a0).\u00a0Le r\u00e9sultat\u00a0fut \u00a0imm\u00e9diat: \u00abLo\u00efk Le Floch\u00a0Prigent\u00a0a \u00e9t\u00e9 interpell\u00e9 par la police ivoirienne le 14 septembre 2012 et remis \u00e0 la police togolaise\u00a0en application des accords de coop\u00e9ration polici\u00e8re\u00a0\u00bb, indique dimanche soir un communiqu\u00e9 publi\u00e9 par le Procureur de la R\u00e9publique togolaise.Le texte pr\u00e9cise que cette interpellation s\u2019est faite en vertu de mandats d\u2019arr\u00eats internationaux, \u00e9mis par le juge d\u2019instruction Matake Kelouwani\u00a0en charge du 4e Cabinet le 28 avril 2011 \u00ab\u00a0dans l\u2019affaire d\u2019escroquerie suivie contre Agba\u00a0Bertin\u00a0Sow et autres\u00a0\u00bb.<\/p>\n<p>\u00a0Loic\u00a0Le FLOCH\u00a0PRIGENT\u00a0a \u00e9t\u00e9 extrad\u00e9 manu militari\u00a0vers Lom\u00e9 o\u00f9 il\u00a0a \u00e9t\u00e9 cueilli \u00e0 son arriv\u00e9e \u00a0par le capitaine \u00a0Akakpo\u00a0le patron\u00a0des services de\u00a0recherche\u00a0et d&#8217;investigation de la gendarmerie\u00a0et ses hommes \u00a0en d\u00e9but de soir\u00e9e vers 20H.\u00a0 Interrog\u00e9 par le juge de plus de 3 h,\u00a0LoiK\u00a0a \u00e9t\u00e9 formellement inculp\u00e9 de complicit\u00e9 d&#8217;escroquerie.\u00a0La confirmation est venue \u00a0ce\u00a0mardi matin de \u00a0l\u2019un de ses avocats togolais\u00a0Me Rustico Lawson-Banku.<\/p>\n<p>Comme par magie, l&#8217;Emirati\u00a0Abbas\u00a0Al Youssef,\u00a0 pr\u00e9sum\u00e9 victime d\u2019une escroquerie portant sur 48 millions de dollars, sera de retour mardi au Togo pour une confrontation g\u00e9n\u00e9rale avec les trois protagonistes \u00a0de l\u2019affaire. Il s\u2019agit d\u2019Agba Bertin Sow, de Pascal Bodjona\u00a0et de Lo\u00efk Le Floch-Prigent. Le\u00a0 riche roi mage sera de retour avec plein de cadeaux pour Faure\u00a0Gnassingb\u00e9.Rapellons qu&#8217;\u00e0 sa premi\u00e8re visite il a rapport\u00e9 \u00e0 Faure Gnassingb\u00e9\u00a0 \u00a0une montre en or et en diamant et plusieurs objets de valeur.<\/p>\n<p>Le feuilleton\u00a0continue\u00a0dans l&#8217;affaire Bodjona avec des batailles juridiques et des rebondissements en perspective , tout\u00a0\u00e7a\u00a0pour r\u00e9gler des comptes politiques et noyer le poisson&#8230;<\/p>\n<p>Vicentey Ben Polar <a href=\"http:\/\/www.mtn-togo.org\/\">www.mtn-togo.org<\/a><\/p>\n<p>&nbsp;<\/p>\n<p>&nbsp;<\/p>\n","protected":false},"excerpt":{"rendered":"<p>Dans une interview accord\u00e9e \u00e0\u00a0 Abidjan tout r\u00e9cemment\u00a0\u00e0 nos confr\u00e8res Koaci.com que nous avons reprise sur www.mtn-togo.org, \u00a0Loik\u00a0Le Floch-Prigent\u00a0\u00a0affirmait n&#8217;\u00eatre au courant d&#8217;aucune plainte contre lui \u00a0\u00e9manant de la part\u00a0l&#8217; \u00c9mirati d&#8217;Abass Al Youssef et y avait d\u00e9clar\u00e9 :\u00a0<\/p>\n","protected":false},"author":7,"featured_media":0,"comment_status":"closed","ping_status":"open","sticky":false,"template":"","format":"standard","meta":[],"categories":[1],"tags":[74],"_links":{"self":[{"href":"http:\/\/mtn-togo.org\/index.php?rest_route=\/wp\/v2\/posts\/1891"}],"collection":[{"href":"http:\/\/mtn-togo.org\/index.php?rest_route=\/wp\/v2\/posts"}],"about":[{"href":"http:\/\/mtn-togo.org\/index.php?rest_route=\/wp\/v2\/types\/post"}],"author":[{"embeddable":true,"href":"http:\/\/mtn-togo.org\/index.php?rest_route=\/wp\/v2\/users\/7"}],"replies":[{"embeddable":true,"href":"http:\/\/mtn-togo.org\/index.php?rest_route=%2Fwp%2Fv2%2Fcomments&post=1891"}],"version-history":[{"count":5,"href":"http:\/\/mtn-togo.org\/index.php?rest_route=\/wp\/v2\/posts\/1891\/revisions"}],"predecessor-version":[{"id":1894,"href":"http:\/\/mtn-togo.org\/index.php?rest_route=\/wp\/v2\/posts\/1891\/revisions\/1894"}],"wp:attachment":[{"href":"http:\/\/mtn-togo.org\/index.php?rest_route=%2Fwp%2Fv2%2Fmedia&parent=1891"}],"wp:term":[{"taxonomy":"category","embeddable":true,"href":"http:\/\/mtn-togo.org\/index.php?rest_route=%2Fwp%2Fv2%2Fcategories&post=1891"},{"taxonomy":"post_tag","embeddable":true,"href":"http:\/\/mtn-togo.org\/index.php?rest_route=%2Fwp%2Fv2%2Ftags&post=1891"}],"curies":[{"name":"wp","href":"https:\/\/api.w.org\/{rel}","templated":true}]}}