{"id":1971,"date":"2012-09-28T16:40:37","date_gmt":"2012-09-28T21:40:37","guid":{"rendered":"http:\/\/mtn-togo.org\/?p=1971"},"modified":"2012-09-29T13:30:24","modified_gmt":"2012-09-29T18:30:24","slug":"message-de-fermete-des-presidents-francois-hollande-et-de-barack-obama-a-faure-gnassingbe","status":"publish","type":"post","link":"http:\/\/mtn-togo.org\/?p=1971","title":{"rendered":"Message de fermet\u00e9 des pr\u00e9sidents Fran\u00e7ois Hollande et  Barack Obama \u00e0 Faure Gnassingb\u00e9 (actualis\u00e9)"},"content":{"rendered":"<p><a href=\"http:\/\/mtn-togo.org\/wp-content\/uploads\/2012\/09\/Faure_Gnassingb\u00e9_et_Barry_moussa_barque_AF_ONU.jpg\"><img loading=\"lazy\" class=\"alignleft size-medium wp-image-1984\" title=\"Faure_Gnassingb\u00e9_et_Barry_moussa_barque_AF_ONU\" src=\"http:\/\/mtn-togo.org\/wp-content\/uploads\/2012\/09\/Faure_Gnassingb\u00e9_et_Barry_moussa_barque_AF_ONU-300x212.jpg\" alt=\"\" width=\"300\" height=\"212\" srcset=\"http:\/\/mtn-togo.org\/wp-content\/uploads\/2012\/09\/Faure_Gnassingb\u00e9_et_Barry_moussa_barque_AF_ONU-300x212.jpg 300w, http:\/\/mtn-togo.org\/wp-content\/uploads\/2012\/09\/Faure_Gnassingb\u00e9_et_Barry_moussa_barque_AF_ONU.jpg 509w\" sizes=\"(max-width: 300px) 100vw, 300px\" \/><\/a>Le pr\u00e9sident du Togo, Faure Gnassingb\u00e9, a profit\u00e9\u00a0\u00a0de la 67<sup>e<\/sup>\u00a0session de l\u2019Assembl\u00e9e g\u00e9n\u00e9rale\u00a0pour rencontrer le pr\u00e9sident fran\u00e7ais Fran\u00e7ois Hollande et\u00a0le pr\u00e9sident am\u00e9ricain Barack Obama.\u00a0<!--more-->\u00a0Faure\u00a0Gnassingb\u00e9 a cherch\u00e9 \u00e0 vanter son bilan d\u00e9satreux en le pr\u00e9sentant comme un succ\u00e8s \u00e9clatant. Il a\u00a0insist\u00e9 sur le rapprochement\u00a0qu&#8217;il a op\u00e9r\u00e9 \u00a0avec l&#8217;opposition\u00a0 notamment Gilchrist\u00a0Olympio, sa politique de dialogue et de r\u00e9conciliation\u00a0avec le CVJR\u00a0, son ouverture \u00e0 l&#8217;opposition radicale et\u00a0 surtout la lutte efficace selon lui qu&#8217;il a\u00a0entreprise\u00a0 contre les trafiquants de drogue. Ses interlocuteurs\u00a0n&#8217;ont pas manqu\u00e9 de lui signifi\u00e9 l&#8217;importance capitale de la tenue des \u00e9lections l\u00e9gislatives et pr\u00e9sidentielles dans des conditions de transparence , de d\u00e9mocratie et surtout \u00a0sans violence.<\/p>\n<p>Le pr\u00e9sident Fran\u00e7ois Hollande lui clairement indiqu\u00e9 la\u00a0 nouvelle ligne de la France qui est en symbiose avec les peuples qui luttent \u00a0 pour la libert\u00e9, la d\u00e9mocratie\u00a0, l&#8217;alternance pacifique et le d\u00e9v\u00e9loppement.<\/p>\n<p>La question de \u00a0l&#8217;arrestation, l&#8217;extradition manu\u00a0militari, l&#8217;inculpation\u00a0 et la d\u00e9tention du fran\u00e7ais Loik Le Floch\u00a0Prigent\u00a0\u00e0\u00a0\u00a0la gendarmerie du Togo\u00a0 a \u00e9t\u00e9\u00a0\u00e9voqu\u00e9e. Faure\u00a0Gnassingb\u00e9 a expliqu\u00e9 l&#8217;implication et le r\u00f4le de Loik\u00a0dans l&#8217;affaire dite\u00a0d&#8217;escroquerie. En fait il lui est reproch\u00e9 d&#8217;avoir r\u00e9v\u00e9l\u00e9 ou trahi le deal\u00a0secret d&#8217;\u00c9tat entre\u00a0 Eyadema, Robert Gu\u00e9i, Alassane\u00a0Ouattara\u00a0et la France au sujet de la fortune\u00a0frauduleuse de Gu\u00e9i log\u00e9e au Togo dont une partie a servi \u00e0 financer la guerre en C\u00f4te d&#8217;Ivoire. Fran\u00e7ois Hollande d\u00e9couvre les dessous puants\u00a0 et scabreux\u00a0de la Fran\u00e7afrique. Les accords \u00e9tant les accords, le secret d&#8217;\u00c9tat doit \u00eatre pr\u00e9serv\u00e9 \u00e0 tout prix. Le pr\u00e9sident fran\u00e7ais s&#8217;est tout de m\u00eame inqui\u00e9t\u00e9 de l&#8217;\u00e9tat de sant\u00e9 et de d\u00e9tention du citoyen fran\u00e7ais Loik\u00a0mais il a \u00e9t\u00e9 bien rassur\u00e9.\u00a0 Le d\u00e9nouement sera peut-\u00eatre pour bient\u00f4t pour Loik. Il reste \u00e0 trouver la forme juridique.<\/p>\n<p>Le pr\u00e9sident am\u00e9ricain n&#8217;a pas manqu\u00e9 de r\u00e9it\u00e9rer sa position sur l&#8217;Afrique\u00a0, d\u00e9j\u00e0 indiqu\u00e9e lors de son discours \u00e0 Accra au Ghana: l&#8217;Afrique n&#8217;a pas besoin d&#8217;hommes forts mais plut\u00f4t \u00a0d&#8217;institutions fortes, a t-il pr\u00e9cis\u00e9.\u00a0Faure\u00a0Gnassingb\u00e9 a r\u00e9pondu qu&#8217;il s&#8217;acharne \u00e0\u00a0 y travailler selon une source diplomatique.<\/p>\n<p>La question de la crise au Sahel\u00a0notamment\u00a0 \u00a0l&#8217;intervention\u00a0 militaire de la CEDEAO\u00a0au Mali\u00a0 et le mandat des nations-unies qui doit l&#8217;autoriser a aussi fait l&#8217;objet des menus de discussion.<\/p>\n<p>Notons que Barry\u00a0Moussa Barqu\u00e9\u00a0, le conseiller sp\u00e9cial du pr\u00e9sident \u00a0faisait montre de sherpa,\u00a0 r\u00e9leguant\u00a0 ainsi au dernier plan le ministre des Affaires \u00e9trang\u00e8res Elliot \u00a0Ohin.<\/p>\n<p>Un cocktail\u00a0a \u00e9t\u00e9 offert par Barack\u00a0Obama\u00a0en l\u2019honneur des chefs d\u2019Etat pr\u00e9sents \u00e0 New York \u00e0 l\u2019occasion de la 67<sup>e<\/sup>\u00a0session de l\u2019Assembl\u00e9e g\u00e9n\u00e9rale de l\u2019ONU au cours duquel\u00a0 Faure\u00a0Gnassingb\u00e9 a pris une photo avec Michelle et Barack\u00a0Obama\u00a0sans la premi\u00e8re dame du Togo comme le protocole l&#8217;indique.\u00a0 Ne la chercher pas sur la photo\u00a0car le pr\u00e9sident du Togo\u00a0est toujours un c\u00e9libataire qui cherche &#8230;.<\/p>\n<p>Vicentey Ben Polar\u00a0 <a href=\"http:\/\/www.mtn-togo.org\/\">www.mtn-togo.org<\/a><\/p>\n<p>&nbsp;<\/p>\n","protected":false},"excerpt":{"rendered":"<p>Le pr\u00e9sident du Togo, Faure Gnassingb\u00e9, a profit\u00e9\u00a0\u00a0de la 67e\u00a0session de l\u2019Assembl\u00e9e g\u00e9n\u00e9rale\u00a0pour rencontrer le pr\u00e9sident fran\u00e7ais Fran\u00e7ois Hollande et\u00a0le pr\u00e9sident am\u00e9ricain Barack Obama.\u00a0<\/p>\n","protected":false},"author":7,"featured_media":0,"comment_status":"closed","ping_status":"open","sticky":false,"template":"","format":"standard","meta":[],"categories":[1],"tags":[81],"_links":{"self":[{"href":"http:\/\/mtn-togo.org\/index.php?rest_route=\/wp\/v2\/posts\/1971"}],"collection":[{"href":"http:\/\/mtn-togo.org\/index.php?rest_route=\/wp\/v2\/posts"}],"about":[{"href":"http:\/\/mtn-togo.org\/index.php?rest_route=\/wp\/v2\/types\/post"}],"author":[{"embeddable":true,"href":"http:\/\/mtn-togo.org\/index.php?rest_route=\/wp\/v2\/users\/7"}],"replies":[{"embeddable":true,"href":"http:\/\/mtn-togo.org\/index.php?rest_route=%2Fwp%2Fv2%2Fcomments&post=1971"}],"version-history":[{"count":7,"href":"http:\/\/mtn-togo.org\/index.php?rest_route=\/wp\/v2\/posts\/1971\/revisions"}],"predecessor-version":[{"id":1982,"href":"http:\/\/mtn-togo.org\/index.php?rest_route=\/wp\/v2\/posts\/1971\/revisions\/1982"}],"wp:attachment":[{"href":"http:\/\/mtn-togo.org\/index.php?rest_route=%2Fwp%2Fv2%2Fmedia&parent=1971"}],"wp:term":[{"taxonomy":"category","embeddable":true,"href":"http:\/\/mtn-togo.org\/index.php?rest_route=%2Fwp%2Fv2%2Fcategories&post=1971"},{"taxonomy":"post_tag","embeddable":true,"href":"http:\/\/mtn-togo.org\/index.php?rest_route=%2Fwp%2Fv2%2Ftags&post=1971"}],"curies":[{"name":"wp","href":"https:\/\/api.w.org\/{rel}","templated":true}]}}