{"id":2008,"date":"2012-10-03T05:36:20","date_gmt":"2012-10-03T10:36:20","guid":{"rendered":"http:\/\/mtn-togo.org\/?p=2008"},"modified":"2012-10-03T05:55:48","modified_gmt":"2012-10-03T10:55:48","slug":"vendredi-5-octobre-a-bruxelles-grande-manifestation-au-parlement-europeen","status":"publish","type":"post","link":"http:\/\/mtn-togo.org\/?p=2008","title":{"rendered":"Vendredi 5 Octobre \u00e0 Bruxelles: grande manifestation au Parlement Europ\u00e9en"},"content":{"rendered":"<p>\u00a0<a href=\"http:\/\/mtn-togo.org\/wp-content\/uploads\/2012\/10\/UE-Bruxelles.jpg\"><img loading=\"lazy\" class=\"alignleft size-full wp-image-2009\" title=\"UE-Bruxelles\" src=\"http:\/\/mtn-togo.org\/wp-content\/uploads\/2012\/10\/UE-Bruxelles.jpg\" alt=\"\" width=\"276\" height=\"183\" \/><\/a>A l\u2019occasion du 22\u00e8me anniversaire du soul\u00e8vement du Peuple togolais\u00a0contre la dictature de Gnassingb\u00e9 Eyad\u00e9ma (5 Octobre 1990), les mouvements de la diaspora togolaise en Europe appellent \u00e0 une Grande Manifestation \u00e0 Bruxelles devant les instances europ\u00e9ennes pour:<\/p>\n<p><!--more-->\u2022D\u00e9noncer les r\u00e9pressions, les violations des droits humains, la corruption, la mauvaise gouvernance et l\u2019impunit\u00e9 au Togo<br \/>\n\u2022Soutenir le combat du peuple togolais\u00a0au travers des actions et revendications du Collectif Sauvons le Togo (CST) pour l\u2019instauration d\u2019un Etat de droit et de la bonne gouvernance au Togo<br \/>\n\u2022Attirer l\u2019attention de l\u2019Union Europ\u00e9enne (Commission et Parlement) sur la gravit\u00e9 de la crise sociopolitique\u00a0au Togo et\u00a0 les risques d\u2019implosion et de chao<br \/>\n\u2022Demander \u00e0 l\u2019Union Europ\u00e9enne de marquer son attachement aux valeurs de la libert\u00e9 et de la d\u00e9mocratie en exigeant (avant tout soutien financier) les r\u00e9formes institutionnelles et constitutionnelles indispensables \u00e0 l\u2019organisation d\u2019\u00e9lections justes, transparentes et \u00e9quitables.<br \/>\nNous ne pouvons plus garder les bras crois\u00e9s ou rester indiff\u00e9rents face \u00e0 l\u2019insoutenable. Agissons maintenant et exigeons l\u2019Etat de droit, de justice et de progr\u00e8s social au Togo.<\/p>\n<p>\u00a0Informations pratiques<\/p>\n<p>Date: Vendredi 5 Octobre 2012<\/p>\n<p>Heure: A partir de 12h00<\/p>\n<p>Lieu: Place du Luxembourg (Parvis devant le Parlement Europ\u00e9en)\u00a0 1050 Bruxelles<\/p>\n<p>Programme :<\/p>\n<p>&#8211;\u00a0\u00a0\u00a0\u00a0\u00a0\u00a0\u00a0\u00a0\u00a0 11h30 rencontre au cabinet du Pr\u00e9sident du Parlement Europ\u00e9en.<\/p>\n<p>&#8211;\u00a0\u00a0\u00a0\u00a0\u00a0\u00a0\u00a0\u00a0\u00a0 12h mise en place de la manifestation \u2013 animation<\/p>\n<p>&#8211;\u00a0\u00a0\u00a0\u00a0\u00a0\u00a0\u00a0\u00a0\u00a0 13h lecture du m\u00e9morandum<\/p>\n<p>&#8211;\u00a0\u00a0\u00a0\u00a0\u00a0\u00a0\u00a0\u00a0\u00a0 14h fin de la manifestation<\/p>\n<p>\u00a0Transport en commun :<\/p>\n<p>Bus<\/p>\n<p>\u2022A partir de la gare du midi, prendre le bus 27 (direction Androm\u00e8de) et descendre \u00e0 la place du Luxembourg.<br \/>\n\u2022A partir de la gare centrale, prendre le bus 38 (direction H\u00e9ros) et descendre \u00e0 la place du Luxembourg.<br \/>\nMetro<\/p>\n<p>\u2022A partir de la gare du midi, prendre le m\u00e9tro ligne 2 et 6 (direction Simonis-Elisabeth), descendre \u00e0 la station Tr\u00f4ne (\u00e0 7 minutes \u00e0 pied du Parlement).<br \/>\n\u2022A partir de la gare centrale, prendre le m\u00e9tro ligne 1 (direction Stockel) ou ligne 5 (direction Hermann Debroux) et descendre \u00e0 la station Maelbeek (\u00e0 10 minutes \u00e0 pied du Parlement).<br \/>\n\u00a0Transport en voiture :<\/p>\n<p>Il est conseill\u00e9 de faire du covoiturage\u00a0 (voiture personnelle ou minibus) en s\u2019organisant en groupes (si besoin contacter le +32 476639569 par sms\u00a0pour centraliser les offres et les demandes) ou en utilisant le service EuroStop sur le site <a href=\"http:\/\/www.eurostop.be\/\">http:\/\/www.eurostop.be<\/a><\/p>\n<p>Il n\u2019y a pas de possibilit\u00e9 de parking\u00a0imm\u00e9diat dans la zone du parlement. Toutefois un parking gratuit est accessible sur l\u2019esplanade du Cinquantenaire : contacter par sms le +32 476639569 pour les inscriptions.<\/p>\n<p>Gnagou\u00a0Matolaba\u00a0Djalima <a href=\"http:\/\/www.mtn-togo.org\/\">www.mtn-togo.org<\/a><\/p>\n<p>&nbsp;<\/p>\n<p>&nbsp;<\/p>\n","protected":false},"excerpt":{"rendered":"<p>\u00a0A l\u2019occasion du 22\u00e8me anniversaire du soul\u00e8vement du Peuple togolais\u00a0contre la dictature de Gnassingb\u00e9 Eyad\u00e9ma (5 Octobre 1990), les mouvements de la diaspora togolaise en Europe appellent \u00e0 une Grande Manifestation \u00e0 Bruxelles devant les instances europ\u00e9ennes pour:<\/p>\n","protected":false},"author":7,"featured_media":0,"comment_status":"closed","ping_status":"open","sticky":false,"template":"","format":"standard","meta":[],"categories":[1],"tags":[84],"_links":{"self":[{"href":"http:\/\/mtn-togo.org\/index.php?rest_route=\/wp\/v2\/posts\/2008"}],"collection":[{"href":"http:\/\/mtn-togo.org\/index.php?rest_route=\/wp\/v2\/posts"}],"about":[{"href":"http:\/\/mtn-togo.org\/index.php?rest_route=\/wp\/v2\/types\/post"}],"author":[{"embeddable":true,"href":"http:\/\/mtn-togo.org\/index.php?rest_route=\/wp\/v2\/users\/7"}],"replies":[{"embeddable":true,"href":"http:\/\/mtn-togo.org\/index.php?rest_route=%2Fwp%2Fv2%2Fcomments&post=2008"}],"version-history":[{"count":3,"href":"http:\/\/mtn-togo.org\/index.php?rest_route=\/wp\/v2\/posts\/2008\/revisions"}],"predecessor-version":[{"id":2013,"href":"http:\/\/mtn-togo.org\/index.php?rest_route=\/wp\/v2\/posts\/2008\/revisions\/2013"}],"wp:attachment":[{"href":"http:\/\/mtn-togo.org\/index.php?rest_route=%2Fwp%2Fv2%2Fmedia&parent=2008"}],"wp:term":[{"taxonomy":"category","embeddable":true,"href":"http:\/\/mtn-togo.org\/index.php?rest_route=%2Fwp%2Fv2%2Fcategories&post=2008"},{"taxonomy":"post_tag","embeddable":true,"href":"http:\/\/mtn-togo.org\/index.php?rest_route=%2Fwp%2Fv2%2Ftags&post=2008"}],"curies":[{"name":"wp","href":"https:\/\/api.w.org\/{rel}","templated":true}]}}