{"id":2019,"date":"2012-10-07T10:54:09","date_gmt":"2012-10-07T15:54:09","guid":{"rendered":"http:\/\/mtn-togo.org\/?p=2019"},"modified":"2012-10-07T15:07:14","modified_gmt":"2012-10-07T20:07:14","slug":"2019","status":"publish","type":"post","link":"http:\/\/mtn-togo.org\/?p=2019","title":{"rendered":"Koffi Yamgnane contre les marches du CST et de l&#8217;Arc-en-ciel&#8230;..et annonce sa candidature  \u00e0 l&#8217;\u00e9lection pr\u00e9sidentielle de 2015"},"content":{"rendered":"<p><a href=\"http:\/\/mtn-togo.org\/wp-content\/uploads\/2012\/10\/kofi_yamgnane_surpris.jpg\"><img loading=\"lazy\" class=\"alignleft size-full wp-image-2020\" title=\"kofi_yamgnane_surpris\" src=\"http:\/\/mtn-togo.org\/wp-content\/uploads\/2012\/10\/kofi_yamgnane_surpris.jpg\" alt=\"\" width=\"202\" height=\"158\" \/><\/a>Le pr\u00e9sident de Sursaut-Togo, Kofi\u00a0Yamgnane\u00a0de retour \u00e0 Lom\u00e9 depuis le 07 Septembre apr\u00e8s deux ans d&#8217;absence,\u00a0a tenu une conf\u00e9rence de presse\u00a0au cours de laquelle \u00a0il a d\u00e9gain\u00e9 contre les marches \u00a0l&#8217;opposition\u00a0 et\u00a0d\u00e9clar\u00e9\u00a0sa candidature\u00a0\u00e0 l&#8217;\u00e9lection pr\u00e9sidentielle de 2015.<br \/>\n<strong><em><!--more-->\u00ab Je n\u2019ai rien contre les marches mais je pr\u00e9f\u00e8re que la rue soit laiss\u00e9e \u00e0 la soci\u00e9t\u00e9 civile, aux syndicats, aux associations des \u00e9tudiants, des femmes. Ce n\u2019est pas aux hommes politiques d\u2019aller manifester dans les rues. Les hommes politiques r\u00e9fl\u00e9chissent et proposent des alternatives \u00e0 chaque situation. Ce n\u2019est pas en battant les pav\u00e9s qu\u2019ils vont conqu\u00e9rir le pouvoir mais c\u2019est par le d\u00e9bat politique\u00bb <\/em><\/strong>a d\u00e9clar\u00e9 Kofi Yamgnane<\/p>\n<p>Notons que Koffi\u00a0Yamgnane, membre du FRAC, a bien march\u00e9\u00a0 quelques jours dans les rues de LOM\u00c9 pour r\u00e9clamer la\u00a0 victoire de Jean Pi\u00e8rre Fabre \u00e0 l&#8217;\u00e9lection pr\u00e9sidentielle de 2010 avant de prendre le feu d&#8217;escamp\u00e8te, abandonnant ses camarades de lutte sur le terrain face\u00a0aux feux nourris de Faure\u00a0Gnassingb\u00e9 et ses affid\u00e9s, voleurs d&#8217;\u00e9lection\u00a0et usurpateurs\u00a0du pouvoir par la force brute.<\/p>\n<p>L\u2019ancien conseiller Afrique de Fran\u00e7ois Hollande\u00a0 revient au Togo\u00a0deux ans plus tard, alors que le probl\u00e8me reste entier, face\u00a0\u00e0 l&#8217;autisme de Faure Gnassingb\u00e9, \u00a0pour \u00a0annoncer sa candidature pour l&#8217;\u00e9lection pr\u00e9sidentielle de 2015 et \u00a0d\u00e9clare \u00e0 la presse que ses probl\u00e8mes de pi\u00e8ces d\u2019identit\u00e9 qui lui ont barr\u00e9 le passage \u00e0 la course pr\u00e9sidentielle de 2010 sont d\u00e9finitivement r\u00e9gl\u00e9s.<\/p>\n<p>Il est clair que la\u00a0 seule chose qui int\u00e9resse le Franco\u00a0togolais\u00a0est son ambition personnelle. Tout le reste n&#8217;a plus d&#8217;importance pour lui.Comment compte t-il devenir pr\u00e9sident s&#8217;il n&#8217;a aucun \u00e9gard pour le Peuple togolais\u00a0qui marche dans la rue pour arracher les conditions minimales pour une \u00e9lection libre, d\u00e9mocratique et transparente ?.<\/p>\n<p>Peut-\u00eatre qu&#8217;il r\u00eave d&#8217;acc\u00e9der au pouvoir dans les fourgons blind\u00e9s de l&#8217; arm\u00e9e fran\u00e7aise \u00e0 la Ouattara. Mais alors a t-il les couilles de monter une r\u00e9bellion\u00a0arm\u00e9e ?\u00a0 En tout cas la C\u00f4te d&#8217;Ivoire n&#8217;est pas le Togo et Hollande n&#8217;est pas Sarkosy.<\/p>\n<p>Sans aucun poids politique au Togo, Koffi\u00a0veut tabler sur l&#8217;\u00e9thnicisme et le \u00a0r\u00e9gionalisme\u00a0 comme le fait d&#8217;ailleurs \u00a0le RPT,\u00a0 pour servir ses ambitions \u00e9go\u00efstes. Les Togolais\u00a0doivent redoubler de vigilance pour ne pas se laisser berner et entra\u00eener\u00a0par les tribalistes\u00a0de tout poil,\u00a0marchands d&#8217;illusions qui n&#8217;ont d&#8217;int\u00e9r\u00eat que leurs propres \u00a0int\u00e9r\u00eats \u00e9go\u00efstes pour lesquels , ils n&#8221;h\u00e9sitent pas \u00e0 semer la division, la d\u00e9solation et les germes des guerres ethniques et tribales parmi leur peuple.<\/p>\n<p>Gnagou\u00a0Matolaba\u00a0Djalima <a href=\"http:\/\/www.mtn-togo.org\/\">www.mtn-togo.org<\/a><\/p>\n","protected":false},"excerpt":{"rendered":"<p>Le pr\u00e9sident de Sursaut-Togo, Kofi\u00a0Yamgnane\u00a0de retour \u00e0 Lom\u00e9 depuis le 07 Septembre apr\u00e8s deux ans d&#8217;absence,\u00a0a tenu une conf\u00e9rence de presse\u00a0au cours de laquelle \u00a0il a d\u00e9gain\u00e9 contre les marches \u00a0l&#8217;opposition\u00a0 et\u00a0d\u00e9clar\u00e9\u00a0sa candidature\u00a0\u00e0 l&#8217;\u00e9lection pr\u00e9sidentielle de 2015.<\/p>\n","protected":false},"author":7,"featured_media":0,"comment_status":"closed","ping_status":"open","sticky":false,"template":"","format":"standard","meta":[],"categories":[1],"tags":[86],"_links":{"self":[{"href":"http:\/\/mtn-togo.org\/index.php?rest_route=\/wp\/v2\/posts\/2019"}],"collection":[{"href":"http:\/\/mtn-togo.org\/index.php?rest_route=\/wp\/v2\/posts"}],"about":[{"href":"http:\/\/mtn-togo.org\/index.php?rest_route=\/wp\/v2\/types\/post"}],"author":[{"embeddable":true,"href":"http:\/\/mtn-togo.org\/index.php?rest_route=\/wp\/v2\/users\/7"}],"replies":[{"embeddable":true,"href":"http:\/\/mtn-togo.org\/index.php?rest_route=%2Fwp%2Fv2%2Fcomments&post=2019"}],"version-history":[{"count":6,"href":"http:\/\/mtn-togo.org\/index.php?rest_route=\/wp\/v2\/posts\/2019\/revisions"}],"predecessor-version":[{"id":2022,"href":"http:\/\/mtn-togo.org\/index.php?rest_route=\/wp\/v2\/posts\/2019\/revisions\/2022"}],"wp:attachment":[{"href":"http:\/\/mtn-togo.org\/index.php?rest_route=%2Fwp%2Fv2%2Fmedia&parent=2019"}],"wp:term":[{"taxonomy":"category","embeddable":true,"href":"http:\/\/mtn-togo.org\/index.php?rest_route=%2Fwp%2Fv2%2Fcategories&post=2019"},{"taxonomy":"post_tag","embeddable":true,"href":"http:\/\/mtn-togo.org\/index.php?rest_route=%2Fwp%2Fv2%2Ftags&post=2019"}],"curies":[{"name":"wp","href":"https:\/\/api.w.org\/{rel}","templated":true}]}}