{"id":2027,"date":"2012-10-07T15:17:11","date_gmt":"2012-10-07T20:17:11","guid":{"rendered":"http:\/\/mtn-togo.org\/?p=2027"},"modified":"2012-10-07T15:19:31","modified_gmt":"2012-10-07T20:19:31","slug":"hommage-a-une-combattante-brigitte-ablavi-labah-decedee-le-10-septembre-2012-a-lome","status":"publish","type":"post","link":"http:\/\/mtn-togo.org\/?p=2027","title":{"rendered":"Hommage \u00e0 une Combattante : Brigitte Ablavi LABAH, d\u00e9c\u00e9d\u00e9e le 10 septembre 2012 \u00e0 Lom\u00e9"},"content":{"rendered":"<p><a href=\"http:\/\/mtn-togo.org\/wp-content\/uploads\/2012\/10\/brigittelabah.jpg\"><img loading=\"lazy\" class=\"alignleft size-full wp-image-2028\" title=\"brigittelabah\" src=\"http:\/\/mtn-togo.org\/wp-content\/uploads\/2012\/10\/brigittelabah.jpg\" alt=\"\" width=\"152\" height=\"193\" \/><\/a>Elle pouvait\u00a0 vivre encore plus longtemps. Mais le destin de la vie en a d\u00e9cid\u00e9 autrement. Sa mort nous laisse un go\u00fbt amer et nous avons du mal \u00e0 croire \u00e0 son d\u00e9c\u00e8s. Elle s\u2019est battue contre la maladie mais le combat \u00e9tait in\u00e9gal. C\u2019est avec beaucoup de tristesse, d\u2019amertume et d\u2019incompr\u00e9hension que nous avons appris sa disparation.<\/p>\n<div><!--more-->Agent de recouvrement \u00e0 la CEET\u00a0jusqu\u2019\u00e0 sa mort,\u00a0 ancienne \u00e9tudiante de l\u2019Universit\u00e9 du B\u00e9nin au d\u00e9partement de philosophie, ancienne Vice \u2013 secr\u00e9taire de l\u2019Union Nationale des Etudiants\u00a0du Togo (UNET), ancienne charg\u00e9e des affaires scolaires et estudiantines au sein de la F\u00e9d\u00e9ration F\u00e9minine de la Convention D\u00e9mocratique des Peuples Africains (CDPA), militante active et tr\u00e8s engag\u00e9e du d\u00e9funt Conseil des Etudiants\u00a0de l\u2019Universit\u00e9 du B\u00e9nin (CEUB), elle \u00e9tait arr\u00eat\u00e9e avec d\u2019autres camarades \u00e9tudiants le 05 f\u00e9vrier 2002 \u00e0 4h du matin \u00e0 leur domicile \u00a0en rapport avec les mouvements de contestation sur le campus, LABAH Brigitte s\u2019en est all\u00e9e. C\u2019est d\u2019elle qu\u2019il s\u2019agit. Elle est d\u00e9c\u00e9d\u00e9e le 10 septembre \u00e0 Lom\u00e9 \u00e0 l\u2019\u00e2ge de 38 ans et\u00a0 inhum\u00e9e le 22 septembre 2012 \u00e0 Ts\u00e9vi\u00e9 sa ville natale. Elle laisse derri\u00e8re elle une fille de 4 ans. M\u00eame apr\u00e8s leur lib\u00e9ration, rien n\u2019a entam\u00e9 sa d\u00e9termination et son engagement. Elle a \u00e9t\u00e9 toujours du c\u00f4t\u00e9 des forces d\u00e9mocratiques.<\/div>\n<p>Nous, Jeunesse de la CDPA, la coordination G\u00e9n\u00e9rale du MO5, les anciens responsables du CEUB, au nom de la m\u00e9moire, rendons hommage \u00e0 la camarade Brigitte pour son inlassable d\u00e9vouement et son infini courage pour la lutte\u00a0 aux c\u00f4t\u00e9s des forces d\u00e9mocratiques. Nous disons \u00e0 Brigitte que ni son absence ni le temps ne nous l\u2019enl\u00e8vent de notre c\u0153ur. Ce n\u2019est pas seulement une amie, une camarade qui nous a\u00a0quitt\u00e9s mais avant tout\u00a0 une femme\u00a0 combattante infatigable. Elle laisse derri\u00e8re elle une image \u00a0d\u2019une femme engag\u00e9e,\u00a0 d\u00e9termin\u00e9e et libre n\u2019h\u00e9sitant pas \u00e0 prendre la parole en public pour donner son opinion. Elle aura marqu\u00e9 de fa\u00e7on profonde la lutte estudiantine par ces prises de paroles lors des assembl\u00e9es du CEUB, fustigeant le comportement des forces de l\u2019ordre et invitant ces camarades filles \u00e0 s\u2019engager dans la lutte. Tous les \u00e9tudiants de cette \u00e9poque, se souviennent d\u2019une fille qui enflammait la foule\u00a0 par ces paroles. Elle n\u2019avait pas peur de dire ce qu\u2019elle pensait.<\/p>\n<p>Nous nous associons de tout c\u0153ur \u00e0 la douleur de ses proches, et tenons \u00e0 pr\u00e9senter nos plus sinc\u00e8res condol\u00e9ances \u00e0 sa famille. BRIGITTE\u00a0repose en paix\u00a0! Salut Camarade\u00a0!<\/p>\n<p><strong>TES CAMARADES<\/strong><\/p>\n<p><strong>&#8230;&#8230;&#8230;&#8230;&#8230;&#8230;&#8230;&#8230;&#8230;&#8230;&#8230;&#8230;&#8230;&#8230;&#8230;&#8230;&#8230;..<\/strong><\/p>\n<p><span style=\"color: #ff0000;\"><strong>Brigitte LABAH, l\u00e0-bas o\u00f9 tu es d\u00e9sormais tu brilles d\u00e9j\u00e0 dans le g\u00eete b\u00e9ni des martyrs !<\/strong><\/span><\/p>\n<p>\u00a0<strong>Kp\u00e9lafia Koumoyi\u00a0 <a href=\"http:\/\/www.mo5-togo.com\/\">www.mo5-togo.com<\/a><\/strong><\/p>\n","protected":false},"excerpt":{"rendered":"<p>Elle pouvait\u00a0 vivre encore plus longtemps. Mais le destin de la vie en a d\u00e9cid\u00e9 autrement. Sa mort nous laisse un go\u00fbt amer et nous avons du mal \u00e0 croire \u00e0 son d\u00e9c\u00e8s. Elle s\u2019est battue contre la maladie mais le combat \u00e9tait in\u00e9gal. C\u2019est avec beaucoup de tristesse, d\u2019amertume et d\u2019incompr\u00e9hension que nous avons [&hellip;]<\/p>\n","protected":false},"author":7,"featured_media":0,"comment_status":"closed","ping_status":"open","sticky":false,"template":"","format":"standard","meta":[],"categories":[8,9,1],"tags":[87],"_links":{"self":[{"href":"http:\/\/mtn-togo.org\/index.php?rest_route=\/wp\/v2\/posts\/2027"}],"collection":[{"href":"http:\/\/mtn-togo.org\/index.php?rest_route=\/wp\/v2\/posts"}],"about":[{"href":"http:\/\/mtn-togo.org\/index.php?rest_route=\/wp\/v2\/types\/post"}],"author":[{"embeddable":true,"href":"http:\/\/mtn-togo.org\/index.php?rest_route=\/wp\/v2\/users\/7"}],"replies":[{"embeddable":true,"href":"http:\/\/mtn-togo.org\/index.php?rest_route=%2Fwp%2Fv2%2Fcomments&post=2027"}],"version-history":[{"count":3,"href":"http:\/\/mtn-togo.org\/index.php?rest_route=\/wp\/v2\/posts\/2027\/revisions"}],"predecessor-version":[{"id":2030,"href":"http:\/\/mtn-togo.org\/index.php?rest_route=\/wp\/v2\/posts\/2027\/revisions\/2030"}],"wp:attachment":[{"href":"http:\/\/mtn-togo.org\/index.php?rest_route=%2Fwp%2Fv2%2Fmedia&parent=2027"}],"wp:term":[{"taxonomy":"category","embeddable":true,"href":"http:\/\/mtn-togo.org\/index.php?rest_route=%2Fwp%2Fv2%2Fcategories&post=2027"},{"taxonomy":"post_tag","embeddable":true,"href":"http:\/\/mtn-togo.org\/index.php?rest_route=%2Fwp%2Fv2%2Ftags&post=2027"}],"curies":[{"name":"wp","href":"https:\/\/api.w.org\/{rel}","templated":true}]}}