{"id":2036,"date":"2012-10-08T09:13:32","date_gmt":"2012-10-08T14:13:32","guid":{"rendered":"http:\/\/mtn-togo.org\/?p=2036"},"modified":"2012-10-08T09:16:11","modified_gmt":"2012-10-08T14:16:11","slug":"mise-en-gardele-sg-de-lonu-a-depeche-aupres-de-faure-gnassingbe-son-conseiller-special-pour-la-prevention-du-genocide","status":"publish","type":"post","link":"http:\/\/mtn-togo.org\/?p=2036","title":{"rendered":"Mise en garde:Le SG de l&#8217;ONU a d\u00e9p\u00e9ch\u00e9 aupr\u00e8s de Faure Gnassingb\u00e9 son conseiller sp\u00e9cial pour la pr\u00e9vention du g\u00e9nocide"},"content":{"rendered":"<p><a href=\"http:\/\/mtn-togo.org\/wp-content\/uploads\/2012\/10\/Adam_Dieng_conseiller_sp\u00e9cial_de_ONU_Pr\u00e9vention-_g\u00e9nocide.jpg\"><img loading=\"lazy\" class=\"alignleft size-full wp-image-2037\" title=\"Adam_Dieng_conseiller_sp\u00e9cial_de_ONU_Pr\u00e9vention _g\u00e9nocide\" src=\"http:\/\/mtn-togo.org\/wp-content\/uploads\/2012\/10\/Adam_Dieng_conseiller_sp\u00e9cial_de_ONU_Pr\u00e9vention-_g\u00e9nocide.jpg\" alt=\"\" width=\"256\" height=\"197\" \/><\/a>L&#8217;information est pass\u00e9e inaper\u00e7ue mais rel\u00e8ve d&#8217;une grande importance. La mobilisation et la condamnation unanimes\u00a0\u00a0des organisations des droits de l&#8217;homme, de la soci\u00e9t\u00e9 civile et des partis politiques suite\u00a0aux attaques \u00e0 la\u00a0machette et autres armes blanches des miliciens de Faure\u00a0Gnassingb\u00e9 contre les militants de CST\u00a0et de l&#8217;ARC-EN-CIEL\u00a0 le 15 septembre 2012 \u00e0 Ad\u00e9wui et dans les rues \u00a0de Lom\u00e9,\u00a0ont \u00a0port\u00e9\u00a0ses fruits aupr\u00e8s de l&#8217;ONU et de la communaut\u00e9 internationale.<\/p>\n<p><!--more-->En effet de source proche de l&#8217;ONU, le\u00a0secr\u00e9taire\u00a0g\u00e9n\u00e9ral de l&#8217;ONU\u00a0Ban KI-moon\u00a0 saisi par la gravit\u00e9 de la crise togolaise\u00a0et\u00a0les massacres en pr\u00e9paration par Faure\u00a0Gnassingb\u00e9(dont les premiers signes\u00a0annonciateurs ont gicl\u00e9 \u00e0 Ad\u00e9wui le 15 septembre dernier) \u00a0pour se maintenir au pouvoir\u00a0 comme\u00a0il l&#8217;a perpetr\u00e9 en 2005 ,\u00a0l&#8217;a personnellement mis en garde et d\u00e9p\u00e9ch\u00e9 aupr\u00e8s de lui son conseiller sp\u00e9cial \u00a0pour la pr\u00e9vention du g\u00e9nocide, le juriste s\u00e9n\u00e9galais Adama\u00a0Dieng. La rencontre a eu lieu \u00e0 New York le\u00a0 jeudi 27 septembre 2012 dans la soir\u00e9e. Faure Gnassingb\u00e9 a ni\u00e9 les risques de g\u00e9nocide au Togo et a accus\u00e9 l&#8217;opposition d&#8217;\u00eatre derri\u00e8re &#8221; la mise en sc\u00e8ne &#8221; pour ameuter l&#8217;opinion internationale.<\/p>\n<p>Notons qu&#8217; Adama Dieng, le conseiller sp\u00e9cial du secr\u00e9taire g\u00e9n\u00e9ral de l\u2019ONU pour la pr\u00e9vention du g\u00e9nocide a\u00a0\u00e9t\u00e9 nomm\u00e9\u00a0\u00e0 ce poste en juillet dernier.Il\u00a0\u00a0\u00e9tait pr\u00e9c\u00e9demment\u00a0Greffier du Tribunal p\u00e9nal international pour le Rwanda dont le\u00a0 si\u00e8ge est \u00e0 ARusha en Tansanie.<\/p>\n<p>\u00a0Rappelons\u00a0que c&#8217;est Adama\u00a0Dieng\u00a0qui a renvoy\u00e9 Jean D\u00e9gli du TPIR pour malversation, faux et usage de faux.<\/p>\n<p>Vincentey Ben Polar <a href=\"http:\/\/www.mtn-togo.org\/\">www.mtn-togo.org<\/a><\/p>\n<p>&nbsp;<\/p>\n","protected":false},"excerpt":{"rendered":"<p>L&#8217;information est pass\u00e9e inaper\u00e7ue mais rel\u00e8ve d&#8217;une grande importance. La mobilisation et la condamnation unanimes\u00a0\u00a0des organisations des droits de l&#8217;homme, de la soci\u00e9t\u00e9 civile et des partis politiques suite\u00a0aux attaques \u00e0 la\u00a0machette et autres armes blanches des miliciens de Faure\u00a0Gnassingb\u00e9 contre les militants de CST\u00a0et de l&#8217;ARC-EN-CIEL\u00a0 le 15 septembre 2012 \u00e0 Ad\u00e9wui et dans [&hellip;]<\/p>\n","protected":false},"author":7,"featured_media":0,"comment_status":"closed","ping_status":"open","sticky":false,"template":"","format":"standard","meta":[],"categories":[8,9,1],"tags":[88],"_links":{"self":[{"href":"http:\/\/mtn-togo.org\/index.php?rest_route=\/wp\/v2\/posts\/2036"}],"collection":[{"href":"http:\/\/mtn-togo.org\/index.php?rest_route=\/wp\/v2\/posts"}],"about":[{"href":"http:\/\/mtn-togo.org\/index.php?rest_route=\/wp\/v2\/types\/post"}],"author":[{"embeddable":true,"href":"http:\/\/mtn-togo.org\/index.php?rest_route=\/wp\/v2\/users\/7"}],"replies":[{"embeddable":true,"href":"http:\/\/mtn-togo.org\/index.php?rest_route=%2Fwp%2Fv2%2Fcomments&post=2036"}],"version-history":[{"count":3,"href":"http:\/\/mtn-togo.org\/index.php?rest_route=\/wp\/v2\/posts\/2036\/revisions"}],"predecessor-version":[{"id":2039,"href":"http:\/\/mtn-togo.org\/index.php?rest_route=\/wp\/v2\/posts\/2036\/revisions\/2039"}],"wp:attachment":[{"href":"http:\/\/mtn-togo.org\/index.php?rest_route=%2Fwp%2Fv2%2Fmedia&parent=2036"}],"wp:term":[{"taxonomy":"category","embeddable":true,"href":"http:\/\/mtn-togo.org\/index.php?rest_route=%2Fwp%2Fv2%2Fcategories&post=2036"},{"taxonomy":"post_tag","embeddable":true,"href":"http:\/\/mtn-togo.org\/index.php?rest_route=%2Fwp%2Fv2%2Ftags&post=2036"}],"curies":[{"name":"wp","href":"https:\/\/api.w.org\/{rel}","templated":true}]}}