{"id":2041,"date":"2012-10-08T10:31:24","date_gmt":"2012-10-08T15:31:24","guid":{"rendered":"http:\/\/mtn-togo.org\/?p=2041"},"modified":"2012-10-08T10:42:00","modified_gmt":"2012-10-08T15:42:00","slug":"evacuation-sanitaire-de-loik-le-floch-prigent-en-france-une-justice-a-deux-vitesses","status":"publish","type":"post","link":"http:\/\/mtn-togo.org\/?p=2041","title":{"rendered":"\u00c9vacuation sanitaire de LoiK Le Floch Prigent en France: Une justice \u00e0 deux vitesses"},"content":{"rendered":"<p>\u00a0<a href=\"http:\/\/mtn-togo.org\/wp-content\/uploads\/2012\/10\/Loik_Le_Floch_Prigent.jpg\"><img loading=\"lazy\" class=\"alignleft size-full wp-image-2043\" title=\"Loik_Le_Floch_Prigent\" src=\"http:\/\/mtn-togo.org\/wp-content\/uploads\/2012\/10\/Loik_Le_Floch_Prigent.jpg\" alt=\"\" width=\"271\" height=\"186\" \/><\/a>Lors d&#8217;une conf\u00e9rence de presse, Philippe Lalliot, porte-parole du minist\u00e8re fran\u00e7ais des Affaires \u00e9trang\u00e8res a indiqu\u00e9 que la France a demand\u00e9 aux autorit\u00e9s togolaises &#8220;d&#8217;envisager&#8221; l&#8217;\u00e9vacuation sanitaire, &#8220;si les soins que son \u00e9tat de sant\u00e9 n\u00e9cessite ne peuvent lui \u00eatre prodigu\u00e9s \u00e0 Lom\u00e9&#8221;.<br \/>\n<!--more-->Il poursuit : &#8220;Nous avons demand\u00e9 que notre compatriote b\u00e9n\u00e9ficie d&#8217;une prise en charge m\u00e9dicale qui corresponde \u00e0 son \u00e9tat de sant\u00e9 tel qu&#8217;il est constat\u00e9 et que soit envisag\u00e9 une \u00e9vacuation sanitaire si ces soins ne peuvent lui \u00eatre administr\u00e9s sur place \u00e0 Lom\u00e9&#8221;.<\/p>\n<p>Sur Radio France Internationale, \u00a0Kwesi\u00a0S\u00e9l\u00e9agodji Ahoomey-Zunu, le Premier ministre togolais,\u00a0 a\u00a0confirm\u00e9 l&#8217;\u00e9vacuation en d\u00e9clarant\u00a0que: \u00a0&#8220;l&#8217;\u00e9vacuation sanitaire est obtenue sur la base de documents de sant\u00e9. Le juge qui est en relation avec les m\u00e9decins appr\u00e9ciera. Le Togo reste un pays ami de la France&#8221;.<\/p>\n<p>Notons que Agba\u00a0Bertin, le Togolais, lui\u00a0croupit en prison bien qu&#8217;il ait pay\u00e9 sa caution de lib\u00e9ration provisoire de 150 millions et\u00a0 que son \u00e9tat de sant\u00e9 se d\u00e9grade . Que tu sois blanc ou noir, le traitement que la justice m\u00eame des noirs te r\u00e9serve est toujours diff\u00e9rent.<\/p>\n<p>Notons que nous avions d\u00e9j\u00e0 indiqu\u00e9 dans un article pr\u00e9c\u00e9dent que le sort de Loik\u00a0a \u00e9t\u00e9 r\u00e9gl\u00e9 lors de la rencontre entre Faure\u00a0Gnassingb\u00e9 et Fran\u00e7ois Hollande \u00e0 New York\u00a0et\u00a0 qu&#8217;il\u00a0s&#8217;agissait de peaufiner une formuler classique pour le lib\u00e9rer. Le dossier de l&#8217;affaire de l&#8217;escroquerie s&#8217;enlise et l&#8217;arrestation de LoiK\u00a0le Floch\u00a0Prigent\u00a0n&#8217;a rien donn\u00e9.La confrontation\u00a0avec l&#8217;\u00c9mirati\u00a0Abass\u00a0Youssef\u00a0n&#8217;a pas eu lieu.\u00a0Une diversion de plus dans cette machination politico\u00a0mafieuse o\u00f9 s\u00e8xe, argent sale et pouvoir s&#8217;entrem\u00e8lent .<\/p>\n<p>Les \u00e9v\u00e8nements semblent \u00a0corroborer nos sources. Tant mieux.<\/p>\n<p>Gnagou\u00a0Matolaba\u00a0Djalima\u00a0 www. mtn-togo.org<\/p>\n<p>&nbsp;<\/p>\n<p>&nbsp;<\/p>\n","protected":false},"excerpt":{"rendered":"<p>\u00a0Lors d&#8217;une conf\u00e9rence de presse, Philippe Lalliot, porte-parole du minist\u00e8re fran\u00e7ais des Affaires \u00e9trang\u00e8res a indiqu\u00e9 que la France a demand\u00e9 aux autorit\u00e9s togolaises &#8220;d&#8217;envisager&#8221; l&#8217;\u00e9vacuation sanitaire, &#8220;si les soins que son \u00e9tat de sant\u00e9 n\u00e9cessite ne peuvent lui \u00eatre prodigu\u00e9s \u00e0 Lom\u00e9&#8221;.<\/p>\n","protected":false},"author":7,"featured_media":0,"comment_status":"closed","ping_status":"open","sticky":false,"template":"","format":"standard","meta":[],"categories":[8,9],"tags":[89],"_links":{"self":[{"href":"http:\/\/mtn-togo.org\/index.php?rest_route=\/wp\/v2\/posts\/2041"}],"collection":[{"href":"http:\/\/mtn-togo.org\/index.php?rest_route=\/wp\/v2\/posts"}],"about":[{"href":"http:\/\/mtn-togo.org\/index.php?rest_route=\/wp\/v2\/types\/post"}],"author":[{"embeddable":true,"href":"http:\/\/mtn-togo.org\/index.php?rest_route=\/wp\/v2\/users\/7"}],"replies":[{"embeddable":true,"href":"http:\/\/mtn-togo.org\/index.php?rest_route=%2Fwp%2Fv2%2Fcomments&post=2041"}],"version-history":[{"count":3,"href":"http:\/\/mtn-togo.org\/index.php?rest_route=\/wp\/v2\/posts\/2041\/revisions"}],"predecessor-version":[{"id":2045,"href":"http:\/\/mtn-togo.org\/index.php?rest_route=\/wp\/v2\/posts\/2041\/revisions\/2045"}],"wp:attachment":[{"href":"http:\/\/mtn-togo.org\/index.php?rest_route=%2Fwp%2Fv2%2Fmedia&parent=2041"}],"wp:term":[{"taxonomy":"category","embeddable":true,"href":"http:\/\/mtn-togo.org\/index.php?rest_route=%2Fwp%2Fv2%2Fcategories&post=2041"},{"taxonomy":"post_tag","embeddable":true,"href":"http:\/\/mtn-togo.org\/index.php?rest_route=%2Fwp%2Fv2%2Ftags&post=2041"}],"curies":[{"name":"wp","href":"https:\/\/api.w.org\/{rel}","templated":true}]}}