{"id":2047,"date":"2012-10-10T07:02:24","date_gmt":"2012-10-10T12:02:24","guid":{"rendered":"http:\/\/mtn-togo.org\/?p=2047"},"modified":"2012-10-13T08:12:33","modified_gmt":"2012-10-13T13:12:33","slug":"echo-de-la-manifestation-de-la-diaspora-togolaise-devant-le-parlement-europeen","status":"publish","type":"post","link":"http:\/\/mtn-togo.org\/?p=2047","title":{"rendered":"\u00c9cho de la manifestation de la diaspora togolaise devant le parlement \u00e9urop\u00e9en:<iframe width=\"250\" height=\"200\" src=\"http:\/\/www.youtube.com\/embed\/Ihdxsy2ML_w\" frameborder=\"0\" allowfullscreen><\/iframe>"},"content":{"rendered":"","protected":false},"excerpt":{"rendered":"","protected":false},"author":7,"featured_media":0,"comment_status":"closed","ping_status":"open","sticky":false,"template":"","format":"standard","meta":[],"categories":[8,1],"tags":[91],"_links":{"self":[{"href":"http:\/\/mtn-togo.org\/index.php?rest_route=\/wp\/v2\/posts\/2047"}],"collection":[{"href":"http:\/\/mtn-togo.org\/index.php?rest_route=\/wp\/v2\/posts"}],"about":[{"href":"http:\/\/mtn-togo.org\/index.php?rest_route=\/wp\/v2\/types\/post"}],"author":[{"embeddable":true,"href":"http:\/\/mtn-togo.org\/index.php?rest_route=\/wp\/v2\/users\/7"}],"replies":[{"embeddable":true,"href":"http:\/\/mtn-togo.org\/index.php?rest_route=%2Fwp%2Fv2%2Fcomments&post=2047"}],"version-history":[{"count":3,"href":"http:\/\/mtn-togo.org\/index.php?rest_route=\/wp\/v2\/posts\/2047\/revisions"}],"predecessor-version":[{"id":2070,"href":"http:\/\/mtn-togo.org\/index.php?rest_route=\/wp\/v2\/posts\/2047\/revisions\/2070"}],"wp:attachment":[{"href":"http:\/\/mtn-togo.org\/index.php?rest_route=%2Fwp%2Fv2%2Fmedia&parent=2047"}],"wp:term":[{"taxonomy":"category","embeddable":true,"href":"http:\/\/mtn-togo.org\/index.php?rest_route=%2Fwp%2Fv2%2Fcategories&post=2047"},{"taxonomy":"post_tag","embeddable":true,"href":"http:\/\/mtn-togo.org\/index.php?rest_route=%2Fwp%2Fv2%2Ftags&post=2047"}],"curies":[{"name":"wp","href":"https:\/\/api.w.org\/{rel}","templated":true}]}}