{"id":2049,"date":"2012-10-10T08:02:23","date_gmt":"2012-10-10T13:02:23","guid":{"rendered":"http:\/\/mtn-togo.org\/?p=2049"},"modified":"2012-10-10T08:02:23","modified_gmt":"2012-10-10T13:02:23","slug":"lalliance-nationale-pour-le-changement-anc-fete-ses-deux-ans","status":"publish","type":"post","link":"http:\/\/mtn-togo.org\/?p=2049","title":{"rendered":"L&#8217;Alliance Nationale pour le Changement (ANC) f\u00eate ses deux ans"},"content":{"rendered":"<p align=\"center\"><strong><a href=\"http:\/\/mtn-togo.org\/wp-content\/uploads\/2012\/10\/LogoANC.bmp\"><img class=\"alignleft size-full wp-image-2050\" title=\"LogoANC\" src=\"http:\/\/mtn-togo.org\/wp-content\/uploads\/2012\/10\/LogoANC.bmp\" alt=\"\" \/><\/a>COMMUNIQUE<\/strong><\/p>\n<p align=\"center\"><strong>10 Octobre 2010 \u2013 10 Octobre 2012<\/strong><\/p>\n<p align=\"center\"><strong>Deux ann\u00e9es de lutte pour la d\u00e9mocratie et l\u2019Etat de droit au Togo<\/strong><\/p>\n<p><strong>\u00a0<\/strong><\/p>\n<p><!--more-->L\u2019Alliance Nationale pour le Changement (ANC), invite les populations togolaises \u00e0 se joindre \u00e0 elle pour la comm\u00e9moration de son 2<sup>\u00e8me<\/sup> anniversaire, suivant le programme ci-dessous\u00a0:<\/p>\n<p>\u00a0<strong>Programme<\/strong><\/p>\n<ol>\n<li><strong>\u00a0<\/strong><strong>Lundi 08 octobre 2012<\/strong><\/li>\n<\/ol>\n<ul>\n<ul>\n<li><strong>08h00 \u2013 10h00\u00a0: <\/strong>Pri\u00e8res chr\u00e9tiennes et musulmanes au si\u00e8ge de l1ANC \u00e0 Lom\u00e9<\/li>\n<\/ul>\n<\/ul>\n<ol>\n<li><strong>\u00a0<\/strong><strong>Mardi 09 octobre 2012<\/strong><\/li>\n<\/ol>\n<ul>\n<ul>\n<li><strong>09h00\u00a0:<\/strong> Vernissage de l\u2019exposition photos sur les exactions commises par le r\u00e9gime RPT depuis le 10ao\u00fbt 2012<\/li>\n<\/ul>\n<\/ul>\n<ol>\n<li>\u00a0<strong>Mercredi 10 octobre 2012<\/strong><\/li>\n<\/ol>\n<ul>\n<ul>\n<li><strong>A partir de 09h00\u00a0: <\/strong>Prestations des groupes musicaux et artistiques au si\u00e8ge de l\u2019ANC<\/li>\n<\/ul>\n<\/ul>\n<ol>\n<li>\u00a0<strong>Vendredi 12 octobre 2012\u00a0:<\/strong><\/li>\n<\/ol>\n<ul>\n<ul>\n<li><strong>13h00\u00a0: <\/strong>Pri\u00e8re musulmane<strong> <\/strong>\u00e0 la mosqu\u00e9e d\u2019Anagokom\u00e9 (Massalassi)<\/li>\n<\/ul>\n<\/ul>\n<ol>\n<li><strong>\u00a0<\/strong><strong>Samedi 13 octobre 2012<\/strong><\/li>\n<\/ol>\n<ul>\n<ul>\n<li><strong>08h00\u00a0:<\/strong> Marche de revendication et de protestation du FRAC.<\/li>\n<\/ul>\n<\/ul>\n<p>Point de d\u00e9part\u00a0: Carrefour du feu tricolore du Bd de la Kara et Eglise Baptiste de Tokoin Domass\u00e9ss\u00e9. Point d\u2019arriv\u00e9e\u00a0: Plage du Changement<\/p>\n<ol>\n<li>\u00a0<strong>Dimanche 14 octobre 2012<\/strong><\/li>\n<\/ol>\n<ul>\n<ul>\n<li><strong>09h00\u00a0: <\/strong>Culte \u00e0 l\u2019Eglise M\u00e9thodiste Salem de Hanoukop\u00e9<\/li>\n<\/ul>\n<ul>\n<li><strong>11h00\u00a0:<\/strong> Caravane festive jusqu\u2019\u00e0 la plage du changement<\/li>\n<\/ul>\n<ul>\n<li><strong>12h00\u00a0:<\/strong> Message du Pr\u00e9sident National<\/li>\n<li><strong>13h00 \u2013<\/strong> 17h00\u00a0: Pique-nique<\/li>\n<\/ul>\n<\/ul>\n<p align=\"center\"><strong>T O U S\u00a0 E N\u00a0 O R A N G E<\/strong><strong>\u00a0!<\/strong><\/p>\n<p align=\"center\"><strong>Gnagou Matolaba Djalima\u00a0 <a href=\"http:\/\/www.mtn-togo.org\/\">www.mtn-togo.org<\/a><\/strong><\/p>\n<p align=\"center\"><strong><\/strong>\u00a0<\/p>\n","protected":false},"excerpt":{"rendered":"<p>COMMUNIQUE 10 Octobre 2010 \u2013 10 Octobre 2012 Deux ann\u00e9es de lutte pour la d\u00e9mocratie et l\u2019Etat de droit au Togo \u00a0<\/p>\n","protected":false},"author":7,"featured_media":0,"comment_status":"closed","ping_status":"open","sticky":false,"template":"","format":"standard","meta":[],"categories":[1],"tags":[],"_links":{"self":[{"href":"http:\/\/mtn-togo.org\/index.php?rest_route=\/wp\/v2\/posts\/2049"}],"collection":[{"href":"http:\/\/mtn-togo.org\/index.php?rest_route=\/wp\/v2\/posts"}],"about":[{"href":"http:\/\/mtn-togo.org\/index.php?rest_route=\/wp\/v2\/types\/post"}],"author":[{"embeddable":true,"href":"http:\/\/mtn-togo.org\/index.php?rest_route=\/wp\/v2\/users\/7"}],"replies":[{"embeddable":true,"href":"http:\/\/mtn-togo.org\/index.php?rest_route=%2Fwp%2Fv2%2Fcomments&post=2049"}],"version-history":[{"count":1,"href":"http:\/\/mtn-togo.org\/index.php?rest_route=\/wp\/v2\/posts\/2049\/revisions"}],"predecessor-version":[{"id":2051,"href":"http:\/\/mtn-togo.org\/index.php?rest_route=\/wp\/v2\/posts\/2049\/revisions\/2051"}],"wp:attachment":[{"href":"http:\/\/mtn-togo.org\/index.php?rest_route=%2Fwp%2Fv2%2Fmedia&parent=2049"}],"wp:term":[{"taxonomy":"category","embeddable":true,"href":"http:\/\/mtn-togo.org\/index.php?rest_route=%2Fwp%2Fv2%2Fcategories&post=2049"},{"taxonomy":"post_tag","embeddable":true,"href":"http:\/\/mtn-togo.org\/index.php?rest_route=%2Fwp%2Fv2%2Ftags&post=2049"}],"curies":[{"name":"wp","href":"https:\/\/api.w.org\/{rel}","templated":true}]}}