{"id":2141,"date":"2012-10-21T14:43:39","date_gmt":"2012-10-21T19:43:39","guid":{"rendered":"http:\/\/mtn-togo.org\/?p=2141"},"modified":"2012-10-21T14:45:41","modified_gmt":"2012-10-21T19:45:41","slug":"manifestation-du-frac-au-depart-dadewui-jean-pierre-fabre-a-traverse-adewui-sous-les-ovations-des-habitants-du-quartier","status":"publish","type":"post","link":"http:\/\/mtn-togo.org\/?p=2141","title":{"rendered":"Manifestation du Frac au d\u00e9part d&#8217;Ad\u00e9wui: Jean Pierre Fabre a travers\u00e9 Ad\u00e9wui sous les ovations des habitants du quartier"},"content":{"rendered":"<p><a href=\"http:\/\/mtn-togo.org\/wp-content\/uploads\/2012\/10\/Manifestation_du_frac_Adewui.gif\"><img loading=\"lazy\" class=\"alignleft size-full wp-image-2142\" title=\"Manifestation_du_frac_Adewui\" src=\"http:\/\/mtn-togo.org\/wp-content\/uploads\/2012\/10\/Manifestation_du_frac_Adewui.gif\" alt=\"\" width=\"520\" height=\"390\" srcset=\"http:\/\/mtn-togo.org\/wp-content\/uploads\/2012\/10\/Manifestation_du_frac_Adewui.gif 520w, http:\/\/mtn-togo.org\/wp-content\/uploads\/2012\/10\/Manifestation_du_frac_Adewui-300x224.gif 300w\" sizes=\"(max-width: 520px) 100vw, 520px\" \/><\/a>M<em>anifestement, la d\u00e9termination et la bravoure des responsables du Front R\u00e9publicain pour l\u2019Alternance et le Changement (FRAC) ont eu raison des autorit\u00e9s togolaises, en l\u2019occurrence du ministre de la S\u00e9curit\u00e9 et de la protection civile, Yark\u00a0DAMHANE. Et pour cause. Leur manifestation a d\u00e9marr\u00e9 \u00a0sans heurts ni incidents, ce samedi 20 octobre 2012 au quartier Tokoin Doumass\u00e9ss\u00e9, commun\u00e9ment appel\u00e9 Ad\u00e9wui.<\/em><\/p>\n<p>\u00a0<!--more--><em>Quartier o\u00f9 il y a quelques semaines, plusieurs militants et sympathisants de l\u2019Alliance Nationale pour le Changement (ANC) surtout, ont \u00e9t\u00e9 violent\u00e9s et gravement bless\u00e9s par une horde de miliciens arm\u00e9s d\u2019armes blanches et \u00e0 feu, se r\u00e9clamant du RPT-UNIR.<\/em><\/p>\n<p>Le ministre de la S\u00e9curit\u00e9 et de la protection civile, Yark\u00a0DAMHANE\u00a0a-t-il enfin boucl\u00e9 son enqu\u00eate et rendu public les r\u00e9sultats, comme il l\u2019a signifi\u00e9 aux responsables du Front R\u00e9publicain pour l\u2019Alternance et le Changement (FRAC)? La question m\u00e9rite d\u2019\u00eatre pos\u00e9e puisque la manifestation interdite ou emp\u00each\u00e9e, il y a bient\u00f4t trois semaines, a eu lieu ce samedi, en pr\u00e9sence du leader de l\u2019Alliance Nationale pour Changement (ANC), Jean-Pierre FABRE\u00a0et des repr\u00e9sentants des autres formations politiques membres du FRAC. Faits in\u00e9dits. Contrairement \u00e0 ce qui se dit, que les habitants du quartier Tokoin\u00a0Doumass\u00e9ss\u00e9 (Ad\u00e9wui) sont hostiles aux responsables de l\u2019opposition, les manifestants de l\u2019opposition qui ont pris part\u00a0\u00e0 la manifestation ont \u00e9t\u00e9 stup\u00e9faits de voir ces habitants ovationner le leader de l\u2019ANC \u00e0 sa vue. Certains sortant de leurs maisons pour lui serrer la main, d\u2019autres l\u2019ovationnant durant tout l\u2019itin\u00e9raire de la marche. D\u00e9but\u00e9e donc devant l\u2019\u00e9glise baptiste de Tokoin\u00a0Doumass\u00e9ss\u00e9 (Ad\u00e9wui) comme pr\u00e9vue, la marche a drain\u00e9 une foule tr\u00e8s importante de militants et sympathisants du FRAC ainsi que de curieux. Et c\u2019est aux cris de \u00ab\u00a0Gak\u00e9 miva Ad\u00e9wuia\u00a0\u00bb, \u00ab\u00a0Doumass\u00e9ss\u00e9 oy\u00e9\u00a0!\u00a0\u00bb, \u00ab\u00a0FABRE, tu es courageux\u00a0\u00bb et des chants patriotiques tels que\u00a0: \u00ab\u00a0Fofo si nousin\u00a0l\u00e9\u00a0\u00bb, \u00ab\u00a0Kal\u00e8to mouvon nao\u00a0\u00bb, ainsi que d\u2019autres chansons r\u00e9volutionnaires et religieuses, que les militants et sympathisants du FRAC ont d\u00e9marr\u00e9 et anim\u00e9 la marche jusqu\u2019au point de chute, la plage.<\/p>\n<p>Pour la circonstance, on pouvait lire sur des pancartes\u00a0tenues par les manifestants des slogans tels que: \u00ab\u00a0Non \u00e0 la division du peuple togolais\u00a0!\u00a0\u00bb, \u00ab\u00a0A bas le tribalisme\u00a0!\u00a0\u00bb, Le FRAC exige un dialogue franc et sinc\u00e8re\u00a0!\u00a0\u00bb, \u00ab\u00a0Yark, \u00e0 quand les r\u00e9sultats de ton enqu\u00eate\u00a0?\u00bb. La marche s\u2019est ainsi d\u00e9roul\u00e9e du d\u00e9but jusqu\u2019\u00e0 sa fin, sans heurts, ni incidents avec un comportement irr\u00e9prochable et exemplaire, du moins pour la journ\u00e9e d\u2019aujourd\u2019hui, aux forces de l\u2019ordre et de s\u00e9curit\u00e9 jusqu\u2019\u00e0 la plage de Lom\u00e9 o\u00f9 un meeting s\u2019est tenu.<\/p>\n<p><strong>Le meeting \u00e0 la plage de Lom\u00e9<\/strong><\/p>\n<p>\u00ab<em>Aujourd\u2019hui nous avons fait la d\u00e9monstration que les droits sont bafou\u00e9s.\u00a0Il ne faut jamais accepter un quelconque compromis. Il faut refuser. Il faut lutter. C\u2019est la d\u00e9monstration que nous venons de faire<\/em>\u00bb dixit\u00a0Jean-Pierre FABRE.<\/p>\n<p>L\u2019essentiel \u00e0 retenir du meeting, c\u2019est l\u2019intervention du leader de l\u2019ANC, Jean-Pierre FABRE, seul orateur de la circonstance. Pour le leader de l\u2019ANC, cette marche pour eux, est d\u2019une importance capitale. \u00ab\u00a0<em>Nous n\u2019avons pas voulu accepter l\u2019interdiction de nos manifestations, au motif que des jeunes du quartier Doumass\u00e9ss\u00e9 se seraient oppos\u00e9s \u00e0 cela parce que, accepter cela, c\u2019est accepter qu\u2019existe dans notre pays des zones de non droit o\u00f9 des petits malfrats peuvent imposer leur diktat <\/em>\u00bb, a-t-il pr\u00e9cis\u00e9. Selon lui, les responsables du FRAC sont tr\u00e8s fiers pour eux-m\u00eames. Mais surtout d\u2019avoir prouv\u00e9 que les populations de Doumass\u00e9ss\u00e9 ne leur sont pas hostiles et que c\u2019est parce que le r\u00e9gime lui-m\u00eame a organis\u00e9 quelque chose, en amenant des jeunes l\u00e0-bas que ce sont produits les \u00e9v\u00e8nements dramatiques du 15 septembre dernier. \u00ab\u00a0<em>Nous sommes fiers d\u2019avoir pu refuser d\u2019accepter cette interdiction au motif que je viens de dire tout \u00e0 l\u2019heure parce que, aujourd\u2019hui nous avons fait la d\u00e9monstration que les droits sont bafou\u00e9s. Il ne faut jamais accepter un quelconque compromis. Il faut refuser. Il faut lutter. C\u2019est la d\u00e9monstration que nous venons de faire<\/em>\u00bb, a martel\u00e9 Jean-Pierre FABRE.<\/p>\n<p><strong>Le coup de fil de Faure Gnassingb\u00e9<\/strong><\/p>\n<p>Toujours dans son intervention, le leader de l\u2019ANC a inform\u00e9 l\u2019assistance d\u2019un appel t\u00e9l\u00e9phonique de Faure\u00a0GNASSINGBE\u00a0l\u2019invitant \u00e0 une rencontre durant le mois de juillet dernier. Mais ce dernier a donn\u00e9 une fin de non recevoir \u00e0 cette rencontre en exhortant son interlocuteur \u00e0 la prise en compte des pr\u00e9alables pos\u00e9s par le CST avant toute discussion.<\/p>\n<p><strong>Le SMS de S\u00e9l\u00e9agodji Ahoomey-Zunu<\/strong><\/p>\n<p>Toutefois, en croire Jean-Pierre FABRE, le premier ministre, S\u00e9l\u00e9agodji AHOOME-ZUNU a jou\u00e9 un jeu trouble dans cette affaire de rencontre, en lui envoyant avant m\u00eame l\u2019appel de Faure\u00a0GNASSINGBE, un sms lui signifiant que rendez-vous avec ce dernier n\u2019est plus possible.<\/p>\n<p><strong>Gilbert Bawara, menteur<\/strong><\/p>\n<p>Au sujet des sorties m\u00e9diatiques du ministre Gilbert BAWARA, Jean-Pierre FABRE a tax\u00e9 ce dernier de menteur parce que tout ce que ce dernier a racont\u00e9 n\u2019est que pure mensonge\u00a0venant de son imagination puisque les choses ne s\u2019\u00e9tant pas d\u00e9roul\u00e9es comme il se plait \u00e0 les raconter sur les stations de radios ces temps-ci. Il a souhait\u00e9 ne pas s\u2019attarder sur ce qu\u2019il qualifie de perte de temps.<\/p>\n<p><strong>Sur la CENI<\/strong><\/p>\n<p>Au sujet de l\u2019\u00e9lection des membres de la Commission Electorale\u00a0Nationale Ind\u00e9pendante (CENI), le leader de l\u2019ANC a laiss\u00e9 entendre que le pouvoir est dans une tentative d\u2019intimidation et celle de passage en force en voyant l\u2019allure que prennent les actes pos\u00e9s par les membres du gouvernement en l\u2019occurrence le ministre BAWARA. \u00ab\u00a0<em>Mais, nous allons nous opposer avec la derni\u00e8re fermet\u00e9 \u00e0 cela<\/em>\u00bb, a affirm\u00e9 ce dernier.<\/p>\n<p><strong>Sur les prochaines \u00e9lections<\/strong><\/p>\n<p>S\u2019agissant des futures \u00e9lections l\u00e9gislatives, Jean-Pierre FABRE a indiqu\u00e9 qu\u2019ils ne boycotteront jamais ces \u00e9lections. \u00ab\u00a0<em>Non, personne ne boycottera les \u00e9lections. Et on ne cessera jamais de vous le dire. Les \u00e9lections auront lieu et tout le monde y participera. Ou elles n\u2019auront pas lieu. Mais il ne s\u2019agira pas de les boycotter. Nous insistons l\u00e0-dessus <\/em>\u00bb, a-t-il conclu.<\/p>\n<p>( <strong>www.mo5-togo.com<\/strong> )<\/p>\n","protected":false},"excerpt":{"rendered":"<p>Manifestement, la d\u00e9termination et la bravoure des responsables du Front R\u00e9publicain pour l\u2019Alternance et le Changement (FRAC) ont eu raison des autorit\u00e9s togolaises, en l\u2019occurrence du ministre de la S\u00e9curit\u00e9 et de la protection civile, Yark\u00a0DAMHANE. Et pour cause. Leur manifestation a d\u00e9marr\u00e9 \u00a0sans heurts ni incidents, ce samedi 20 octobre 2012 au quartier Tokoin [&hellip;]<\/p>\n","protected":false},"author":7,"featured_media":0,"comment_status":"closed","ping_status":"open","sticky":false,"template":"","format":"standard","meta":[],"categories":[1],"tags":[97],"_links":{"self":[{"href":"http:\/\/mtn-togo.org\/index.php?rest_route=\/wp\/v2\/posts\/2141"}],"collection":[{"href":"http:\/\/mtn-togo.org\/index.php?rest_route=\/wp\/v2\/posts"}],"about":[{"href":"http:\/\/mtn-togo.org\/index.php?rest_route=\/wp\/v2\/types\/post"}],"author":[{"embeddable":true,"href":"http:\/\/mtn-togo.org\/index.php?rest_route=\/wp\/v2\/users\/7"}],"replies":[{"embeddable":true,"href":"http:\/\/mtn-togo.org\/index.php?rest_route=%2Fwp%2Fv2%2Fcomments&post=2141"}],"version-history":[{"count":4,"href":"http:\/\/mtn-togo.org\/index.php?rest_route=\/wp\/v2\/posts\/2141\/revisions"}],"predecessor-version":[{"id":2145,"href":"http:\/\/mtn-togo.org\/index.php?rest_route=\/wp\/v2\/posts\/2141\/revisions\/2145"}],"wp:attachment":[{"href":"http:\/\/mtn-togo.org\/index.php?rest_route=%2Fwp%2Fv2%2Fmedia&parent=2141"}],"wp:term":[{"taxonomy":"category","embeddable":true,"href":"http:\/\/mtn-togo.org\/index.php?rest_route=%2Fwp%2Fv2%2Fcategories&post=2141"},{"taxonomy":"post_tag","embeddable":true,"href":"http:\/\/mtn-togo.org\/index.php?rest_route=%2Fwp%2Fv2%2Ftags&post=2141"}],"curies":[{"name":"wp","href":"https:\/\/api.w.org\/{rel}","templated":true}]}}