{"id":2147,"date":"2012-10-23T08:11:24","date_gmt":"2012-10-23T13:11:24","guid":{"rendered":"http:\/\/mtn-togo.org\/?p=2147"},"modified":"2012-10-23T08:11:24","modified_gmt":"2012-10-23T13:11:24","slug":"confidentiel-togo-jean-pierre-fabre-est-arrive-ce-lundi-matin-a-paris-pour-des-rendez-vous-avec-le-milieu-politique-francais","status":"publish","type":"post","link":"http:\/\/mtn-togo.org\/?p=2147","title":{"rendered":"Confidentiel \/ Togo : Jean-Pierre Fabre est arriv\u00e9 ce lundi matin \u00e0 Paris pour des rendez-vous avec le milieu politique fran\u00e7ais"},"content":{"rendered":"<p><a href=\"http:\/\/mtn-togo.org\/wp-content\/uploads\/2011\/10\/Jean-Pierre-Fabres-PR\u00e9sident-de-lANC-en-tourn\u00e9e.jpg\"><img loading=\"lazy\" class=\"alignleft size-full wp-image-886\" title=\"Jean-Pierre Fabres, Pr\u00e9sident de l'ANC en tourn\u00e9e\" src=\"http:\/\/mtn-togo.org\/wp-content\/uploads\/2011\/10\/Jean-Pierre-Fabres-PR\u00e9sident-de-lANC-en-tourn\u00e9e.jpg\" alt=\"\" width=\"570\" height=\"428\" srcset=\"http:\/\/mtn-togo.org\/wp-content\/uploads\/2011\/10\/Jean-Pierre-Fabres-PR\u00e9sident-de-lANC-en-tourn\u00e9e.jpg 570w, http:\/\/mtn-togo.org\/wp-content\/uploads\/2011\/10\/Jean-Pierre-Fabres-PR\u00e9sident-de-lANC-en-tourn\u00e9e-300x225.jpg 300w\" sizes=\"(max-width: 570px) 100vw, 570px\" \/><\/a>Le leader de l\u2019Alliance nationale pour le Changement (ANC), Jean-Pierre Fabre, est arriv\u00e9 ce lundi 22 octobre 2012 dans la matin\u00e9e \u00e0 Paris, la capitale fran\u00e7aise. Selon nos informations, plusieurs rencontres politiques sont \u00e0 l\u2019agenda de l\u2019ex-bras droit de Gilchrist\u00a0Olympio. <!--more-->Il ne manquera pas d&#8217;\u00e9voquer les violations constantes des droits humains au Togo et la vision de son parti pour une sortie de crise.<\/p>\n<div>Ce d\u00e9placement est effectu\u00e9 au lendemain des deux ans du parti et d\u2019une manifestation dite de t\u00e9m\u00e9rit\u00e9 organis\u00e9e le samedi dernier par le Front R\u00e9publicains pour l\u2019Alternance et le Changement (FRAC) dont fait partie l\u2019ANC et qui a eu pour point de d\u00e9part Ad\u00e9wui, quartier suppos\u00e9 fief du parti militaro-civil (RPT-UNIR) au pouvoir depuis 1967. R\u00e9cemment, des manifestants pacifiques de l\u2019opposition ont \u00e9t\u00e9 sauvagement agress\u00e9s dans ce quartier par des miliciens qui se r\u00e9clamaient du pouvoir.<\/div>\n<p>Outre des rencontres politiques programm\u00e9es en France, Jean-Pierre Fabre\u00a0mettra \u00e0 profit son s\u00e9jour pour accro\u00eetre le lobbying\u00a0de demande d\u2019adh\u00e9sion de son parti (ANC) \u00e0 l\u2019Internationale Socialiste. Un virage id\u00e9ologique \u00e0 180\u00b0, diront certains, puisque l\u2019UFC dont est issue l\u2019ANC par scission est bien connue comme un parti lib\u00e9ral.<\/p>\n<p>Si l\u2019ANC du Togo est admise au sein de la famille politique de l\u2019Internationale Socialiste (IS), elle rejoindra en force la Convention D\u00e9mocratique des Peuples Africains (CDPA) qui en fait partie depuis presqu\u2019une vingtaine d\u2019ann\u00e9es.<\/p>\n<p>( <strong>www.mo5-togo.com<\/strong> )<\/p>\n","protected":false},"excerpt":{"rendered":"<p>Le leader de l\u2019Alliance nationale pour le Changement (ANC), Jean-Pierre Fabre, est arriv\u00e9 ce lundi 22 octobre 2012 dans la matin\u00e9e \u00e0 Paris, la capitale fran\u00e7aise. Selon nos informations, plusieurs rencontres politiques sont \u00e0 l\u2019agenda de l\u2019ex-bras droit de Gilchrist\u00a0Olympio.<\/p>\n","protected":false},"author":7,"featured_media":0,"comment_status":"closed","ping_status":"open","sticky":false,"template":"","format":"standard","meta":[],"categories":[1],"tags":[],"_links":{"self":[{"href":"http:\/\/mtn-togo.org\/index.php?rest_route=\/wp\/v2\/posts\/2147"}],"collection":[{"href":"http:\/\/mtn-togo.org\/index.php?rest_route=\/wp\/v2\/posts"}],"about":[{"href":"http:\/\/mtn-togo.org\/index.php?rest_route=\/wp\/v2\/types\/post"}],"author":[{"embeddable":true,"href":"http:\/\/mtn-togo.org\/index.php?rest_route=\/wp\/v2\/users\/7"}],"replies":[{"embeddable":true,"href":"http:\/\/mtn-togo.org\/index.php?rest_route=%2Fwp%2Fv2%2Fcomments&post=2147"}],"version-history":[{"count":1,"href":"http:\/\/mtn-togo.org\/index.php?rest_route=\/wp\/v2\/posts\/2147\/revisions"}],"predecessor-version":[{"id":2148,"href":"http:\/\/mtn-togo.org\/index.php?rest_route=\/wp\/v2\/posts\/2147\/revisions\/2148"}],"wp:attachment":[{"href":"http:\/\/mtn-togo.org\/index.php?rest_route=%2Fwp%2Fv2%2Fmedia&parent=2147"}],"wp:term":[{"taxonomy":"category","embeddable":true,"href":"http:\/\/mtn-togo.org\/index.php?rest_route=%2Fwp%2Fv2%2Fcategories&post=2147"},{"taxonomy":"post_tag","embeddable":true,"href":"http:\/\/mtn-togo.org\/index.php?rest_route=%2Fwp%2Fv2%2Ftags&post=2147"}],"curies":[{"name":"wp","href":"https:\/\/api.w.org\/{rel}","templated":true}]}}