{"id":2154,"date":"2012-10-25T07:38:03","date_gmt":"2012-10-25T12:38:03","guid":{"rendered":"http:\/\/mtn-togo.org\/?p=2154"},"modified":"2012-10-25T18:26:21","modified_gmt":"2012-10-25T23:26:21","slug":"yark-damehame-a-finalement-boucle-son-enquete-sur-les-massacres-des-miliciens-de-faure-gnassingbe-a-adewui-rien-que-du-mensonge","status":"publish","type":"post","link":"http:\/\/mtn-togo.org\/?p=2154","title":{"rendered":"Yark Damehame a finalement boucl\u00e9 son enqu\u00eate sur les massacres des miliciens de Faure Gnassingb\u00e9 \u00e0 Ad\u00e9wui: Rien que du mensonge !"},"content":{"rendered":"<p><a href=\"http:\/\/mtn-togo.org\/wp-content\/uploads\/2012\/10\/Colonel_Yark_Damehame.jpg\"><img loading=\"lazy\" class=\"alignleft size-medium wp-image-2155\" title=\"Colonel_Yark_Damehame\" src=\"http:\/\/mtn-togo.org\/wp-content\/uploads\/2012\/10\/Colonel_Yark_Damehame-300x227.jpg\" alt=\"\" width=\"300\" height=\"227\" srcset=\"http:\/\/mtn-togo.org\/wp-content\/uploads\/2012\/10\/Colonel_Yark_Damehame-300x227.jpg 300w, http:\/\/mtn-togo.org\/wp-content\/uploads\/2012\/10\/Colonel_Yark_Damehame.jpg 395w\" sizes=\"(max-width: 300px) 100vw, 300px\" \/><\/a>Le 15 septembre, des jeunes munis de b\u00e2tons et gourdins, de cordelettes et de machettes etc&#8230; , avaient emp\u00each\u00e9 une manifestation du Collectif &#8220;Sauvons le Togo&#8221; (CST) \u00e0 Ad\u00e9wui.<br \/>\nDes affrontements se sont produits quand certains militants du CST\u00a0sont arriv\u00e9s sur les lieux. Une quarantaine\u00a0de personnes avaient \u00e9t\u00e9 bless\u00e9es, selon des responsables du CST.<br \/>\n<!--more-->Le 5 octobre, des incidents se sont \u00e9galement produits \u00e0 B\u00e9, lors d&#8217;une manifestation du CST.<\/p>\n<p>Selon le ministre de la s\u00e9curit\u00e9, des enqu\u00eates avaient \u00e9t\u00e9 ouvertes pour faire la lumi\u00e8re sur ces &#8220;\u00e9v\u00e8nements malheureux&#8221;.<br \/>\n&#8220;Actuellement, nous avons pu cl\u00f4turer les deux investigations. Le proc\u00e8s verbal est vers\u00e9 au Parquet. Il appartient au juge de d\u00e9cider de la suite&#8221;, a soulign\u00e9 le Colonel Yark\u00a0Damehane.<br \/>\n&#8220;Les auteurs des actes ont \u00e9t\u00e9 identifi\u00e9s. Et ils sont connus&#8221;, a-t-il pr\u00e9cis\u00e9.<\/p>\n<p>Pour les \u00e9v\u00e8nements d&#8217;Ad\u00e9wui, le ministre a estim\u00e9 que les auteurs ne sont pas des milices du parti au pouvoir: &#8220;ce sont des jeunes du quartier d&#8217;Ad\u00e9wui qui, spontan\u00e9ment, se sont retrouv\u00e9s. Lorsqu&#8217;on parle de milices, cela sous-entend des groupes organis\u00e9s&#8221;.<\/p>\n<p>Le colonel Yark a invit\u00e9 les journalistes \u00e0 &#8220;faire l&#8217;effort de d\u00e9mocratiser&#8221; leurs reportages.<br \/>\n&#8220;Aucun \u00e9l\u00e9ment des forces de l&#8217;ordre ne consid\u00e8re un journaliste comme un adversaire. Les forces de l&#8217;ordre sont l\u00e0 pour vous aider \u00e0 faire votre travail. Les forces de l&#8217;ordre et les journalistes sont des +partenaires+&#8221;, a pr\u00e9cis\u00e9 le Colonel Yark\u00a0Damehane.<br \/>\nCe dernier s&#8217;est \u00e9galement prononc\u00e9 sur la marche du Front R\u00e9publicain pour l&#8217;Alternance et le Changement (FRAC) samedi dernier \u00e0 Ad\u00e9wui, manifestation qui s&#8217;est d\u00e9roul\u00e9e dans le calme.<br \/>\nSelon le Colonel Yark, la marche avait \u00e9t\u00e9 autoris\u00e9e, parce que les investigations sur les actes de violences du 15 septembre avaient \u00e9t\u00e9 boucl\u00e9es.<\/p>\n<p>&#8220;Samedi dernier, nous avions laiss\u00e9 faire, parce que nous \u00e9tions d\u00e9j\u00e0 arriv\u00e9s \u00e0 terme de nos investigations. Et comme nous le disons, nous ne sommes contre personne. Lorsque les conditions sont acceptables, nous accompagnons les organisateurs des manifestations politiques&#8221;, a ajout\u00e9 le ministre de la s\u00e9curit\u00e9. FIN<\/p>\n<p><strong>Junior AUREL<\/strong><\/p>\n<p>Source: Savoir News<\/p>\n","protected":false},"excerpt":{"rendered":"<p>Le 15 septembre, des jeunes munis de b\u00e2tons et gourdins, de cordelettes et de machettes etc&#8230; , avaient emp\u00each\u00e9 une manifestation du Collectif &#8220;Sauvons le Togo&#8221; (CST) \u00e0 Ad\u00e9wui. Des affrontements se sont produits quand certains militants du CST\u00a0sont arriv\u00e9s sur les lieux. Une quarantaine\u00a0de personnes avaient \u00e9t\u00e9 bless\u00e9es, selon des responsables du CST.<\/p>\n","protected":false},"author":7,"featured_media":0,"comment_status":"closed","ping_status":"open","sticky":false,"template":"","format":"standard","meta":[],"categories":[8,9],"tags":[99],"_links":{"self":[{"href":"http:\/\/mtn-togo.org\/index.php?rest_route=\/wp\/v2\/posts\/2154"}],"collection":[{"href":"http:\/\/mtn-togo.org\/index.php?rest_route=\/wp\/v2\/posts"}],"about":[{"href":"http:\/\/mtn-togo.org\/index.php?rest_route=\/wp\/v2\/types\/post"}],"author":[{"embeddable":true,"href":"http:\/\/mtn-togo.org\/index.php?rest_route=\/wp\/v2\/users\/7"}],"replies":[{"embeddable":true,"href":"http:\/\/mtn-togo.org\/index.php?rest_route=%2Fwp%2Fv2%2Fcomments&post=2154"}],"version-history":[{"count":4,"href":"http:\/\/mtn-togo.org\/index.php?rest_route=\/wp\/v2\/posts\/2154\/revisions"}],"predecessor-version":[{"id":2157,"href":"http:\/\/mtn-togo.org\/index.php?rest_route=\/wp\/v2\/posts\/2154\/revisions\/2157"}],"wp:attachment":[{"href":"http:\/\/mtn-togo.org\/index.php?rest_route=%2Fwp%2Fv2%2Fmedia&parent=2154"}],"wp:term":[{"taxonomy":"category","embeddable":true,"href":"http:\/\/mtn-togo.org\/index.php?rest_route=%2Fwp%2Fv2%2Fcategories&post=2154"},{"taxonomy":"post_tag","embeddable":true,"href":"http:\/\/mtn-togo.org\/index.php?rest_route=%2Fwp%2Fv2%2Ftags&post=2154"}],"curies":[{"name":"wp","href":"https:\/\/api.w.org\/{rel}","templated":true}]}}