{"id":2172,"date":"2012-10-29T07:34:36","date_gmt":"2012-10-29T12:34:36","guid":{"rendered":"http:\/\/mtn-togo.org\/?p=2172"},"modified":"2012-10-29T07:34:36","modified_gmt":"2012-10-29T12:34:36","slug":"cstarc-en-ciel-appel-a-la-mobilisation-generale-contre-une-ceni-illegale","status":"publish","type":"post","link":"http:\/\/mtn-togo.org\/?p=2172","title":{"rendered":"CST\/Arc-En-Ciel : Appel \u00e0 la mobilisation g\u00e9n\u00e9rale contre une CENI ill\u00e9gale"},"content":{"rendered":"<div>\n<p>\u00a0<strong>APPEL A LA MOBILISATION\u00a0<\/strong><strong>G\u00c9N\u00c9RALE<\/strong><\/p>\n<p align=\"center\"><strong><em>(En r\u00e9ponse au d\u00e9fi lanc\u00e9 au peuple par la prestation de serment de la CENI ill\u00e9gale le 24 octobre 2012)<\/em><\/strong><\/p>\n<p>\u00a0<a href=\"http:\/\/mtn-togo.org\/wp-content\/uploads\/2012\/10\/CST_ARC_Ciel.png\"><img loading=\"lazy\" class=\"alignleft size-medium wp-image-2173\" title=\"CST_ARC_Ciel\" src=\"http:\/\/mtn-togo.org\/wp-content\/uploads\/2012\/10\/CST_ARC_Ciel-300x148.png\" alt=\"\" width=\"300\" height=\"148\" srcset=\"http:\/\/mtn-togo.org\/wp-content\/uploads\/2012\/10\/CST_ARC_Ciel-300x148.png 300w, http:\/\/mtn-togo.org\/wp-content\/uploads\/2012\/10\/CST_ARC_Ciel.png 505w\" sizes=\"(max-width: 300px) 100vw, 300px\" \/><\/a>Depuis plus de quatre (4) d\u00e9cennies, le peuple Togolais ploie sous la tyrannie d\u2019un r\u00e9gime dictatorial qui, dans son obstination \u00e0 se perp\u00e9tuer\u00a0 \u00e0 vie\u00a0 au pouvoir, n\u2019h\u00e9site pas \u00e0 utiliser massivement la fraude \u00e9lectorale et la violence d\u2019Etat. <!--more-->C\u2019est le m\u00eame sc\u00e9nario qui pointe \u00e0 l\u2019horizon pour les \u00e9lections l\u00e9gislatives et locales en perspective s\u2019il n\u2019y a pas une mobilisation g\u00e9n\u00e9rale pour dire non \u00e0 l\u2019imposture.<\/p>\n<p>En effet, le mercredi 24 octobre 2012, la Cour Constitutionnelle a fait pr\u00eater serment aux membres de la CENI mise en place de mani\u00e8re ill\u00e9gale par la majorit\u00e9 RPT\u00a0\/UNIR\u2013UFC qui s\u2019est attribu\u00e9e la quasi totalit\u00e9 des si\u00e8ges devant revenir \u00e0 l\u2019opposition malgr\u00e9 le toll\u00e9 g\u00e9n\u00e9ral.<\/p>\n<p>Cette prestation de serment n\u2019est que l\u2019acte un(1) du plan concoct\u00e9 par le couple RPT\u00a0\/UNIR-UFC pour embrigader la CENI. La prochaine \u00e9tape sera d\u2019exclure l\u2019opposition de toutes les CELI puis de tous les Comit\u00e9s de Listes et Cartes et de tous les Bureaux de Vote sur l\u2019ensemble du territoire national. Il est tout \u00e0 fait clair que des \u00e9lections organis\u00e9es dans ces conditions, sont perverties d\u2019avance et vont conduire le pays tout droit \u00e0 une grande catastrophe.<\/p>\n<p>Si nous laissons aboutir le complot mont\u00e9 par le pouvoir RPT\u00a0\/UNIR et son alli\u00e9 l\u2019UFC, les populations togolaises\u00a0vont connaitre des lendemains encore plus douloureux.<\/p>\n<p>Que vont devenir les jeunes, les \u00e9tudiants qui sortent des universit\u00e9s et des grandes \u00e9coles du Togo, si les conditions qui doivent ouvrir notre pays \u00e0 de gros investissements, ne sont pas r\u00e9unies, parce que les \u00e9lections continuent \u00e0 \u00eatre une mascarade ?<\/p>\n<p>Qu\u2019en sera-t-il des travailleurs qui n\u2019arrivent pas \u00e0 boucler les fins de mois, parce que leurs salaires et le pouvoir d\u2019achat, sont aujourd\u2019hui les plus bas de la sous r\u00e9gion?<\/p>\n<p>Qu\u2019adviendra-t-il de la situation des femmes togolaises qui supportent tout le poids de la famille quand le panier de la m\u00e9nag\u00e8re est d\u00e9j\u00e0 vide ?<\/p>\n<p>Quand est-ce que nos forces de l\u2019ordre auront l\u2019espoir de travailler dans des conditions descentes avec des primes de mission et d\u2019\u00e9loignement dignes du service qu\u2019ils sont appel\u00e9s \u00e0 rendre \u00e0 la Nation\u00a0?<\/p>\n<p>Et les paysans\u00a0? Et les populations des zones mini\u00e8res qui vivent une mis\u00e8re effroyable\u00a0?<\/p>\n<p>NON, NON et NON\u00a0!!!<\/p>\n<p>Nous devons stopper le plan machiav\u00e9lique que Faure\u00a0GNASSINGBE\u00a0et Gilchrist\u00a0OLYMPIO\u00a0ont \u00e9labor\u00e9 contre le souverain peuple togolais.<\/p>\n<p>Nous appelons donc chaque couche sociale, les jeunes, les \u00e9tudiants, les conducteurs de taxis et de taxi-motos, tous\u00a0 les travailleurs de tous les secteurs public et priv\u00e9, leurs syndicats, les Forces de l\u2019ordre et de s\u00e9curit\u00e9, les populations des villes et des campagnes \u00e0 s\u2019organiser pour une mobilisation g\u00e9n\u00e9rale.<\/p>\n<p>Le calendrier et les modalit\u00e9s de la mobilisation populaire seront annonc\u00e9s dans les tout prochains jours.<\/p>\n<p>Lorsque nous sommes opprim\u00e9s, brim\u00e9s et pers\u00e9cut\u00e9s, nous avons l\u2019imp\u00e9rieux devoir de nous battre avec foi pour briser les cha\u00eenes de l\u2019oppression.<\/p>\n<p>Lorsque toutes nos richesses sont accapar\u00e9es par un groupuscule, nous avons l\u2019imp\u00e9rieux devoir de nous lever pour d\u00e9fendre notre bien commun.<\/p>\n<p align=\"center\"><strong>Peuple togolais, par ta foi, ton courage et tes sacrifices, la Nation togolaise doit rena\u00eetre.<\/strong><\/p>\n<p align=\"center\"><strong>Peuple togolais, par ta foi, ton courage et tes sacrifices, la nation togolaise doit rena\u00eetre\u00a0!<\/strong><\/p>\n<p align=\"center\"><strong>Pour le Collectif,\u00a0\u00a0\u00a0\u00a0\u00a0\u00a0\u00a0\u00a0\u00a0\u00a0\u00a0\u00a0\u00a0\u00a0\u00a0\u00a0\u00a0\u00a0\u00a0\u00a0\u00a0\u00a0\u00a0\u00a0\u00a0\u00a0\u00a0\u00a0\u00a0\u00a0\u00a0\u00a0\u00a0\u00a0 \u00a0 \u00a0 \u00a0 \u00a0 \u00a0 \u00a0 \u00a0 \u00a0 \u00a0 <strong>Pour la Coalition ARC-EN-CIEL<\/strong><br \/>\n<\/strong><\/p>\n<p align=\"center\"><strong>Le Coordinateur\u00a0\u00a0\u00a0\u00a0\u00a0\u00a0\u00a0\u00a0\u00a0\u00a0\u00a0\u00a0\u00a0\u00a0\u00a0\u00a0\u00a0\u00a0\u00a0\u00a0\u00a0\u00a0\u00a0\u00a0\u00a0\u00a0\u00a0\u00a0\u00a0\u00a0\u00a0\u00a0\u00a0\u00a0\u00a0\u00a0\u00a0\u00a0\u00a0\u00a0\u00a0\u00a0\u00a0\u00a0\u00a0\u00a0\u00a0\u00a0\u00a0\u00a0\u00a0\u00a0 Le Pr\u00e9sident<\/strong><\/p>\n<p align=\"center\"><strong>Me Ata\u00a0Messan\u00a0Zeus\u00a0AJAVON\u00a0\u00a0\u00a0 \u00a0 \u00a0 \u00a0\u00a0 \u00a0 \u00a0 \u00a0\u00a0\u00a0 \u00a0 \u00a0 \u00a0 \u00a0 Me Paul Dodji\u00a0APEVON<\/strong><\/p>\n<\/div>\n<p><!--        < ?php   --><!--\t\tif ( arras_get_option('display_author') ) {  --><!--\t\t\tarras_post_aboutauthor();  --><!--\t\t}  --><!--        ?>  --><\/p>\n","protected":false},"excerpt":{"rendered":"<p>\u00a0APPEL A LA MOBILISATION\u00a0G\u00c9N\u00c9RALE (En r\u00e9ponse au d\u00e9fi lanc\u00e9 au peuple par la prestation de serment de la CENI ill\u00e9gale le 24 octobre 2012) \u00a0Depuis plus de quatre (4) d\u00e9cennies, le peuple Togolais ploie sous la tyrannie d\u2019un r\u00e9gime dictatorial qui, dans son obstination \u00e0 se perp\u00e9tuer\u00a0 \u00e0 vie\u00a0 au pouvoir, n\u2019h\u00e9site pas \u00e0 utiliser [&hellip;]<\/p>\n","protected":false},"author":7,"featured_media":0,"comment_status":"closed","ping_status":"open","sticky":false,"template":"","format":"standard","meta":[],"categories":[8,9,10],"tags":[102],"_links":{"self":[{"href":"http:\/\/mtn-togo.org\/index.php?rest_route=\/wp\/v2\/posts\/2172"}],"collection":[{"href":"http:\/\/mtn-togo.org\/index.php?rest_route=\/wp\/v2\/posts"}],"about":[{"href":"http:\/\/mtn-togo.org\/index.php?rest_route=\/wp\/v2\/types\/post"}],"author":[{"embeddable":true,"href":"http:\/\/mtn-togo.org\/index.php?rest_route=\/wp\/v2\/users\/7"}],"replies":[{"embeddable":true,"href":"http:\/\/mtn-togo.org\/index.php?rest_route=%2Fwp%2Fv2%2Fcomments&post=2172"}],"version-history":[{"count":2,"href":"http:\/\/mtn-togo.org\/index.php?rest_route=\/wp\/v2\/posts\/2172\/revisions"}],"predecessor-version":[{"id":2175,"href":"http:\/\/mtn-togo.org\/index.php?rest_route=\/wp\/v2\/posts\/2172\/revisions\/2175"}],"wp:attachment":[{"href":"http:\/\/mtn-togo.org\/index.php?rest_route=%2Fwp%2Fv2%2Fmedia&parent=2172"}],"wp:term":[{"taxonomy":"category","embeddable":true,"href":"http:\/\/mtn-togo.org\/index.php?rest_route=%2Fwp%2Fv2%2Fcategories&post=2172"},{"taxonomy":"post_tag","embeddable":true,"href":"http:\/\/mtn-togo.org\/index.php?rest_route=%2Fwp%2Fv2%2Ftags&post=2172"}],"curies":[{"name":"wp","href":"https:\/\/api.w.org\/{rel}","templated":true}]}}