{"id":2177,"date":"2012-10-29T23:05:30","date_gmt":"2012-10-30T04:05:30","guid":{"rendered":"http:\/\/mtn-togo.org\/?p=2177"},"modified":"2012-11-01T20:28:50","modified_gmt":"2012-11-02T01:28:50","slug":"jean-pierre-fabrepresident-de-lanc-invite-au-congres-du-parti-socialiste-francais-a-toulouse-en-france-les-images","status":"publish","type":"post","link":"http:\/\/mtn-togo.org\/?p=2177","title":{"rendered":"Jean-Pierre Fabre,pr\u00e9sident de l&#8217;ANC invit\u00e9 au congr\u00e8s du Parti Socialiste fran\u00e7ais \u00e0 Toulouse en France: Les images"},"content":{"rendered":"<p><a href=\"http:\/\/mtn-togo.org\/wp-content\/uploads\/2012\/10\/jp-fabre-congres-ps-toulouse9.jpg\"><img loading=\"lazy\" class=\"alignleft  wp-image-2178\" title=\"Jean-Pierre-Fabre-et le Premier ministre fran\u00e7ais Jean-Marc AYRAULT\" src=\"http:\/\/mtn-togo.org\/wp-content\/uploads\/2012\/10\/jp-fabre-congres-ps-toulouse9.jpg\" alt=\"\" width=\"500\" height=\"442\" \/><\/a>\u00a0 \u00c0 l&#8217; invitation \u00a0du Parti Socialiste fran\u00e7ais, une d\u00e9l\u00e9gation de l\u2019Alliance Nationale pour\u00a0le Changement (ANC)\u00a0 conduite par Jean-Pierre Fabre a pris part\u00a0\u00a0\u00a0les 26, 27 et 28 octobre 2012 \u00e0 Toulouse, au \u00a0congr\u00e8s du PS au pouvoir\u00a0en France.<!--more-->\u00a0La d\u00e9l\u00e9gation de l\u2019ANC\u00a0 comprenait \u00e9galement Ma\u00eetre Isabelle AMEGANVI, 2<sup>\u00e8me<\/sup>\u00a0vice pr\u00e9sidente, et monsieur Camille Lawson-Body, pr\u00e9sident de Synergie Togo.<\/p>\n<p>Le pr\u00e9sident de l&#8217;ANC\u00a0a eu un cahier de rencontre tr\u00e8s charg\u00e9. Sollicit\u00e9 un peu partout, il\u00a0a\u00a0 eu de nombreux contacts avec plusieurs personnalit\u00e9s politiques\u00a0\u00a0 fran\u00e7aises notamment\u00a0\u00a0 les responsables du Parti Socialiste , de l\u2019Assembl\u00e9e Nationale et du gouvernement. On pouvait noter les rencontres avec le Premier ministre fran\u00e7ais,monsieur Jean-Marc AYRAULT\u00a0; le ministre des Affaires \u00e9trang\u00e8res, Laurent Fabuis; le ministre de l&#8217;\u00c9conomie et des\u00a0 finances, Pierre Moscovici; le nouveau\u00a0Premier\u00a0 secr\u00e9taire du Parti Socialiste, Harlem\u00a0D\u00e9sir; le pr\u00e9sident de l&#8217;Assembl\u00e9e nationale, Claude Bartolone\u00a0;le ministre de l&#8217;Int\u00e9rieur\u00a0Manuel Valls,\u00a0le Maire de la ville de Paris, \u00a0les personalit\u00e9s du \u00a0milieux d&#8217;affaire, des intellectuels de renom \u00a0etc&#8230;.<\/p>\n<p>Cet accueil chaleureux \u00e0 Jean-Pierre Fabre, le leader de l&#8217;opposition togolaise, traduit de la part des autorit\u00e9s politiques\u00a0 fran\u00e7aises \u00a0\u00a0une \u00a0certaine reconnaissance et une marque de sympathie et d&#8217;\u00e9coute\u00a0favorable \u00a0\u00e0 la lutte du\u00a0Peuple togolais pour l&#8217;alternance et\u00a0le changement.\u00a0<\/p>\n<p>Les lignes commencent par bouger\u00a0, ce qui \u00a0augure des lendemains meilleurs pour le Togo et tant mieux pour le Peuple togolais qui lutte depuis bient\u00f4t 50 ans pour le changement\u00a0 l&#8217;alternance et la d\u00e9mocratie<\/p>\n<p>Vicentey Ben Polar <a href=\"http:\/\/www.mtn-togo.org\/\">www.mtn-togo.org<\/a><\/p>\n<p>Les images<\/p>\n<p><a href=\"http:\/\/mtn-togo.org\/wp-content\/uploads\/2012\/10\/jp-fabre-harlem-desir-ps.jpg\"><img loading=\"lazy\" class=\"alignleft  wp-image-2179\" title=\"jp-fabre-harlem-desir-Premier secretaire du PS\" src=\"http:\/\/mtn-togo.org\/wp-content\/uploads\/2012\/10\/jp-fabre-harlem-desir-ps.jpg\" alt=\"\" width=\"590\" height=\"442\" \/><\/a><a href=\"http:\/\/mtn-togo.org\/wp-content\/uploads\/2012\/10\/jp-fabre-congres-ps-toulouse8.jpg\"><img loading=\"lazy\" class=\"alignleft  wp-image-2180\" title=\"Jean-Pierre Fabre et Fran\u00e7ois Rebsamen,maire de Dijon pr\u00e9sident du groupe socialiste au S\u00e9nat \" src=\"http:\/\/mtn-togo.org\/wp-content\/uploads\/2012\/10\/jp-fabre-congres-ps-toulouse8-300x224.jpg\" alt=\"\" width=\"590\" height=\"442\" srcset=\"http:\/\/mtn-togo.org\/wp-content\/uploads\/2012\/10\/jp-fabre-congres-ps-toulouse8-300x224.jpg 300w, http:\/\/mtn-togo.org\/wp-content\/uploads\/2012\/10\/jp-fabre-congres-ps-toulouse8.jpg 590w\" sizes=\"(max-width: 590px) 100vw, 590px\" \/><\/a><a href=\"http:\/\/mtn-togo.org\/wp-content\/uploads\/2012\/10\/jp-fabre-congres-ps-toulouse1.jpg\"><img loading=\"lazy\" class=\"alignleft  wp-image-2181\" title=\"jp-fabre-congres-ps-toulouse et Laurent_fabuis,ministre des Affaires \u00e9trang\u00e8res\" src=\"http:\/\/mtn-togo.org\/wp-content\/uploads\/2012\/10\/jp-fabre-congres-ps-toulouse1-225x300.jpg\" alt=\"\" width=\"590\" height=\"442\" \/><\/a><a href=\"http:\/\/mtn-togo.org\/wp-content\/uploads\/2012\/10\/jp-fabre-congres-ps-toulouse2.jpg\"><img loading=\"lazy\" class=\"alignleft size-medium wp-image-2182\" title=\"jp-fabre-congres-ps-toulouse2\" src=\"http:\/\/mtn-togo.org\/wp-content\/uploads\/2012\/10\/jp-fabre-congres-ps-toulouse2-300x224.jpg\" alt=\"\" width=\"590\" height=\"442\" srcset=\"http:\/\/mtn-togo.org\/wp-content\/uploads\/2012\/10\/jp-fabre-congres-ps-toulouse2-300x224.jpg 300w, http:\/\/mtn-togo.org\/wp-content\/uploads\/2012\/10\/jp-fabre-congres-ps-toulouse2.jpg 590w\" sizes=\"(max-width: 590px) 100vw, 590px\" \/><\/a><a href=\"http:\/\/mtn-togo.org\/wp-content\/uploads\/2012\/10\/jp-fabre-congres-ps-toulouse3.jpg\"><img loading=\"lazy\" class=\"alignleft  wp-image-2183\" title=\"Jean-Pierre Fabre et le pr\u00e9sident de l'Assembl\u00e9e nationale fran\u00e7aise: Claude Bartolone \" src=\"http:\/\/mtn-togo.org\/wp-content\/uploads\/2012\/10\/jp-fabre-congres-ps-toulouse3-300x224.jpg\" alt=\"\" width=\"590\" height=\"442\" srcset=\"http:\/\/mtn-togo.org\/wp-content\/uploads\/2012\/10\/jp-fabre-congres-ps-toulouse3-300x224.jpg 300w, http:\/\/mtn-togo.org\/wp-content\/uploads\/2012\/10\/jp-fabre-congres-ps-toulouse3.jpg 590w\" sizes=\"(max-width: 590px) 100vw, 590px\" \/><\/a><a href=\"http:\/\/mtn-togo.org\/wp-content\/uploads\/2012\/10\/jp-fabre-congres-ps-toulouse5.jpg\"><img loading=\"lazy\" class=\"alignleft  wp-image-2185\" title=\"jp-fabre-congres-ps-toulouse5\" src=\"http:\/\/mtn-togo.org\/wp-content\/uploads\/2012\/10\/jp-fabre-congres-ps-toulouse5-300x224.jpg\" alt=\"\" width=\"590\" height=\"442\" srcset=\"http:\/\/mtn-togo.org\/wp-content\/uploads\/2012\/10\/jp-fabre-congres-ps-toulouse5-300x224.jpg 300w, http:\/\/mtn-togo.org\/wp-content\/uploads\/2012\/10\/jp-fabre-congres-ps-toulouse5.jpg 590w\" sizes=\"(max-width: 590px) 100vw, 590px\" \/><\/a><\/p>\n<p><a href=\"http:\/\/mtn-togo.org\/wp-content\/uploads\/2012\/10\/jp-fabre-congres-ps-toulouse6.jpg\"><img loading=\"lazy\" class=\"alignleft  wp-image-2186\" title=\"jp-fabre-congres-ps-toulouse6\" src=\"http:\/\/mtn-togo.org\/wp-content\/uploads\/2012\/10\/jp-fabre-congres-ps-toulouse6-300x224.jpg\" alt=\"\" width=\"590\" height=\"442\" srcset=\"http:\/\/mtn-togo.org\/wp-content\/uploads\/2012\/10\/jp-fabre-congres-ps-toulouse6-300x224.jpg 300w, http:\/\/mtn-togo.org\/wp-content\/uploads\/2012\/10\/jp-fabre-congres-ps-toulouse6.jpg 590w\" sizes=\"(max-width: 590px) 100vw, 590px\" \/><\/a><a href=\"http:\/\/mtn-togo.org\/wp-content\/uploads\/2012\/10\/jp-fabre-congres-ps-toulouse7.jpg\"><img loading=\"lazy\" class=\"alignleft  wp-image-2187\" title=\"jp-fabre-congres-ps-toulouse7\" src=\"http:\/\/mtn-togo.org\/wp-content\/uploads\/2012\/10\/jp-fabre-congres-ps-toulouse7-300x224.jpg\" alt=\"\" width=\"590\" height=\"442\" srcset=\"http:\/\/mtn-togo.org\/wp-content\/uploads\/2012\/10\/jp-fabre-congres-ps-toulouse7-300x224.jpg 300w, http:\/\/mtn-togo.org\/wp-content\/uploads\/2012\/10\/jp-fabre-congres-ps-toulouse7.jpg 590w\" sizes=\"(max-width: 590px) 100vw, 590px\" \/><\/a><a href=\"http:\/\/mtn-togo.org\/wp-content\/uploads\/2012\/10\/jp-fabre-congres-ps-toulouse81.jpg\"><img loading=\"lazy\" class=\"alignleft  wp-image-2188\" title=\"jp-fabre-congres-ps-toulouse8\" src=\"http:\/\/mtn-togo.org\/wp-content\/uploads\/2012\/10\/jp-fabre-congres-ps-toulouse81-300x224.jpg\" alt=\"\" width=\"590\" height=\"442\" srcset=\"http:\/\/mtn-togo.org\/wp-content\/uploads\/2012\/10\/jp-fabre-congres-ps-toulouse81-300x224.jpg 300w, http:\/\/mtn-togo.org\/wp-content\/uploads\/2012\/10\/jp-fabre-congres-ps-toulouse81.jpg 590w\" sizes=\"(max-width: 590px) 100vw, 590px\" \/><\/a><a href=\"http:\/\/mtn-togo.org\/wp-content\/uploads\/2012\/10\/jp-fabre-congres-ps-toulouse10.jpg\"><img loading=\"lazy\" class=\"alignleft  wp-image-2189\" title=\"jp-fabre-congres-ps-toulouse10\" src=\"http:\/\/mtn-togo.org\/wp-content\/uploads\/2012\/10\/jp-fabre-congres-ps-toulouse10-300x224.jpg\" alt=\"\" width=\"590\" height=\"442\" srcset=\"http:\/\/mtn-togo.org\/wp-content\/uploads\/2012\/10\/jp-fabre-congres-ps-toulouse10-300x224.jpg 300w, http:\/\/mtn-togo.org\/wp-content\/uploads\/2012\/10\/jp-fabre-congres-ps-toulouse10.jpg 590w\" sizes=\"(max-width: 590px) 100vw, 590px\" \/><\/a><a href=\"http:\/\/mtn-togo.org\/wp-content\/uploads\/2012\/10\/jp-fabre-congres-ps-toulouse11.jpg\"><img loading=\"lazy\" class=\"alignleft  wp-image-2190\" title=\"jp-fabre-congres-ps-toulouse11\" src=\"http:\/\/mtn-togo.org\/wp-content\/uploads\/2012\/10\/jp-fabre-congres-ps-toulouse11-300x224.jpg\" alt=\"\" width=\"590\" height=\"442\" srcset=\"http:\/\/mtn-togo.org\/wp-content\/uploads\/2012\/10\/jp-fabre-congres-ps-toulouse11-300x224.jpg 300w, http:\/\/mtn-togo.org\/wp-content\/uploads\/2012\/10\/jp-fabre-congres-ps-toulouse11.jpg 590w\" sizes=\"(max-width: 590px) 100vw, 590px\" \/><\/a><a href=\"http:\/\/mtn-togo.org\/wp-content\/uploads\/2012\/10\/jp-fabre-congres-ps-toulouse12.jpg\"><img loading=\"lazy\" class=\"alignleft  wp-image-2191\" title=\"jp-fabre-et le ministre de l'\u00c9conomie et des finances, Pierre Moscovici\" src=\"http:\/\/mtn-togo.org\/wp-content\/uploads\/2012\/10\/jp-fabre-congres-ps-toulouse12-300x224.jpg\" alt=\"\" width=\"590\" height=\"442\" srcset=\"http:\/\/mtn-togo.org\/wp-content\/uploads\/2012\/10\/jp-fabre-congres-ps-toulouse12-300x224.jpg 300w, http:\/\/mtn-togo.org\/wp-content\/uploads\/2012\/10\/jp-fabre-congres-ps-toulouse12.jpg 590w\" sizes=\"(max-width: 590px) 100vw, 590px\" \/><\/a><a href=\"http:\/\/mtn-togo.org\/wp-content\/uploads\/2012\/10\/jp-fabre-congres-ps-toulouse14.jpg\"><img loading=\"lazy\" class=\"alignleft  wp-image-2192\" title=\"jp-fabre-et le nouveau secretaire du PS, Harlem D\u00e9sir\" src=\"http:\/\/mtn-togo.org\/wp-content\/uploads\/2012\/10\/jp-fabre-congres-ps-toulouse14-300x224.jpg\" alt=\"\" width=\"590\" height=\"442\" srcset=\"http:\/\/mtn-togo.org\/wp-content\/uploads\/2012\/10\/jp-fabre-congres-ps-toulouse14-300x224.jpg 300w, http:\/\/mtn-togo.org\/wp-content\/uploads\/2012\/10\/jp-fabre-congres-ps-toulouse14.jpg 590w\" sizes=\"(max-width: 590px) 100vw, 590px\" \/><\/a><a href=\"http:\/\/mtn-togo.org\/wp-content\/uploads\/2012\/10\/Jean-Pierre-Fabre-et-Manuel-Valls-Ministre-de-lint\u00e9rieur.jpg\"><img loading=\"lazy\" class=\"alignleft size-full wp-image-2207\" title=\"Jean-Pierre Fabre et Manuel Valls, Ministre de l'int\u00e9rieur\" src=\"http:\/\/mtn-togo.org\/wp-content\/uploads\/2012\/10\/Jean-Pierre-Fabre-et-Manuel-Valls-Ministre-de-lint\u00e9rieur.jpg\" alt=\"\" width=\"590\" height=\"442\" srcset=\"http:\/\/mtn-togo.org\/wp-content\/uploads\/2012\/10\/Jean-Pierre-Fabre-et-Manuel-Valls-Ministre-de-lint\u00e9rieur.jpg 590w, http:\/\/mtn-togo.org\/wp-content\/uploads\/2012\/10\/Jean-Pierre-Fabre-et-Manuel-Valls-Ministre-de-lint\u00e9rieur-300x224.jpg 300w\" sizes=\"(max-width: 590px) 100vw, 590px\" \/><\/a><a href=\"http:\/\/mtn-togo.org\/wp-content\/uploads\/2012\/10\/Jean-Pierre-Fabre-et-Beno\u00eet-HamonMinistre-d\u00e9l\u00e9gu\u00e9-charg\u00e9-de-l\u00e9conomie-socaile-et-solidaire.jpg\"><img loading=\"lazy\" class=\"alignleft  wp-image-2208\" title=\"Jean-Pierre Fabre et Beno\u00eet Hamon,Ministre d\u00e9l\u00e9gu\u00e9 charg\u00e9 de l'\u00e9conomie socaile et solidaire\" src=\"http:\/\/mtn-togo.org\/wp-content\/uploads\/2012\/10\/Jean-Pierre-Fabre-et-Beno\u00eet-HamonMinistre-d\u00e9l\u00e9gu\u00e9-charg\u00e9-de-l\u00e9conomie-socaile-et-solidaire-300x224.jpg\" alt=\"\" width=\"590\" height=\"442\" srcset=\"http:\/\/mtn-togo.org\/wp-content\/uploads\/2012\/10\/Jean-Pierre-Fabre-et-Beno\u00eet-HamonMinistre-d\u00e9l\u00e9gu\u00e9-charg\u00e9-de-l\u00e9conomie-socaile-et-solidaire-300x224.jpg 300w, http:\/\/mtn-togo.org\/wp-content\/uploads\/2012\/10\/Jean-Pierre-Fabre-et-Beno\u00eet-HamonMinistre-d\u00e9l\u00e9gu\u00e9-charg\u00e9-de-l\u00e9conomie-socaile-et-solidaire.jpg 590w\" sizes=\"(max-width: 590px) 100vw, 590px\" \/><\/a><a href=\"http:\/\/mtn-togo.org\/wp-content\/uploads\/2012\/10\/Jean-Pierre-Fabre-et-le-Maire-de-la-ville-de-Paris-Bertrand-Delano\u00e9.jpg\"><img loading=\"lazy\" class=\"alignleft size-full wp-image-2210\" title=\"Jean-Pierre Fabre et le Maire de la ville de Paris , Bertrand Delano\u00e9\" src=\"http:\/\/mtn-togo.org\/wp-content\/uploads\/2012\/10\/Jean-Pierre-Fabre-et-le-Maire-de-la-ville-de-Paris-Bertrand-Delano\u00e9.jpg\" alt=\"\" width=\"590\" height=\"442\" srcset=\"http:\/\/mtn-togo.org\/wp-content\/uploads\/2012\/10\/Jean-Pierre-Fabre-et-le-Maire-de-la-ville-de-Paris-Bertrand-Delano\u00e9.jpg 590w, http:\/\/mtn-togo.org\/wp-content\/uploads\/2012\/10\/Jean-Pierre-Fabre-et-le-Maire-de-la-ville-de-Paris-Bertrand-Delano\u00e9-300x224.jpg 300w\" sizes=\"(max-width: 590px) 100vw, 590px\" \/><\/a><\/p>\n","protected":false},"excerpt":{"rendered":"<p>\u00a0 \u00c0 l&#8217; invitation \u00a0du Parti Socialiste fran\u00e7ais, une d\u00e9l\u00e9gation de l\u2019Alliance Nationale pour\u00a0le Changement (ANC)\u00a0 conduite par Jean-Pierre Fabre a pris part\u00a0\u00a0\u00a0les 26, 27 et 28 octobre 2012 \u00e0 Toulouse, au \u00a0congr\u00e8s du PS au pouvoir\u00a0en France.<\/p>\n","protected":false},"author":7,"featured_media":0,"comment_status":"closed","ping_status":"open","sticky":false,"template":"","format":"standard","meta":[],"categories":[1],"tags":[103],"_links":{"self":[{"href":"http:\/\/mtn-togo.org\/index.php?rest_route=\/wp\/v2\/posts\/2177"}],"collection":[{"href":"http:\/\/mtn-togo.org\/index.php?rest_route=\/wp\/v2\/posts"}],"about":[{"href":"http:\/\/mtn-togo.org\/index.php?rest_route=\/wp\/v2\/types\/post"}],"author":[{"embeddable":true,"href":"http:\/\/mtn-togo.org\/index.php?rest_route=\/wp\/v2\/users\/7"}],"replies":[{"embeddable":true,"href":"http:\/\/mtn-togo.org\/index.php?rest_route=%2Fwp%2Fv2%2Fcomments&post=2177"}],"version-history":[{"count":13,"href":"http:\/\/mtn-togo.org\/index.php?rest_route=\/wp\/v2\/posts\/2177\/revisions"}],"predecessor-version":[{"id":2217,"href":"http:\/\/mtn-togo.org\/index.php?rest_route=\/wp\/v2\/posts\/2177\/revisions\/2217"}],"wp:attachment":[{"href":"http:\/\/mtn-togo.org\/index.php?rest_route=%2Fwp%2Fv2%2Fmedia&parent=2177"}],"wp:term":[{"taxonomy":"category","embeddable":true,"href":"http:\/\/mtn-togo.org\/index.php?rest_route=%2Fwp%2Fv2%2Fcategories&post=2177"},{"taxonomy":"post_tag","embeddable":true,"href":"http:\/\/mtn-togo.org\/index.php?rest_route=%2Fwp%2Fv2%2Ftags&post=2177"}],"curies":[{"name":"wp","href":"https:\/\/api.w.org\/{rel}","templated":true}]}}