{"id":2232,"date":"2012-11-06T15:16:35","date_gmt":"2012-11-06T21:16:35","guid":{"rendered":"http:\/\/mtn-togo.org\/?p=2232"},"modified":"2012-11-06T19:40:06","modified_gmt":"2012-11-07T01:40:06","slug":"elections-presidentielles-aux-etats-unis-barack-obama-reelu-pour-un-mandat-de-4-ans","status":"publish","type":"post","link":"http:\/\/mtn-togo.org\/?p=2232","title":{"rendered":"Elections Pr\u00e9sidentielles aux  Etats-Unis: Barack Obama r\u00e9\u00e9lu pour un mandat de 4 ans"},"content":{"rendered":"<p><a href=\"http:\/\/mtn-togo.org\/wp-content\/uploads\/2012\/11\/Barack_Obama_pr\u00e9sident_\u00c9tats-Unis.jpg\"><img loading=\"lazy\" class=\"alignleft size-full wp-image-2237\" title=\"Barack_Obama_pr\u00e9sident_\u00c9tats-Unis\" src=\"http:\/\/mtn-togo.org\/wp-content\/uploads\/2012\/11\/Barack_Obama_pr\u00e9sident_\u00c9tats-Unis.jpg\" alt=\"\" width=\"290\" height=\"174\" \/><\/a>Selon les premi\u00e8res\u00a0projections issues des urnes et les premiers\u00a0recoupements\u00a0de l&#8217; \u00e9quipe\u00a0technique du MTN\u00a0qui suit de pr\u00e8s\u00a0les \u00e9lections\u00a0aux Etats-Unis, le MTN\u00a0est en mesure\u00a0d&#8217;annoncer avant toutes les grandes cha\u00eenes\u00a0am\u00e9ricaines\u00a0la r\u00e9\u00e9lection\u00a0du pr\u00e9sident\u00a0Barack\u00a0Obama pour un mandat de 4 ans.<!--more-->Il a battu le candidat r\u00e9publicain \u00e0 l&#8217;arrach\u00e9e\u00a0 par un score tr\u00e8s serr\u00e9 de 51 % des suffrages\u00a0exprim\u00e9s.La campagne a \u00e9t\u00e9 dure pour\u00a0Obama\u00a0surtout apr\u00e8s\u00a0le premier d\u00e9bat\u00a0qu&#8217;il a rat\u00e9\u00a0face a son challenger\u00a0r\u00e9publicain\u00a0Mitt\u00a0Romney. Les grandes lignes de la politique de Barack\u00a0Obama\u00a0ont fini par convaincre les am\u00e9ricains\u00a0de lui donner un deuxi\u00e8me\u00a0mandat: l&#8217;assurance sant\u00e9\u00a0pour tous (Obama\u00a0care), l&#8217;accessibilit\u00e9\u00a0\u00e0 \u00a0l&#8217;\u00e9ducation, la reprise \u00e9conomique avec l&#8217;intervention\u00a0massive de l&#8217;\u00c9tat\u00a0, la fin programm\u00e9e\u00a0de la guerre en Irak et en Afganistan, la lutte contre le terrorisme\u00a0avec l&#8217;\u00e9limination\u00a0de Ben Laden, l&#8217;approche tr\u00e8s diplomatique des questions internationales &#8230;etc.<\/p>\n<p>Un terrain\u00a0sur lequel \u00a0l&#8217;homme\u00a0\u00a0le plus puissant au monde a de\u00e7u\u00a0 demeure \u00a0la question africaine . On attend de ce deuxi\u00e8me mandat plus d&#8217;engagement au service de l&#8217;Afrique\u00a0de celui\u00a0dont le p\u00e8re est issu du continent noir.<\/p>\n<p>Vincentey Ben Polar <a href=\"http:\/\/www.mtn-togo.org\/\">www.mtn-togo.org<\/a><\/p>\n","protected":false},"excerpt":{"rendered":"<p>Selon les premi\u00e8res\u00a0projections issues des urnes et les premiers\u00a0recoupements\u00a0de l&#8217; \u00e9quipe\u00a0technique du MTN\u00a0qui suit de pr\u00e8s\u00a0les \u00e9lections\u00a0aux Etats-Unis, le MTN\u00a0est en mesure\u00a0d&#8217;annoncer avant toutes les grandes cha\u00eenes\u00a0am\u00e9ricaines\u00a0la r\u00e9\u00e9lection\u00a0du pr\u00e9sident\u00a0Barack\u00a0Obama pour un mandat de 4 ans.<\/p>\n","protected":false},"author":7,"featured_media":0,"comment_status":"closed","ping_status":"open","sticky":false,"template":"","format":"standard","meta":[],"categories":[1],"tags":[106,107],"_links":{"self":[{"href":"http:\/\/mtn-togo.org\/index.php?rest_route=\/wp\/v2\/posts\/2232"}],"collection":[{"href":"http:\/\/mtn-togo.org\/index.php?rest_route=\/wp\/v2\/posts"}],"about":[{"href":"http:\/\/mtn-togo.org\/index.php?rest_route=\/wp\/v2\/types\/post"}],"author":[{"embeddable":true,"href":"http:\/\/mtn-togo.org\/index.php?rest_route=\/wp\/v2\/users\/7"}],"replies":[{"embeddable":true,"href":"http:\/\/mtn-togo.org\/index.php?rest_route=%2Fwp%2Fv2%2Fcomments&post=2232"}],"version-history":[{"count":7,"href":"http:\/\/mtn-togo.org\/index.php?rest_route=\/wp\/v2\/posts\/2232\/revisions"}],"predecessor-version":[{"id":2235,"href":"http:\/\/mtn-togo.org\/index.php?rest_route=\/wp\/v2\/posts\/2232\/revisions\/2235"}],"wp:attachment":[{"href":"http:\/\/mtn-togo.org\/index.php?rest_route=%2Fwp%2Fv2%2Fmedia&parent=2232"}],"wp:term":[{"taxonomy":"category","embeddable":true,"href":"http:\/\/mtn-togo.org\/index.php?rest_route=%2Fwp%2Fv2%2Fcategories&post=2232"},{"taxonomy":"post_tag","embeddable":true,"href":"http:\/\/mtn-togo.org\/index.php?rest_route=%2Fwp%2Fv2%2Ftags&post=2232"}],"curies":[{"name":"wp","href":"https:\/\/api.w.org\/{rel}","templated":true}]}}