{"id":2244,"date":"2012-11-07T08:06:54","date_gmt":"2012-11-07T14:06:54","guid":{"rendered":"http:\/\/mtn-togo.org\/?p=2244"},"modified":"2012-11-07T19:01:13","modified_gmt":"2012-11-08T01:01:13","slug":"pourquoi-king-mensah-nenleve-jamais-son-chapeau","status":"publish","type":"post","link":"http:\/\/mtn-togo.org\/?p=2244","title":{"rendered":"Pourquoi King Mensah n\u2019enl\u00e8ve jamais son chapeau ?"},"content":{"rendered":"<p><a href=\"http:\/\/mtn-togo.org\/wp-content\/uploads\/2012\/11\/king-mensah2.jpg\"><img loading=\"lazy\" class=\"alignleft size-full wp-image-2245\" title=\"king-mensah2\" src=\"http:\/\/mtn-togo.org\/wp-content\/uploads\/2012\/11\/king-mensah2.jpg\" alt=\"\" width=\"385\" height=\"266\" srcset=\"http:\/\/mtn-togo.org\/wp-content\/uploads\/2012\/11\/king-mensah2.jpg 385w, http:\/\/mtn-togo.org\/wp-content\/uploads\/2012\/11\/king-mensah2-300x207.jpg 300w\" sizes=\"(max-width: 385px) 100vw, 385px\" \/><\/a>L\u2019artiste de la chanson togolaise vient de boucler une tourn\u00e9e europ\u00e9enne bien r\u00e9ussie et laisse comme toujours un mythe aux nombreux fans de la diaspora et aussi du pays\u00a0: Le maintien du chapeau sur la t\u00eate.<\/p>\n<p><!--more-->Lorsque vous parcourez les images, les photos et m\u00eame lorsque vous avez l\u2019occasion de rencontrer l\u2019artiste de la chanson togolaise, il est ind\u00e9niable de constater que l\u2019homme ne laisse jamais tomber son chapeau. Sur sc\u00e8ne pendant des heures, rencontres avec les autorit\u00e9s, m\u00eame les plus \u00e9minentes, \u00e0 la maison comme en voiture, bref partout o\u00f9 il est visible, Papavi, alias King\u00a0Mensah a toujours sa casquette ou sa couronne de Roi d\u2019Afrique\u00a0: <strong><em>\u00ab Je suis all\u00e9 chez King jusqu\u2019\u00e0 la maison, trois fois de suite, je n\u2019ai jamais vu sa t\u00eate. Il avait toutes les fois, le chapeau\u00a0\u00bb<\/em><\/strong>\u00a0nous a\u00a0d\u00e9clar\u00e9 un togolais de la diaspora bas\u00e9 \u00e0 Paris. <strong><em>\u00ab\u00a0Moi, j\u2019ai \u00e9t\u00e9 d\u00e9pass\u00e9 par cette marque et je suis all\u00e9 chercher ses photos dans Google, sur toutes les photos, il avait le chapeau ou la couronne, c\u2019est bizarre\u00bb<\/em><\/strong>\u00a0nous a\u00a0confi\u00e9 un autre. Le constat est que King n\u2019\u00f4te pas sa couronne m\u00eame avec les ambassadeurs, les ministres et autres. Il ne le fera pas m\u00eame avec les Chefs d\u2019Etats.<\/p>\n<p>D\u2019apr\u00e8s ses proches, c\u2019est aussi sa marque, son style, son look\u00a0qui l\u2019identifient et qui font sa particularit\u00e9. Tout comme C\u00e9saria Evora qui est identifi\u00e9e comme la diva aux pieds nus, de m\u00eame pour Yannick\u00a0NOAH qui vient sur sc\u00e8ne et sur les plateaux de t\u00e9l\u00e9vision les pieds nus ou encore la c\u00e9l\u00e8bre Rihanna qui adore expos\u00e9 certaines parties intimes de son corps.<\/p>\n<p>Remarqu\u00e9 comme artiste typiquement fix\u00e9 sur les traditions africaines, d\u2019autres interpr\u00e8tent ce tic comme un pouvoir magique qui lui permet d\u2019avoir de l\u2019inspiration et de mettre les foules en liesses quand il est sur sc\u00e8ne. Et que dire donc du tr\u00f4ne royal qu\u2019on lui apporte sur sc\u00e8ne chaque fois qu\u2019il offre un concert g\u00e9ant\u00a0? Tout cela devrait avoir un sens. Lui-m\u00eame en rigole chaque fois qu\u2019on lui pose la question.<\/p>\n<p>Pour les plus critiques, on trouve logique qu\u2019une personne qui ne laisse pas voir sa t\u00eate nue devrait avoir une d\u00e9formation \u00e0 cacher au niveau de la t\u00eate. Et pour quelqu\u2019un comme King\u00a0Mensah, il faut encore suivre de pr\u00e8s l\u2019artiste et occulter ce myst\u00e8re aupr\u00e8s des personnes les plus proches pour savoir la v\u00e9rit\u00e9 sur le myst\u00e8re du chapeau de King\u00a0Mensah.<\/p>\n<p>Les stars ont toujours de ces mythes \u00e0 faire r\u00eaver leurs admirateurs.<\/p>\n<p>Affaire \u00e0 suivre\u2026<\/p>\n<p><strong><em>Sahah-Jennifer\u00a0\u00a0\u00a0\u00a0\u00a0\u00a0\u00a0\u00a0\u00a0\u00a0\u00a0\u00a0\u00a0\u00a0\u00a0\u00a0\u00a0 <\/em><\/strong><strong><em>L&#8217;Express Ind\u00e9pendant <\/em><\/strong><\/p>\n","protected":false},"excerpt":{"rendered":"<p>L\u2019artiste de la chanson togolaise vient de boucler une tourn\u00e9e europ\u00e9enne bien r\u00e9ussie et laisse comme toujours un mythe aux nombreux fans de la diaspora et aussi du pays\u00a0: Le maintien du chapeau sur la t\u00eate.<\/p>\n","protected":false},"author":7,"featured_media":0,"comment_status":"closed","ping_status":"open","sticky":false,"template":"","format":"standard","meta":[],"categories":[1],"tags":[108],"_links":{"self":[{"href":"http:\/\/mtn-togo.org\/index.php?rest_route=\/wp\/v2\/posts\/2244"}],"collection":[{"href":"http:\/\/mtn-togo.org\/index.php?rest_route=\/wp\/v2\/posts"}],"about":[{"href":"http:\/\/mtn-togo.org\/index.php?rest_route=\/wp\/v2\/types\/post"}],"author":[{"embeddable":true,"href":"http:\/\/mtn-togo.org\/index.php?rest_route=\/wp\/v2\/users\/7"}],"replies":[{"embeddable":true,"href":"http:\/\/mtn-togo.org\/index.php?rest_route=%2Fwp%2Fv2%2Fcomments&post=2244"}],"version-history":[{"count":9,"href":"http:\/\/mtn-togo.org\/index.php?rest_route=\/wp\/v2\/posts\/2244\/revisions"}],"predecessor-version":[{"id":2253,"href":"http:\/\/mtn-togo.org\/index.php?rest_route=\/wp\/v2\/posts\/2244\/revisions\/2253"}],"wp:attachment":[{"href":"http:\/\/mtn-togo.org\/index.php?rest_route=%2Fwp%2Fv2%2Fmedia&parent=2244"}],"wp:term":[{"taxonomy":"category","embeddable":true,"href":"http:\/\/mtn-togo.org\/index.php?rest_route=%2Fwp%2Fv2%2Fcategories&post=2244"},{"taxonomy":"post_tag","embeddable":true,"href":"http:\/\/mtn-togo.org\/index.php?rest_route=%2Fwp%2Fv2%2Ftags&post=2244"}],"curies":[{"name":"wp","href":"https:\/\/api.w.org\/{rel}","templated":true}]}}