{"id":2264,"date":"2012-11-12T09:27:03","date_gmt":"2012-11-12T15:27:03","guid":{"rendered":"http:\/\/mtn-togo.org\/?p=2264"},"modified":"2012-11-12T09:27:03","modified_gmt":"2012-11-12T15:27:03","slug":"sur-le-vol-air-france-king-mensah-a-devoile-le-secret-de-son-chapeau","status":"publish","type":"post","link":"http:\/\/mtn-togo.org\/?p=2264","title":{"rendered":"Sur le Vol Air France, King Mensah a d\u00e9voil\u00e9 le secret de son chapeau"},"content":{"rendered":"<p><a href=\"http:\/\/mtn-togo.org\/wp-content\/uploads\/2012\/11\/king_Mensah_et_Carlos_Ketohou_sur_-un_-vol_air_France.png\"><img loading=\"lazy\" class=\"alignleft size-full wp-image-2265\" title=\"king_Mensah_et_Carlos_Ketohou_sur_ un_ vol_air_France\" src=\"http:\/\/mtn-togo.org\/wp-content\/uploads\/2012\/11\/king_Mensah_et_Carlos_Ketohou_sur_-un_-vol_air_France.png\" alt=\"\" width=\"300\" height=\"226\" \/><\/a>King\u00a0Mensah a ot\u00e9 son chapeau et m\u2019a montr\u00e9 sa t\u00eate dans l\u2019avion suite au r\u00e9cent d\u00e9bat sur le sujet. <!--more-->Il y a une semaine, nous publions un article qui exprime les interrogations des fans de l\u2019artiste de la chanson togolaise\u00a0 sur son attachement au chapeau. Beaucoup de r\u00e9actions ont \u00e9t\u00e9 enregistr\u00e9es sur cette question, surtout que la remarque est incontestable.<\/p>\n<p>Comme par providence, nous avons rencontr\u00e9 King sur le vol Air France\u00a0 ce vendredi \u00e0 destination de Lom\u00e9. Br\u00e8ve pr\u00e9sentation et relance du d\u00e9bat sur le chapeau\u00a0: \u00ab\u00a0 ah, c\u2019est toi qui a \u00e9crit\u00a0?\u00a0\u00bbDans son\u00a0 large sourire l\u00e9gendaire, Papavi\u00a0ote\u00a0son chapeau pour r\u00e9pondre \u00e0 nos lecteurs\u00a0: \u00ab\u00a0regarde, je n\u2019ai rien sur la t\u00eate, je ne cache rien du tout, laisse les gens faire des commentaires.\u00a0\u00bb \u00ab\u00a0Ah oui, c\u2019est vrai, je suis convaincu, donc les interpr\u00e9tations qui se font sont que des racontars\u00a0? Par exemple, le fait que vous cachiez\u00a0une force spirituelle\u00a0dans le chapeau\u00a0\u00bb \u00ab\u00a0 Fofo\u00a0\u00bb (grand fr\u00e8re m\u2019a t il d\u00e9sign\u00e9) une force spirituelle\u00a0ne peut \u00eatre conserv\u00e9 dans un chapeau, il y a plusieurs partie\u00a0du corps qui peuvent dissimuler des choses. Les gens ont la hanche, pour mettre sous protection leurs forces. \u00c9coute, Carlos, le Roi n\u2019\u00f4te pas son chapeau. M\u00eame devant le chef de l\u2019Etat, le Roi exprime son \u00a0respect de l\u2019autorit\u00e9 en posant l\u00e9g\u00e8rement la main sur le chapeau, c\u2019est ce que je fais\u00a0\u00bb m\u2019a t-il confi\u00e9 avant d\u2019aller reprendre sa place \u00a0devant l\u2019admiration des passagers \u00e0 bords. Certains parmi eux m\u2019ont emboit\u00e9 le pas en prenant quelques photos dans l\u2019avion avec King Mensah. Ce n\u2019est pas tous les jours qu\u2019on rencontre aussi facilement les chouchous des m\u00e9lomanes.\u00a0\u00bb<\/p>\n<p>La pol\u00e9mique autour du chapeau est donc lev\u00e9e. Le Roi King\u00a0Mensah\u00a0exprime tout simplement la marque de la royaut\u00e9 en maintenant la couronne sur la t\u00eate. Mais pas partout nous a\u00a0\u00a0t il dit dans une rigolade\u00a0: \u00ab\u00a0est-ce que je me lave le chapeau \u00e0 la t\u00eate\u00a0?\u00a0\u00bbL\u2019artiste de la chanson togolaise vient de boucler une tourn\u00e9e europ\u00e9enne plut\u00f4t satisfaisante \u00e0 travers la Belgique, l\u2019Allemagne, la Suisse, l\u2019Italie et la France.<\/p>\n<p>Des surprises pour les f\u00eates de fin d\u2019ann\u00e9es ne sont pas exclues de son agenda. Il annonce d\u2019ailleurs deux clips in\u00e9dits pour dire merci \u00e0 Dieu.<\/p>\n<p>Et comme pour rejoindre Bella, cette internaute\u00a0de France, le Roi Papavi garde son charme m\u00eame sans chapeau.\u00a0 Avis\u2026<\/p>\n<p>\u00a0<strong><em>Sarah-Jennifer\u00a0 <\/em><\/strong><em>L&#8217;Ind\u00e9pendant Express<\/em><strong><em> <\/em><\/strong><\/p>\n","protected":false},"excerpt":{"rendered":"<p>King\u00a0Mensah a ot\u00e9 son chapeau et m\u2019a montr\u00e9 sa t\u00eate dans l\u2019avion suite au r\u00e9cent d\u00e9bat sur le sujet.<\/p>\n","protected":false},"author":7,"featured_media":0,"comment_status":"closed","ping_status":"open","sticky":false,"template":"","format":"standard","meta":[],"categories":[1],"tags":[112],"_links":{"self":[{"href":"http:\/\/mtn-togo.org\/index.php?rest_route=\/wp\/v2\/posts\/2264"}],"collection":[{"href":"http:\/\/mtn-togo.org\/index.php?rest_route=\/wp\/v2\/posts"}],"about":[{"href":"http:\/\/mtn-togo.org\/index.php?rest_route=\/wp\/v2\/types\/post"}],"author":[{"embeddable":true,"href":"http:\/\/mtn-togo.org\/index.php?rest_route=\/wp\/v2\/users\/7"}],"replies":[{"embeddable":true,"href":"http:\/\/mtn-togo.org\/index.php?rest_route=%2Fwp%2Fv2%2Fcomments&post=2264"}],"version-history":[{"count":2,"href":"http:\/\/mtn-togo.org\/index.php?rest_route=\/wp\/v2\/posts\/2264\/revisions"}],"predecessor-version":[{"id":2267,"href":"http:\/\/mtn-togo.org\/index.php?rest_route=\/wp\/v2\/posts\/2264\/revisions\/2267"}],"wp:attachment":[{"href":"http:\/\/mtn-togo.org\/index.php?rest_route=%2Fwp%2Fv2%2Fmedia&parent=2264"}],"wp:term":[{"taxonomy":"category","embeddable":true,"href":"http:\/\/mtn-togo.org\/index.php?rest_route=%2Fwp%2Fv2%2Fcategories&post=2264"},{"taxonomy":"post_tag","embeddable":true,"href":"http:\/\/mtn-togo.org\/index.php?rest_route=%2Fwp%2Fv2%2Ftags&post=2264"}],"curies":[{"name":"wp","href":"https:\/\/api.w.org\/{rel}","templated":true}]}}