{"id":2268,"date":"2012-11-13T06:57:21","date_gmt":"2012-11-13T12:57:21","guid":{"rendered":"http:\/\/mtn-togo.org\/?p=2268"},"modified":"2012-11-13T06:57:21","modified_gmt":"2012-11-13T12:57:21","slug":"togo-magistral-dribble-du-premier-ministre-aux-centrales-syndicales","status":"publish","type":"post","link":"http:\/\/mtn-togo.org\/?p=2268","title":{"rendered":"TOGO: Magistral dribble du Premier ministre aux centrales syndicales"},"content":{"rendered":"<p><a href=\"http:\/\/mtn-togo.org\/wp-content\/uploads\/2012\/11\/Marche_revendicatrice_des_travailleurs_togolais.jpg\"><img loading=\"lazy\" class=\"alignleft size-medium wp-image-2269\" title=\"Marche_revendicatrice_des_travailleurs_togolais\" src=\"http:\/\/mtn-togo.org\/wp-content\/uploads\/2012\/11\/Marche_revendicatrice_des_travailleurs_togolais-300x225.jpg\" alt=\"\" width=\"300\" height=\"225\" srcset=\"http:\/\/mtn-togo.org\/wp-content\/uploads\/2012\/11\/Marche_revendicatrice_des_travailleurs_togolais-300x225.jpg 300w, http:\/\/mtn-togo.org\/wp-content\/uploads\/2012\/11\/Marche_revendicatrice_des_travailleurs_togolais.jpg 469w\" sizes=\"(max-width: 300px) 100vw, 300px\" \/><\/a>Depuis 2009, les centrales syndicales tentent de faire de l\u2019adoption d\u2019un statut g\u00e9n\u00e9ral de la fonction publique, une obligation cat\u00e9gorique. Mais elles se doivent \u00e0 nouveau d\u2019\u00e9prouver leurs nerfs.<\/p>\n<p><!--more-->A l\u2019approche de l\u2019adoption de la loi de finances 2013, les centrales syndicales se montrent intraitables sur leur exigence de voire pr\u00e9alablement adopter, un nouveau statut g\u00e9n\u00e9ral de la fonction publique. Parents pauvres des r\u00e9formes proclam\u00e9es par le Gouvernement, les travailleurs tressaillent d\u2019impatience de voir am\u00e9liorer leurs conditions de r\u00e9mun\u00e9ration et de travail. Plusieurs centrales syndicales ont menac\u00e9 d\u2019entrer en gr\u00e8ve le 26 octobre 2012. Une menace qui n\u2019a pas \u00e9t\u00e9 mise en ex\u00e9cution pour cause d\u2019une rencontre programm\u00e9e avec le Premier ministre.<\/p>\n<p>Rappelons que les centrales syndicales ont mis depuis longtemps leurs revendications en berne, en attendant le point d\u2019ach\u00e8vement de l\u2019initiative Pays Pauvres Tr\u00e8s Endett\u00e9s (PPTE), intervenu depuis l\u2019ann\u00e9e derni\u00e8re. Cette \u00e9ch\u00e9ance est suppos\u00e9e pouvoir permettre au pays de d\u00e9gager des ressources additionnelles pour investir dans les secteurs sociaux, tels que l\u2019eau, l\u2019\u00e9nergie, l\u2019enseignement, la sant\u00e9, l\u2019environnement.<\/p>\n<p>Une rencontre a \u00e9t\u00e9 convenue entre le Premier ministre Arth\u00e8me Ahoomey-Zunu et les centrales syndicales le 06 novembre, pour d\u00e9battre de la question. Mais au dernier moment, le Chef du Gouvernement a report\u00e9 la rencontre au motif qu\u2019il entend r\u00e9gler les derniers d\u00e9tails avec le Chef de l\u2019Etat. L\u2019adoption du statut g\u00e9n\u00e9ral de la fonction publique, devant avoir des incidences financi\u00e8res sur le budget. \u00ab Le Premier ministre a promis nous rencontrer le mardi prochain \u00bb, a annonc\u00e9 le Secr\u00e9taire G\u00e9n\u00e9ral de la Conf\u00e9d\u00e9ration G\u00e9n\u00e9rale des Cadres du Togo (CGCT), Ephrem\u00a0Tsikplonou.<\/p>\n<p>Ce dernier est le symbole de la d\u00e9ch\u00e9ance de l\u2019action syndicale au Togo, pour avoir particip\u00e9 au Cadre Permanent de Dialogue et de Concertation (CPDC), qui a permis au pouvoir en place, de rejeter les r\u00e9formes politiques convenues dans l\u2019Accord Politique Global (APG) depuis 2006, aux calendes grecques. \u00ab Le temps est compt\u00e9 pour nous, car si le statut n\u2019est pas adopt\u00e9 avant la loi de finances, il va nous falloir attendre l\u2019ann\u00e9e prochaine \u00bb, se lamente un travailleur qui fustige la corruption du leadership syndical au Togo. Un des anciens leaders syndicaux n\u2019est autre que le ministre Nicou\u00e9 Broom. Ce qui fait croire \u00e0 certains que les responsables syndicaux sont plus pr\u00e9occup\u00e9s \u00e0 se servir de leurs positions comme un moyen d\u2019ascension politique.<\/p>\n<p>\u00ab Le Premier ministre nous avait dribbl\u00e9 le 06 novembre dernier, mais tout semble \u00eatre fin pr\u00eat pour qu\u2019il nous rencontre en d\u00e9but de semaine prochaine \u00bb, rassure Ephrem\u00a0Tsiklponou. De son c\u00f4t\u00e9, consid\u00e9r\u00e9 comme proche du pouvoir, le Secr\u00e9taire G\u00e9n\u00e9ral de la Conf\u00e9d\u00e9ration G\u00e9n\u00e9rale des Travailleurs du Togo (CNTT) Yves Palanga estime que \u00ab l\u2019adoption du nouveau statut g\u00e9n\u00e9ral de la fonction publique avant celle de la loi de finances de 2013, est une n\u00e9cessit\u00e9 \u00bb.<\/p>\n<p>La semaine prochaine promet beaucoup en rebondissement sur ce plan, car la Conf\u00e9d\u00e9ration Syndicale des Travailleurs du Togo (CSTT) qui a largement gagn\u00e9 les \u00e9lections sociales, n\u2019est pas encore entr\u00e9e en jeu, et compte le faire avec d\u00e9termination pour permettre aux travailleurs de souffler un tant soit peu. Le statut g\u00e9n\u00e9ral de la fonction publique actuel date de plus de 40 ans.<br \/>\nAghu<\/p>\n<p>Source koaci.com<\/p>\n","protected":false},"excerpt":{"rendered":"<p>Depuis 2009, les centrales syndicales tentent de faire de l\u2019adoption d\u2019un statut g\u00e9n\u00e9ral de la fonction publique, une obligation cat\u00e9gorique. Mais elles se doivent \u00e0 nouveau d\u2019\u00e9prouver leurs nerfs.<\/p>\n","protected":false},"author":7,"featured_media":0,"comment_status":"closed","ping_status":"open","sticky":false,"template":"","format":"standard","meta":[],"categories":[1],"tags":[113],"_links":{"self":[{"href":"http:\/\/mtn-togo.org\/index.php?rest_route=\/wp\/v2\/posts\/2268"}],"collection":[{"href":"http:\/\/mtn-togo.org\/index.php?rest_route=\/wp\/v2\/posts"}],"about":[{"href":"http:\/\/mtn-togo.org\/index.php?rest_route=\/wp\/v2\/types\/post"}],"author":[{"embeddable":true,"href":"http:\/\/mtn-togo.org\/index.php?rest_route=\/wp\/v2\/users\/7"}],"replies":[{"embeddable":true,"href":"http:\/\/mtn-togo.org\/index.php?rest_route=%2Fwp%2Fv2%2Fcomments&post=2268"}],"version-history":[{"count":3,"href":"http:\/\/mtn-togo.org\/index.php?rest_route=\/wp\/v2\/posts\/2268\/revisions"}],"predecessor-version":[{"id":2272,"href":"http:\/\/mtn-togo.org\/index.php?rest_route=\/wp\/v2\/posts\/2268\/revisions\/2272"}],"wp:attachment":[{"href":"http:\/\/mtn-togo.org\/index.php?rest_route=%2Fwp%2Fv2%2Fmedia&parent=2268"}],"wp:term":[{"taxonomy":"category","embeddable":true,"href":"http:\/\/mtn-togo.org\/index.php?rest_route=%2Fwp%2Fv2%2Fcategories&post=2268"},{"taxonomy":"post_tag","embeddable":true,"href":"http:\/\/mtn-togo.org\/index.php?rest_route=%2Fwp%2Fv2%2Ftags&post=2268"}],"curies":[{"name":"wp","href":"https:\/\/api.w.org\/{rel}","templated":true}]}}