{"id":2278,"date":"2012-11-15T08:11:24","date_gmt":"2012-11-15T14:11:24","guid":{"rendered":"http:\/\/mtn-togo.org\/?p=2278"},"modified":"2012-11-15T08:11:48","modified_gmt":"2012-11-15T14:11:48","slug":"faure-gnassingbe-est-malade-de-quoi-souffre-t-il","status":"publish","type":"post","link":"http:\/\/mtn-togo.org\/?p=2278","title":{"rendered":"Faure Gnassingb\u00e9 est malade. De quoi souffre t-il ?"},"content":{"rendered":"<p>\u00a0<a href=\"http:\/\/mtn-togo.org\/wp-content\/uploads\/2012\/11\/Faure_Gnassingb\u00e9.jpg\"><img loading=\"lazy\" class=\"alignleft size-full wp-image-2279\" title=\"Faure_Gnassingb\u00e9\" src=\"http:\/\/mtn-togo.org\/wp-content\/uploads\/2012\/11\/Faure_Gnassingb\u00e9.jpg\" alt=\"\" width=\"395\" height=\"300\" srcset=\"http:\/\/mtn-togo.org\/wp-content\/uploads\/2012\/11\/Faure_Gnassingb\u00e9.jpg 395w, http:\/\/mtn-togo.org\/wp-content\/uploads\/2012\/11\/Faure_Gnassingb\u00e9-300x227.jpg 300w\" sizes=\"(max-width: 395px) 100vw, 395px\" \/><\/a>\u00abLe chef de l\u2019Etat a de s\u00e9rieux soucis de sant\u00e9 et ne peut pas faire deux semaines au Togo sans se rendre en Italie \u00bb, nous a confi\u00e9 en juillet dernier un ancien d\u00e9put\u00e9. <!--more-->Et depuis sa bruyante absence au symposium du cinquantenaire de la BCEAO\u00a0\u00e0 Dakar le 3 novembre dernier, les rumeurs enflent tant au Togo qu\u2019\u00e0 l\u2019ext\u00e9rieur. De quoi souffre Faure Gnassingb\u00e9 ?<\/p>\n<div>La qu\u00eate permanente de l\u2019aura internationale reste\u00a0le violon d\u2019Ingres de Faure\u00a0Gnassingb\u00e9. Pr\u00e9sident en exercice de l\u2019Union \u00e9conomique et mon\u00e9taire ouest-africaine (UEMOA) depuis deux ans, il a toujours pris part aux nombreuses manifestations de cette institution. Et dans le cadre du 50\u00e8me anniversaire du franc CFA, il a prononc\u00e9 le 31 octobre dernier, un discours diffus\u00e9 par toutes les cha\u00eenes de t\u00e9l\u00e9visions nationales des huit pays de l\u2019UEMOA. Mais contre toute attente, il n\u2019\u00e9tait pas \u00e0 Dakar pour le symposium du cinquantenaire de la BCEAO. \u00ab Tout a \u00e9t\u00e9 fait pour accueillir le chef de l\u2019Etat togolais. Ce n\u2019est qu\u2019\u00e0 quelques heures de la c\u00e9r\u00e9monie solennelle que les services protocolaires du S\u00e9n\u00e9gal ont \u00e9t\u00e9 inform\u00e9s de l\u2019indisponibilit\u00e9 de M. Faure\u00a0Gnassingb\u00e9. Pour sauver alors la face, le pr\u00e9sident Macky Sall\u00a0a d\u00fb s\u2019improviser pr\u00e9sident en exercice de l\u2019UEMOA et faire le discours d\u2019ouverture \u00e0 sa place \u00bb, affirme un fonctionnaire de la BCEAO \u00e0 la retraite.<\/div>\n<div>\u00a0<\/div>\n<div>Etant all\u00e9s dans la capitale s\u00e9n\u00e9galaise dans le cadre du 5\u00e8me Forum des leaders des m\u00e9dias d\u2019Afrique, nous avons \u00e9t\u00e9 apostroph\u00e9s par plusieurs confr\u00e8res de l\u2019espace UEMOA. Pendant tout le forum, nous \u00e9tions accabl\u00e9s de questions : \u00ab Il semble que votre pr\u00e9sident a des ennuis de sant\u00e9 et que c\u2019est la raison pour laquelle il n\u2019\u00e9tait pas venu \u00e0 Dakar ? \u00bb, \u00ab De quoi souffre votre pr\u00e9sident ? \u00bb, \u00ab Est-ce que vous savez que votre pr\u00e9sident est all\u00e9 en Italie pour se faire soigner ? \u00bb.<\/div>\n<div>\u00a0<\/div>\n<div>Des questionnements qui nous ont\u00a0amen\u00e9s \u00e0 nous rem\u00e9morer les confidences qu\u2019un ancien d\u00e9put\u00e9 nous a faites dans le mois de juillet. \u00ab Le chef de l\u2019Etat a de s\u00e9rieux soucis de sant\u00e9 et ne peut pas faire deux semaines au Togo sans se rendre en Italie. Il y va souvent pour recevoir des soins. Tout se fait en toute discr\u00e9tion. Il fait comme s\u2019il est all\u00e9 \u00e0 Pya et de l\u00e0, il rallie l\u2019a\u00e9roport de Niamtougou\u00a0o\u00f9 l\u2019attend l\u2019habituel \u00ab Comfort Jet \u00bb. Parfois, pour donner l\u2019impression que le pays fonctionne, on simule des conseils des ministres. Comme on ne publie aucune image des conseils des ministres, des communiqu\u00e9s sont r\u00e9dig\u00e9s et les ministres passent \u00e0 la TVT pour leur fanfaronnade. Ceci dit, c\u2019est \u00e0 la t\u00e9l\u00e9 que certains ministres apprennent qu\u2019il y a eu conseil \u00bb, nous a-t-il expliqu\u00e9 tout en refusant de nous dire ce dont souffre le chef de l\u2019Etat qui est avant tout un \u00eatre de chair et de sang comme tout le monde.<\/div>\n<div>\u00a0<\/div>\n<div>En effet, le \u00ab fils de la nation \u00bb est parti en Italie le 31 octobre et n\u2019est rentr\u00e9 qu\u2019en d\u00e9but de semaine derni\u00e8re. Mais il y a un fait sur lequel s\u2019accordent tous les Togolais, c\u2019est que le chef de l\u2019Etat a commenc\u00e9 \u00e0 d\u00e9p\u00e9rir. Nombre de ceux qui ont eu \u00e0 suivre son discours sur la BCEAO ont fait le m\u00eame constat.<\/div>\n<div>\u00a0<\/div>\n<div>Mais de par le monde, les maladies des chefs d\u2019Etat sont rang\u00e9es dans la rubrique \u00ab top-secrets \u00bb. A force\u00a0de mettre en avant la sacralisation de leur fonction, on n\u2019oublie qu\u2019ils sont aussi des humains, des \u00eatres finis. Par exemple, le Docteur Claude Gubler, un des deux m\u00e9decins ayant suivi Fran\u00e7ois Mitterrand durant ses septennats, a \u00e9t\u00e9 radi\u00e9 de l\u2019Ordre des m\u00e9decins pour avoir r\u00e9v\u00e9l\u00e9 le cancer de son patient\u2026 Ce n\u2019est que plus tard qu\u2019il a \u00e9t\u00e9 r\u00e9habilit\u00e9 par la Cour europ\u00e9enne des droits de l\u2019homme.<\/div>\n<div>\u00a0<\/div>\n<div>En 2007, Nicolas Sarkozy avait promis une transparence totale sur le sujet. \u00ab Son malaise le 26 juillet 2009, apr\u00e8s son jogging dans la r\u00e9sidence d\u2019Etat de la Lanterne, lui avait prouv\u00e9 qu\u2019une telle promesse n\u2019\u00e9tait pas tenable. Etouff\u00e9 par les m\u00e9dias, cet \u00e9pisode avait tout de m\u00eame inqui\u00e9t\u00e9 le commandant de police Michel B\u00e9nard t\u00e9moin de la sc\u00e8ne qui raconte ce qu\u2019il a vu dans le livre. D\u2019apr\u00e8s son t\u00e9moignage, le pr\u00e9sident \u00e9tait pass\u00e9, en quelques minutes, d\u2019un \u00e9tat de grande faiblesse \u2013 les \u00ab yeux r\u00e9vuls\u00e9s \u00bb &#8211; \u00e0 un comportement irresponsable, tr\u00e9pignant d\u2019impatience pour qu\u2019on veuille bien le laisser tranquille \u00bb, avait \u00e9crit \u00ab Le Parisien \u00bb du 10 avril 2012.<\/div>\n<div>\u00a0<\/div>\n<div>Et avec les chefs d\u2019Etat des r\u00e9publiques banani\u00e8res, il ne faut pas croire au miracle. M\u00eame malades, ils se cramponnent au pouvoir, quitte \u00e0 voter dans leur voiture comme l\u2019avait fait en son temps un certain Lansana Cont\u00e9.<\/div>\n<div>\u00a0<\/div>\n<div>R. K\u00e9djagni ( <strong>Liberte-Togo.com<\/strong> )<\/div>\n","protected":false},"excerpt":{"rendered":"<p>\u00a0\u00abLe chef de l\u2019Etat a de s\u00e9rieux soucis de sant\u00e9 et ne peut pas faire deux semaines au Togo sans se rendre en Italie \u00bb, nous a confi\u00e9 en juillet dernier un ancien d\u00e9put\u00e9.<\/p>\n","protected":false},"author":7,"featured_media":0,"comment_status":"closed","ping_status":"open","sticky":false,"template":"","format":"standard","meta":[],"categories":[1],"tags":[115],"_links":{"self":[{"href":"http:\/\/mtn-togo.org\/index.php?rest_route=\/wp\/v2\/posts\/2278"}],"collection":[{"href":"http:\/\/mtn-togo.org\/index.php?rest_route=\/wp\/v2\/posts"}],"about":[{"href":"http:\/\/mtn-togo.org\/index.php?rest_route=\/wp\/v2\/types\/post"}],"author":[{"embeddable":true,"href":"http:\/\/mtn-togo.org\/index.php?rest_route=\/wp\/v2\/users\/7"}],"replies":[{"embeddable":true,"href":"http:\/\/mtn-togo.org\/index.php?rest_route=%2Fwp%2Fv2%2Fcomments&post=2278"}],"version-history":[{"count":2,"href":"http:\/\/mtn-togo.org\/index.php?rest_route=\/wp\/v2\/posts\/2278\/revisions"}],"predecessor-version":[{"id":2281,"href":"http:\/\/mtn-togo.org\/index.php?rest_route=\/wp\/v2\/posts\/2278\/revisions\/2281"}],"wp:attachment":[{"href":"http:\/\/mtn-togo.org\/index.php?rest_route=%2Fwp%2Fv2%2Fmedia&parent=2278"}],"wp:term":[{"taxonomy":"category","embeddable":true,"href":"http:\/\/mtn-togo.org\/index.php?rest_route=%2Fwp%2Fv2%2Fcategories&post=2278"},{"taxonomy":"post_tag","embeddable":true,"href":"http:\/\/mtn-togo.org\/index.php?rest_route=%2Fwp%2Fv2%2Ftags&post=2278"}],"curies":[{"name":"wp","href":"https:\/\/api.w.org\/{rel}","templated":true}]}}